{"id":340231,"date":"2026-09-03T08:41:14","date_gmt":"2026-09-03T08:41:14","guid":{"rendered":"https:\/\/www.europesays.com\/fi\/340231\/"},"modified":"2026-09-03T08:41:14","modified_gmt":"2026-09-03T08:41:14","slug":"seiska-jari-matti-latvalalla-uusi-parisuhde","status":"publish","type":"post","link":"https:\/\/www.europesays.com\/fi\/340231\/","title":{"rendered":"Seiska: Jari-Matti Latvalalla uusi parisuhde"},"content":{"rendered":"<p>Rallikonkari poistui Seiskan mukaan sinkkumarkkinoilta.<\/p>\n<p><img decoding=\"async\" class=\"image image-show image-preview\" src=\"https:\/\/www.europesays.com\/fi\/wp-content\/uploads\/2026\/09\/1895299de988626bcb99d3c8fc8d3c15ae9fc7dd4f901dc9a7ff23e3a0e8b32c.jpg\" alt=\"\"\/><img decoding=\"async\" class=\"image image-show\" src=\"https:\/\/www.europesays.com\/fi\/wp-content\/uploads\/2026\/09\/1788424874_285_1895299de988626bcb99d3c8fc8d3c15ae9fc7dd4f901dc9a7ff23e3a0e8b32c.jpg\" alt=\"\"\/><\/p>\n<p>Jari-Matti Latvala on viett\u00e4nyt t\u00e4ll\u00e4 viikolla aikaa Helsingin k\u00e4r\u00e4j\u00e4oikeudessa. Maarit Pohjanpalo<\/p>\n<p class=\"paragraph\"><strong>Jari-Matti Latvala<\/strong>, 41, my\u00f6nsi <a href=\"https:\/\/www.seiska.fi\/vain-seiskassa\/jari-matti-latvalan-jattiyllatys-suhdeuutinen\/2244421\" target=\"_blank\" rel=\"noopener nofollow\">Seiskalle<\/a> el\u00e4v\u00e4ns\u00e4 nyky\u00e4\u00e4n parisuhteessa.<\/p>\n<p class=\"paragraph\">\u2013 Olen tapaillut nyt jonkun aikaa er\u00e4st\u00e4 naishenkil\u00f6\u00e4, Latvala kertoi Seiskalle jo alkukes\u00e4st\u00e4.<\/p>\n<p class=\"paragraph\">Elokuun loppupuolella ajetussa Lahti Historic Rallyssa Seiska kysyi rattimiehelt\u00e4 suoraan, onko h\u00e4n viel\u00e4 sinkkumarkkinoilla.<\/p>\n<p class=\"paragraph\">\u2013 En ole, Latvala oli vastannut hymyillen.<\/p>\n<p class=\"paragraph\">H\u00e4n ei halunnut kommentoida parisuhdeasiaa enemp\u00e4\u00e4.<\/p>\n<p class=\"paragraph\">Latvala on t\u00e4ll\u00e4 hetkell\u00e4 keskell\u00e4 veropetosoikeudenk\u00e4ynti\u00e4, jossa syytt\u00e4j\u00e4 vaatii ralli-ikonille kolmen vuoden ehdotonta vankeusrangaistusta. Latvala maksoi jo kolme vuotta sitten 4,5 miljoonan euron veror\u00e4stins\u00e4, mutta vankeus uhkaa edelleen.<\/p>\n","protected":false},"excerpt":{"rendered":"Rallikonkari poistui Seiskan mukaan sinkkumarkkinoilta. Jari-Matti Latvala on viett\u00e4nyt t\u00e4ll\u00e4 viikolla aikaa Helsingin k\u00e4r\u00e4j\u00e4oikeudessa. Maarit Pohjanpalo Jari-Matti Latvala,&hellip;\n","protected":false},"author":2,"featured_media":340232,"comment_status":"","ping_status":"","sticky":false,"template":"","format":"standard","meta":{"footnotes":"","_share_on_mastodon":"0"},"categories":[158],"tags":[35,33,31,30,53,41,977,976,1726,159,32,160],"class_list":["post-340231","post","type-post","status-publish","format-standard","has-post-thumbnail","category-urheilu","tag-24h","tag-fi","tag-finland","tag-finnish","tag-laki-oikeus-ja-rikos","tag-liikunta-ja-urheilu","tag-oikeusistuimet","tag-oikeusprosessit","tag-rangaistukset","tag-sports","tag-suomi","tag-urheilu"],"share_on_mastodon":{"url":"https:\/\/pubeurope.com\/@fi\/117206220291366004","error":""},"_links":{"self":[{"href":"https:\/\/www.europesays.com\/fi\/wp-json\/wp\/v2\/posts\/340231","targetHints":{"allow":["GET"]}}],"collection":[{"href":"https:\/\/www.europesays.com\/fi\/wp-json\/wp\/v2\/posts"}],"about":[{"href":"https:\/\/www.europesays.com\/fi\/wp-json\/wp\/v2\/types\/post"}],"author":[{"embeddable":true,"href":"https:\/\/www.europesays.com\/fi\/wp-json\/wp\/v2\/users\/2"}],"replies":[{"embeddable":true,"href":"https:\/\/www.europesays.com\/fi\/wp-json\/wp\/v2\/comments?post=340231"}],"version-history":[{"count":0,"href":"https:\/\/www.europesays.com\/fi\/wp-json\/wp\/v2\/posts\/340231\/revisions"}],"wp:featuredmedia":[{"embeddable":true,"href":"https:\/\/www.europesays.com\/fi\/wp-json\/wp\/v2\/media\/340232"}],"wp:attachment":[{"href":"https:\/\/www.europesays.com\/fi\/wp-json\/wp\/v2\/media?parent=340231"}],"wp:term":[{"taxonomy":"category","embeddable":true,"href":"https:\/\/www.europesays.com\/fi\/wp-json\/wp\/v2\/categories?post=340231"},{"taxonomy":"post_tag","embeddable":true,"href":"https:\/\/www.europesays.com\/fi\/wp-json\/wp\/v2\/tags?post=340231"}],"curies":[{"name":"wp","href":"https:\/\/api.w.org\/{rel}","templated":true}]}}