{"id":340239,"date":"2026-09-03T08:47:16","date_gmt":"2026-09-03T08:47:16","guid":{"rendered":"https:\/\/www.europesays.com\/fi\/340239\/"},"modified":"2026-09-03T08:47:16","modified_gmt":"2026-09-03T08:47:16","slug":"korkeasaareen-syntyi-porroisia-uhanalaisia-elaimia","status":"publish","type":"post","link":"https:\/\/www.europesays.com\/fi\/340239\/","title":{"rendered":"Korkeasaareen syntyi p\u00f6rr\u00f6isi\u00e4 uhanalaisia el\u00e4imi\u00e4"},"content":{"rendered":"<p>Korkeasaaren amurinleopardi\u00adurokselle on etsitty lis\u00e4\u00e4ntymiskumppania jo vuosien ajan.<\/p>\n<p class=\"font-(family-name:--picture-caption-font-family) text-(length:--picture-caption-font-size) leading-(--picture-caption-leading) font-(--picture-caption-font-weight) text-(color:--picture-caption-color)\">Korkeasaaren amurinleopardipennut vietiin terveystarkastukseen. Video:\u00a0Annika Sorjonen \/ Korkeasaaren el\u00e4intarha<\/p>\n<p class=\"article-body mb-(--paragraph-margin-b) px-nof-16\">Korkeasaaren amurinleopardi on saanut pentuja. Amurinleopardi on maailman uhanalaisin iso kissael\u00e4in.<\/p>\n<p class=\"article-body mb-(--paragraph-margin-b) px-nof-16\">Pennut ovat amurinleopardiparin ensimm\u00e4iset, ja ne ovat nyt viiden viikon ik\u00e4isi\u00e4.<\/p>\n<p class=\"article-body mb-(--paragraph-margin-b) px-nof-16\">Korkeasaari kertoo tiedotteessaan, ett\u00e4 el\u00e4intarha on yritt\u00e4nyt saada leopardit lis\u00e4\u00e4ntym\u00e4\u00e4n jo pidemm\u00e4n aikaa, koska pennut tuovat tarhakantaan t\u00e4rke\u00e4\u00e4 geneettist\u00e4 monimuotoisuutta.<\/p>\n<p><img decoding=\"async\" src=\"https:\/\/www.europesays.com\/fi\/wp-content\/uploads\/2026\/09\/1788425233_276_468.jpg\" alt=\"Viiden viikon ik\u00e4inen naaraspentu.\" class=\"_Img_1rerz_1\" style=\"aspect-ratio:1920\/1280\" loading=\"eager\"\/><\/p>\n<p class=\"font-(family-name:--picture-caption-font-family) text-(length:--picture-caption-font-size) leading-(--picture-caption-leading) font-(--picture-caption-font-weight) text-(color:--picture-caption-color) picture-with-caption__caption picture-with-caption__caption--default-full\">Viiden viikon ik\u00e4inen naaraspentu. Kuva:\u00a0Annika Sorjonen<\/p>\n<p><img decoding=\"async\" src=\"https:\/\/www.europesays.com\/fi\/wp-content\/uploads\/2026\/09\/1788425233_831_468.jpg\" alt=\"Viiden viikon ik\u00e4inen urospentu.\" class=\"_Img_1rerz_1\" style=\"aspect-ratio:1920\/1080\" loading=\"eager\"\/><\/p>\n<p class=\"font-(family-name:--picture-caption-font-family) text-(length:--picture-caption-font-size) leading-(--picture-caption-leading) font-(--picture-caption-font-weight) text-(color:--picture-caption-color) picture-with-caption__caption picture-with-caption__caption--default-full\">Viiden viikon ik\u00e4inen urospentu. Kuva:\u00a0Annika Sorjonen<\/p>\n<p class=\"article-body mb-(--paragraph-margin-b) px-nof-16\">Pentujen is\u00e4 on 8-vuotias Timba. Sille on tiedotteen mukaan etsitty sopivaa lis\u00e4\u00e4ntymiskumppania eurooppalaisten el\u00e4intarhojen EEP-suojeluohjelmaan kuuluvista el\u00e4intarhoista viiden vuoden ajan. Pentujen emo on 7-vuotias Youmi, jonka kanssa yhteinen s\u00e4vel l\u00f6ytyi heti.<\/p>\n<p class=\"article-body mb-(--paragraph-margin-b) px-nof-16\">Tiedotteessa kerrotaan, ett\u00e4 el\u00e4intenhoitajat n\u00e4kiv\u00e4t hein\u00e4kuun lopulla pes\u00e4kamerasta, ett\u00e4 naaras vet\u00e4ytyi pes\u00e4koppiin synnytt\u00e4m\u00e4\u00e4n. Emo synnytti kolme pentua, joista kaksi syntyi el\u00e4vin\u00e4.<\/p>\n<p class=\"article-body mb-(--paragraph-margin-b) px-nof-16\">Pennuista toinen on uros ja toinen naaras. Ne painavat nyt viiden viikon ik\u00e4isin\u00e4 2,5 kiloa. Laji on \u00e4\u00e4rimm\u00e4isen uhanalainen. Amurinleopardeja arvioidaan olevan luonnossa 130 yksil\u00f6\u00e4.<\/p>\n<p><img decoding=\"async\" src=\"https:\/\/www.europesays.com\/fi\/wp-content\/uploads\/2026\/09\/1788425234_567_468.jpg\" alt=\"Tiedotteessa kerrotaan, ett\u00e4 pennut tulevat saamaan S-kirjaimella alkavat nimet.\" class=\"_Img_1rerz_1\" style=\"aspect-ratio:1920\/1080\" loading=\"eager\"\/><\/p>\n<p class=\"font-(family-name:--picture-caption-font-family) text-(length:--picture-caption-font-size) leading-(--picture-caption-leading) font-(--picture-caption-font-weight) text-(color:--picture-caption-color) picture-with-caption__caption picture-with-caption__caption--default-full\">Tiedotteessa kerrotaan, ett\u00e4 pennut tulevat saamaan S-kirjaimella alkavat nimet. Kuva:\u00a0Annika Sorjonen<\/p>\n<p><img decoding=\"async\" src=\"https:\/\/www.europesays.com\/fi\/wp-content\/uploads\/2026\/09\/1788425234_76_468.jpg\" alt=\"Emo ei viel\u00e4 p\u00e4\u00e4st\u00e4 pentuja ulos pes\u00e4st\u00e4. Ne alkavat seikkailla pes\u00e4n ulkopuolella kuitenkin viimeist\u00e4\u00e4n kahden kuukauden i\u00e4ss\u00e4.\" class=\"_Img_1rerz_1\" style=\"aspect-ratio:1920\/1280\" loading=\"eager\"\/><\/p>\n<p class=\"font-(family-name:--picture-caption-font-family) text-(length:--picture-caption-font-size) leading-(--picture-caption-leading) font-(--picture-caption-font-weight) text-(color:--picture-caption-color) picture-with-caption__caption picture-with-caption__caption--default-full\">Emo ei viel\u00e4 p\u00e4\u00e4st\u00e4 pentuja ulos pes\u00e4st\u00e4. Ne alkavat seikkailla pes\u00e4n ulkopuolella kuitenkin viimeist\u00e4\u00e4n kahden kuukauden i\u00e4ss\u00e4. Kuva:\u00a0Annika Sorjonen \/ Korkeasaaren el\u00e4intarha<\/p>\n<p><img decoding=\"async\" src=\"https:\/\/www.europesays.com\/fi\/wp-content\/uploads\/2026\/09\/1788425235_293_468.jpg\" alt=\"Pentujen emo on 7-vuotias Youmi. \u2013 Ensisynnytt\u00e4j\u00e4ksi se on ollut tosi rauhallinen pentujen kanssa, ihan kuin olisi hoitanut niit\u00e4 ennenkin, kertoo el\u00e4intenhoitaja Jonne Stenroth tiedotteessa.\" class=\"_Img_1rerz_1\" style=\"aspect-ratio:1920\/1080\" loading=\"eager\"\/><\/p>\n<p class=\"font-(family-name:--picture-caption-font-family) text-(length:--picture-caption-font-size) leading-(--picture-caption-leading) font-(--picture-caption-font-weight) text-(color:--picture-caption-color) picture-with-caption__caption picture-with-caption__caption--default-full\">Pentujen emo on 7-vuotias Youmi. \u2013 Ensisynnytt\u00e4j\u00e4ksi se on ollut tosi rauhallinen pentujen kanssa, ihan kuin olisi hoitanut niit\u00e4 ennenkin, kertoo el\u00e4intenhoitaja Jonne Stenroth tiedotteessa. Kuva:\u00a0Annika Sorjonen<\/p>\n<p><img decoding=\"async\" src=\"https:\/\/www.europesays.com\/fi\/wp-content\/uploads\/2026\/09\/1788425235_97_468.jpg\" alt=\"Pentujen is\u00e4 on 8-vuotias Timba. Se ei osallistu niiden hoitamiseen, sill\u00e4 leopardit ovat kiima-ajan ulkopuolella yksinel\u00e4ji\u00e4.\" class=\"_Img_1rerz_1\" style=\"aspect-ratio:1920\/1280\" loading=\"eager\"\/><\/p>\n<p class=\"font-(family-name:--picture-caption-font-family) text-(length:--picture-caption-font-size) leading-(--picture-caption-leading) font-(--picture-caption-font-weight) text-(color:--picture-caption-color) picture-with-caption__caption picture-with-caption__caption--default-full\">Pentujen is\u00e4 on 8-vuotias Timba. Se ei osallistu niiden hoitamiseen, sill\u00e4 leopardit ovat kiima-ajan ulkopuolella yksinel\u00e4ji\u00e4. Kuva:\u00a0Annika Sorjonen<\/p>\n<p><img decoding=\"async\" src=\"https:\/\/www.europesays.com\/fi\/wp-content\/uploads\/2026\/09\/1788425236_424_468.jpg\" alt=\"Pennut on punnittu, matol\u00e4\u00e4kitty ja merkitty tunnistussirulla. Lis\u00e4ksi niiden yksil\u00f6llisist\u00e4 turkin kuvioista on otettu tunnistuskuvat.\" class=\"_Img_1rerz_1\" style=\"aspect-ratio:1920\/1080\" loading=\"eager\"\/><\/p>\n<p class=\"font-(family-name:--picture-caption-font-family) text-(length:--picture-caption-font-size) leading-(--picture-caption-leading) font-(--picture-caption-font-weight) text-(color:--picture-caption-color) picture-with-caption__caption picture-with-caption__caption--default-full\">Pennut on punnittu, matol\u00e4\u00e4kitty ja merkitty tunnistussirulla. Lis\u00e4ksi niiden yksil\u00f6llisist\u00e4 turkin kuvioista on otettu tunnistuskuvat. Kuva:\u00a0Annika Sorjonen<\/p>\n","protected":false},"excerpt":{"rendered":"Korkeasaaren amurinleopardi\u00adurokselle on etsitty lis\u00e4\u00e4ntymiskumppania jo vuosien ajan. Korkeasaaren amurinleopardipennut vietiin terveystarkastukseen. Video:\u00a0Annika Sorjonen \/ Korkeasaaren el\u00e4intarha Korkeasaaren&hellip;\n","protected":false},"author":2,"featured_media":340240,"comment_status":"","ping_status":"","sticky":false,"template":"","format":"standard","meta":{"footnotes":"","_share_on_mastodon":"0"},"categories":[12],"tags":[22,23,26,27,33,31,30,17,34,24,25,28,29,15,18,21,32,19,20,16],"class_list":["post-340239","post","type-post","status-publish","format-standard","has-post-thumbnail","category-suomi","tag-breaking-news","tag-breakingnews","tag-featured-news","tag-featurednews","tag-fi","tag-finland","tag-finnish","tag-headlines","tag-ilta-sanomat","tag-latest-news","tag-latestnews","tag-main-news","tag-mainnews","tag-news","tag-otsikot","tag-paauutiset","tag-suomi","tag-top-stories","tag-topstories","tag-uutiset"],"share_on_mastodon":{"url":"https:\/\/pubeurope.com\/@fi\/117206244019036338","error":""},"_links":{"self":[{"href":"https:\/\/www.europesays.com\/fi\/wp-json\/wp\/v2\/posts\/340239","targetHints":{"allow":["GET"]}}],"collection":[{"href":"https:\/\/www.europesays.com\/fi\/wp-json\/wp\/v2\/posts"}],"about":[{"href":"https:\/\/www.europesays.com\/fi\/wp-json\/wp\/v2\/types\/post"}],"author":[{"embeddable":true,"href":"https:\/\/www.europesays.com\/fi\/wp-json\/wp\/v2\/users\/2"}],"replies":[{"embeddable":true,"href":"https:\/\/www.europesays.com\/fi\/wp-json\/wp\/v2\/comments?post=340239"}],"version-history":[{"count":0,"href":"https:\/\/www.europesays.com\/fi\/wp-json\/wp\/v2\/posts\/340239\/revisions"}],"wp:featuredmedia":[{"embeddable":true,"href":"https:\/\/www.europesays.com\/fi\/wp-json\/wp\/v2\/media\/340240"}],"wp:attachment":[{"href":"https:\/\/www.europesays.com\/fi\/wp-json\/wp\/v2\/media?parent=340239"}],"wp:term":[{"taxonomy":"category","embeddable":true,"href":"https:\/\/www.europesays.com\/fi\/wp-json\/wp\/v2\/categories?post=340239"},{"taxonomy":"post_tag","embeddable":true,"href":"https:\/\/www.europesays.com\/fi\/wp-json\/wp\/v2\/tags?post=340239"}],"curies":[{"name":"wp","href":"https:\/\/api.w.org\/{rel}","templated":true}]}}