{"id":340241,"date":"2026-09-03T08:48:12","date_gmt":"2026-09-03T08:48:12","guid":{"rendered":"https:\/\/www.europesays.com\/fi\/340241\/"},"modified":"2026-09-03T08:48:12","modified_gmt":"2026-09-03T08:48:12","slug":"hotelli-punkaharjun-omistaja-thomas-zilliacus-seka-valo-ja-aanitaiteilija-marko-hakkinen-ovat-ostaneet-punkaharjun-retretin","status":"publish","type":"post","link":"https:\/\/www.europesays.com\/fi\/340241\/","title":{"rendered":"Hotelli Punkaharjun omistaja Thomas Zilliacus sek\u00e4 valo- ja \u00e4\u00e4nitaiteilija Marko H\u00e4kkinen ovat ostaneet Punkaharjun Retretin"},"content":{"rendered":"<p>\ttorstaina 3. syyskuuta 2026<\/p>\n<p class=\"wp-block-paragraph\"><strong>Kes\u00e4n menestykseksi noussut Maan pulssi -n\u00e4yttely k\u00e4ynnisti tapahtumaketjun, jonka my\u00f6t\u00e4 Thomas Zilliacus ja Marko H\u00e4kkinen ovat ostaneet Retretin. Uusien omistajien tavoitteena on rakentaa koko Punkaharjun alueesta kansallisesti ja kansainv\u00e4lisesti kiinnostava ymp\u00e4rivuotinen kulttuuri- ja matkailukohde.<\/strong><\/p>\n<p class=\"wp-block-paragraph\">\u201dRetretin siirtyminen uusille omistajille on eritt\u00e4in tervetullut asia. Viimeaikaiset kehitysaskeleet vahvistavat tavoitettamme rakentaa Savonlinnaan entist\u00e4 vahvempi ymp\u00e4rivuotinen kulttuuri- ja matkailukaupunki. Kaupunki haluaa olla aktiivisesti mukana t\u00e4m\u00e4n vision toteuttamisessa. Retretin uuden tarinan alku on jo itsess\u00e4\u00e4n merkitt\u00e4v\u00e4 kulttuuriteko ja nousee varmasti yhdeksi ensi vuoden Suomi 110 -juhlavuoden kiinnostavista avauksista\u201d, toteaa Savonlinnan vt. kaupunginjohtaja <strong>Ding Ma<\/strong>.<\/p>\n<p>Uudet omistajat n\u00e4kev\u00e4t Retretin luolastossa suuria mahdollisuuksia<\/p>\n<p class=\"wp-block-paragraph\"><strong>Thomas Zilliacus<\/strong> osti aiemmin t\u00e4n\u00e4 vuonna hotelli Punkaharjun ja h\u00e4nen tarkoituksenaan on kehitt\u00e4\u00e4 aluetta kokonaisuudessaan. Luolastossa sijaitsee laajojen n\u00e4yttelytilojen lis\u00e4ksi konserttisali, johon mahtuu yli 1200 henke\u00e4. Sali j\u00e4i aiempien vuosien mittavien remonttien yhteydess\u00e4 keskener\u00e4iseksi.<\/p>\n<p class=\"wp-block-paragraph\">Tavoitteena on selvitt\u00e4\u00e4 vaiheittain, kuinka Retretin eri tiloja voidaan palauttaa k\u00e4ytt\u00f6\u00f6n ja kuinka kokonaisuudesta voidaan rakentaa j\u00e4lleen merkitt\u00e4v\u00e4 kulttuuri-, tapahtuma- ja matkailukohde. Suunnitelmissa tarkastellaan muun muassa taiden\u00e4yttelyit\u00e4, immersiivisi\u00e4 el\u00e4myksi\u00e4, konsertteja, yritys- ja yksityistapahtumia sek\u00e4 uudenlaisia kulttuuritapahtumia.<\/p>\n<p>Maan pulssi jatkuu syyskuussa<\/p>\n<p class=\"wp-block-paragraph\"><strong>Marko H\u00e4kkisen<\/strong> Maan pulssi -teos on n\u00e4ht\u00e4viss\u00e4 viel\u00e4 syyskuun ajan. Kes\u00e4n pilottina alkanut n\u00e4yttely toimii ensimm\u00e4isen\u00e4 teoksena Retretin uudessa vaiheessa. N\u00e4yttely on avoinna 4.9. alkaen keskiviikosta sunnuntaihin klo 11\u201319. N\u00e4yt\u00f6kset alkavat tasatunnein.<\/p>\n<p class=\"wp-block-paragraph\">Lis\u00e4tietoja medialle antavat:<\/p>\n<p class=\"wp-block-paragraph\">Valo- ja \u00e4\u00e4nitaiteilija Marko H\u00e4kkinen, p. 050\u00a0511 0808, <a href=\"https:\/\/www.savonlinna.fi\/hotelli-punkaharjun-omistaja-thomas-zilliacus-seka-valo-ja-aanitaiteilija-marko-hakkinen-ovat-ostaneet-punkaharjun-retretin\/mailto:marko@angle.fi\" rel=\"nofollow noopener\" target=\"_blank\">marko@angle.fi<\/a><\/p>\n<p class=\"wp-block-paragraph\">Thomas Zilliacus, p. 0500 850\u00a0935, <a href=\"https:\/\/www.savonlinna.fi\/hotelli-punkaharjun-omistaja-thomas-zilliacus-seka-valo-ja-aanitaiteilija-marko-hakkinen-ovat-ostaneet-punkaharjun-retretin\/mailto:thomas.zilliacus@yuuzoo.com\" rel=\"nofollow noopener\" target=\"_blank\">thomas.zilliacus@yuuzoo.com<\/a><\/p>\n","protected":false},"excerpt":{"rendered":"torstaina 3. syyskuuta 2026 Kes\u00e4n menestykseksi noussut Maan pulssi -n\u00e4yttely k\u00e4ynnisti tapahtumaketjun, jonka my\u00f6t\u00e4 Thomas Zilliacus ja Marko&hellip;\n","protected":false},"author":2,"featured_media":340242,"comment_status":"","ping_status":"","sticky":false,"template":"","format":"standard","meta":{"footnotes":"","_share_on_mastodon":"0"},"categories":[5],"tags":[22,23,26,27,33,31,30,17,24,25,28,29,15,18,21,32,19,20,16],"class_list":["post-340241","post","type-post","status-publish","format-standard","has-post-thumbnail","category-otsikot","tag-breaking-news","tag-breakingnews","tag-featured-news","tag-featurednews","tag-fi","tag-finland","tag-finnish","tag-headlines","tag-latest-news","tag-latestnews","tag-main-news","tag-mainnews","tag-news","tag-otsikot","tag-paauutiset","tag-suomi","tag-top-stories","tag-topstories","tag-uutiset"],"share_on_mastodon":{"url":"https:\/\/pubeurope.com\/@fi\/117206247170929560","error":""},"_links":{"self":[{"href":"https:\/\/www.europesays.com\/fi\/wp-json\/wp\/v2\/posts\/340241","targetHints":{"allow":["GET"]}}],"collection":[{"href":"https:\/\/www.europesays.com\/fi\/wp-json\/wp\/v2\/posts"}],"about":[{"href":"https:\/\/www.europesays.com\/fi\/wp-json\/wp\/v2\/types\/post"}],"author":[{"embeddable":true,"href":"https:\/\/www.europesays.com\/fi\/wp-json\/wp\/v2\/users\/2"}],"replies":[{"embeddable":true,"href":"https:\/\/www.europesays.com\/fi\/wp-json\/wp\/v2\/comments?post=340241"}],"version-history":[{"count":0,"href":"https:\/\/www.europesays.com\/fi\/wp-json\/wp\/v2\/posts\/340241\/revisions"}],"wp:featuredmedia":[{"embeddable":true,"href":"https:\/\/www.europesays.com\/fi\/wp-json\/wp\/v2\/media\/340242"}],"wp:attachment":[{"href":"https:\/\/www.europesays.com\/fi\/wp-json\/wp\/v2\/media?parent=340241"}],"wp:term":[{"taxonomy":"category","embeddable":true,"href":"https:\/\/www.europesays.com\/fi\/wp-json\/wp\/v2\/categories?post=340241"},{"taxonomy":"post_tag","embeddable":true,"href":"https:\/\/www.europesays.com\/fi\/wp-json\/wp\/v2\/tags?post=340241"}],"curies":[{"name":"wp","href":"https:\/\/api.w.org\/{rel}","templated":true}]}}