{"id":340243,"date":"2026-09-03T09:07:09","date_gmt":"2026-09-03T09:07:09","guid":{"rendered":"https:\/\/www.europesays.com\/fi\/340243\/"},"modified":"2026-09-03T09:07:09","modified_gmt":"2026-09-03T09:07:09","slug":"kuinka-usein-kannattaa-kayda-hammastarkastuksessa","status":"publish","type":"post","link":"https:\/\/www.europesays.com\/fi\/340243\/","title":{"rendered":"Kuinka usein kannattaa k\u00e4yd\u00e4 hammastarkastuksessa"},"content":{"rendered":"<p>Moni hakeutuu hammasl\u00e4\u00e4k\u00e4riin vasta kivun ajamana. Oireettomuus ei silti v\u00e4ltt\u00e4m\u00e4tt\u00e4 tarkoita, ett\u00e4 suussa olisi kaikki kunnossa.<\/p>\n<p><img decoding=\"async\" src=\"https:\/\/www.europesays.com\/fi\/wp-content\/uploads\/2026\/09\/1788426428_399_468.jpg\" alt=\"Oireettomuus ei takaa tervett\u00e4 suuta.\" class=\"_Img_1rerz_1\" style=\"aspect-ratio:1920\/1080\" loading=\"eager\"\/><\/p>\n<p class=\"font-(family-name:--picture-caption-font-family) text-(length:--picture-caption-font-size) leading-(--picture-caption-leading) font-(--picture-caption-font-weight) text-(color:--picture-caption-color)\">Oireettomuus ei takaa tervett\u00e4 suuta. Kuva:\u00a0Colourbox<\/p>\n<p>Lue tiivistelm\u00e4<\/p>\n<p class=\"article-body mb-(--paragraph-margin-b) px-nof-16 sndp-summary-bullet-point-font\">Monet suusairaudet, kuten karies ja parodontiitti, voivat edet\u00e4 pitk\u00e4\u00e4n ilman kipua tai oireita.<\/p>\n<p class=\"article-body mb-(--paragraph-margin-b) px-nof-16 sndp-summary-bullet-point-font\">Oireettomankin suun kannattaa k\u00e4yd\u00e4 tutkituttamassa s\u00e4\u00e4nn\u00f6llisesti.<\/p>\n<p class=\"article-body mb-(--paragraph-margin-b) px-nof-16 sndp-summary-bullet-point-font\">Hoitamaton suun tulehdus voi vaikuttaa syd\u00e4n- ja verisuonitauteihin ja olla jopa hengenvaarallinen.<\/p>\n<p class=\"article-body mb-(--paragraph-margin-b) px-nof-16\">Hammastarkastuksessa olisi hyv\u00e4 k\u00e4yd\u00e4 s\u00e4\u00e4nn\u00f6llisesti, sill\u00e4 monet suun sairaudet voivat kehitty\u00e4 pitk\u00e4\u00e4n ilman oireita.<\/p>\n<p class=\"article-body mb-(--paragraph-margin-b) px-nof-16\">Monet yleiset suusairaudet, kuten karies ja parodontiitti, voivat edet\u00e4 pitk\u00e4\u00e4n ilman selv\u00e4\u00e4 kipua. Kun oireita lopulta ilmenee, sairaus voi olla jo edennyt pitk\u00e4lle.<\/p>\n<p class=\"article-body mb-(--paragraph-margin-b) px-nof-16\">Yleisin sairaus on hampaiden kiinnityskudosten tulehdus eli parodontiitti. Se on suun tulehdussairaus, joka voi saada alkunsa huonosta suun puhdistuksesta.<\/p>\n<p class=\"article-body mb-(--paragraph-margin-b) px-nof-16\">\u2013\u2009Parodontiitti ei yleens\u00e4 aiheuta kipua, joten se voi huomaamattomana edet\u00e4 pitk\u00e4lle, Hammasl\u00e4\u00e4k\u00e4riliitto <a class=\"underline underline-offset-[0.12em] [text-decoration-thickness:var(--generic-link-underline-thickness)] [text-decoration-color:var(--generic-link-underline-color)] [text-decoration-skip-ink:var(--generic-link-underline-skip-ink)] break-words\" href=\"https:\/\/www.hammaslaakariliitto.fi\/fi\/suun-sairaudet-ja-tapaturmat\/hampaiden-ja-suun-sairaudet\/parodontiitti-hampaan-kiinnityksen-menetys\" rel=\"nofollow noopener\" target=\"_blank\">kertoo<\/a>.<\/p>\n<p class=\"article-body mb-(--paragraph-margin-b) px-nof-16\">\u2013\u2009Oireiden ilmaantuessa ollaan jo v\u00e4h\u00e4n my\u00f6h\u00e4ss\u00e4, ja tilannetta on vaikeampi saada hallintaan, sanoi yleisl\u00e4\u00e4ketieteen erikoisl\u00e4\u00e4k\u00e4ri <a class=\"font-bold underline-offset-[0.12em] [text-decoration:var(--person-link-text-decoration)] [text-decoration-color:var(--person-link-text-decoration-color)]! font-bold\" href=\"https:\/\/www.is.fi\/haku\/?query=Eino%20Ahtola\" rel=\"nofollow noopener\" target=\"_blank\">Eino Ahtola<\/a> L\u00e4\u00e4k\u00e4rikeskus Mehil\u00e4isest\u00e4 <a class=\"underline underline-offset-[0.12em] [text-decoration-thickness:var(--generic-link-underline-thickness)] [text-decoration-color:var(--generic-link-underline-color)] [text-decoration-skip-ink:var(--generic-link-underline-skip-ink)] break-words\" href=\"https:\/\/www.is.fi\/terveys\/art-2000012056489.html\" rel=\"nofollow noopener\" target=\"_blank\">IS:lle aiemmin<\/a>.<\/p>\n<p class=\"article-body mb-(--paragraph-margin-b) px-nof-16\">Selv\u00e4 merkki tulehduksesta ovat hampaita harjatessa verta vuotavat ikenet.<\/p>\n<p class=\"article-body mb-(--paragraph-margin-b) px-nof-16\">Pitk\u00e4lle edennyt sairaus n\u00e4kyy hampaissa jo selvemmin: hampaat voivat liikkua, niiden v\u00e4leihin syntyy rakoja, ja hengitys voi haista.<\/p>\n<p class=\"article-body mb-(--paragraph-margin-b) px-nof-16\">Huolellisen suuhygienian lis\u00e4ksi hammasl\u00e4\u00e4k\u00e4rin tekem\u00e4 s\u00e4\u00e4nn\u00f6llinen suun tutkimus on paikallaan.<\/p>\n<p><img decoding=\"async\" src=\"https:\/\/www.europesays.com\/fi\/wp-content\/uploads\/2026\/09\/1788426429_457_468.jpg\" alt=\"Hammastarkastuksessa voidaan havaita my\u00f6s sellaisia limakalvomuutoksia, joita ihminen ei itse huomaa.\" class=\"_Img_1rerz_1\" style=\"aspect-ratio:1920\/1280\" loading=\"eager\"\/><\/p>\n<p class=\"font-(family-name:--picture-caption-font-family) text-(length:--picture-caption-font-size) leading-(--picture-caption-leading) font-(--picture-caption-font-weight) text-(color:--picture-caption-color) picture-with-caption__caption picture-with-caption__caption--default-full\">Hammastarkastuksessa voidaan havaita my\u00f6s sellaisia limakalvomuutoksia, joita ihminen ei itse huomaa. Kuva:\u00a0Colourbox<\/p>\n<p class=\"article-body mb-(--paragraph-margin-b) px-nof-16\">Sopiva hampaiden tarkastusv\u00e4li ei ole kaikille sama.<\/p>\n<p class=\"article-body mb-(--paragraph-margin-b) px-nof-16\">Tarkastusten tarpeeseen vaikuttavat PlusTerveyden mukaan muun muassa aiemmat suusairaudet, omahoidon taso, yleisterveys, l\u00e4\u00e4kitykset ja muut yksil\u00f6lliset riskitekij\u00e4t.<\/p>\n<p class=\"article-body mb-(--paragraph-margin-b) px-nof-16\">\u2013 K\u00e4y s\u00e4\u00e4nn\u00f6llisesti hammastarkastuksessa. Oma hammasl\u00e4\u00e4k\u00e4risi kertoo, kuinka usein juuri sinun kannattaa k\u00e4yd\u00e4. Se on itsest\u00e4 ja omasta terveydest\u00e4 huolehtimista, sanoo PlusTerveys Saimaan Hammaskeskuksen hammasl\u00e4\u00e4k\u00e4ri <a class=\"font-bold underline-offset-[0.12em] [text-decoration:var(--person-link-text-decoration)] [text-decoration-color:var(--person-link-text-decoration-color)]!\" href=\"https:\/\/www.is.fi\/haku\/?query=Teropekka%20Virtanen\" rel=\"nofollow noopener\" target=\"_blank\">Teropekka Virtanen<\/a> tiedotteessa.<\/p>\n<p class=\"article-body mb-(--paragraph-margin-b) px-nof-16\">Hammastarkastuksessa voidaan havaita my\u00f6s sellaisia limakalvomuutoksia, joita ihminen ei itse huomaa.<\/p>\n<p class=\"article-body mb-(--paragraph-margin-b) px-nof-16\">Esimerkiksi <a class=\"underline underline-offset-[0.12em] [text-decoration-thickness:var(--generic-link-underline-thickness)] [text-decoration-color:var(--generic-link-underline-color)] [text-decoration-skip-ink:var(--generic-link-underline-skip-ink)] break-words\" href=\"https:\/\/www.is.fi\/terveys\/art-2000012176555.html\" rel=\"nofollow noopener\" target=\"_blank\">suusy\u00f6p\u00e4 on lis\u00e4\u00e4ntynyt <\/a>my\u00f6s alle 45-vuotiailla. Suusy\u00f6p\u00e4 on alkuvaiheessa usein v\u00e4h\u00e4oireinen, mutta se voi l\u00e4hett\u00e4\u00e4 jo varhain et\u00e4pes\u00e4kkeit\u00e4 kaulan imusolmukkeisiin.<\/p>\n<p class=\"article-body mb-(--paragraph-margin-b) px-nof-16\">Suurin osa suun limakalvomuutoksista ei ole sy\u00f6p\u00e4\u00e4, mutta kaikki muutokset, jotka eiv\u00e4t ole pienentyneet tai h\u00e4vinneet 2\u20133 viikon kuluessa, on syyt\u00e4 tutkia tarkemmin.<\/p>\n<p>Fakta<\/p>\n<p>T\u00e4ss\u00e4 kohtaa on aika menn\u00e4 hammasl\u00e4\u00e4k\u00e4riin<\/p>\n<ol class=\"mb-nof-16 px-nof-16 article-ordered-list ordered-list\">\n<li class=\"ordered-list-item\">\n<p class=\"article-body\">Edellisest\u00e4 hammastarkastuksesta on kulunut yli kaksi vuotta. Jos et tied\u00e4, milloin suusi on viimeksi tutkittu, tai mik\u00e4 sinulle suositeltu tarkastusv\u00e4li on, tilanne kannattaa tarkistaa.<\/p>\n<\/li>\n<li class=\"ordered-list-item\">\n<p class=\"article-body\">Ikenet vuotavat verta. Satunnainenkin ienverenvuoto voi kertoa ientulehduksesta tai alkavasta kiinnityskudossairaudesta.<\/p>\n<\/li>\n<li class=\"ordered-list-item\">\n<p class=\"article-body\">Hampaassa on ollut s\u00e4rky\u00e4 tai vihlontaa. Vaikka oire olisi jo helpottanut, sen syy kannattaa selvitt\u00e4\u00e4. Oireen loppuminen ei aina tarkoita, ett\u00e4 sen aiheuttanut ongelma olisi poistunut.<\/p>\n<\/li>\n<li class=\"ordered-list-item\">\n<p class=\"article-body\">Suussa on muutos, joka ei parane. Pitkittyneet haavaumat, limakalvomuutokset tai muut poikkeavat l\u00f6yd\u00f6kset on syyt\u00e4 tutkia ammattilaisen vastaanotolla.<\/p>\n<\/li>\n<li class=\"ordered-list-item\">\n<p class=\"article-body\">Hengitys haisee toistuvasti hyv\u00e4st\u00e4 omahoidosta huolimatta. Jatkuva pahanhajuinen hengitys voi joskus liitty\u00e4 suun terveysongelmiin, jotka vaativat tutkimista.<\/p>\n<\/li>\n<\/ol>\n<p class=\"article-body mb-(--paragraph-margin-b) px-nof-16\">L\u00e4hde: PlusTerveys<\/p>\n<p class=\"article-body mb-(--paragraph-margin-b) px-nof-16\">Jos j\u00e4tt\u00e4\u00e4 hampaat ja niiden tukikudokset hoitamatta, riskin\u00e4 ei ole pelkk\u00e4 hampaan menetys.<\/p>\n<p class=\"article-body mb-(--paragraph-margin-b) px-nof-16\">Suun terveys vaikuttaa my\u00f6s koko muun elimist\u00f6n terveyteen.<\/p>\n<p class=\"article-body mb-(--paragraph-margin-b) px-nof-16\">Tulehdustila voi vaikuttaa kroonisiin sairauksiin, kuten syd\u00e4n- ja verisuonitauteihin ja joihinkin sy\u00f6piin.<\/p>\n<p class=\"article-body mb-(--paragraph-margin-b) px-nof-16\">\u00c4\u00e4ritapauksessa hammasper\u00e4inen tulehdus voi olla jopa hengenvaarallinen.<\/p>\n<p class=\"article-body mb-(--paragraph-margin-b) px-nof-16\">\u2013\u2009Yleistulehdusriskin aiheuttaa joko hampaistossa oleva tai hampaiden tukikudoksissa eli ikeniss\u00e4 oleva tulehdus, professori <a class=\"font-bold underline-offset-[0.12em] [text-decoration:var(--person-link-text-decoration)] [text-decoration-color:var(--person-link-text-decoration-color)]!\" href=\"https:\/\/www.is.fi\/haku\/?query=Kirsi%20Sipil%C3%A4\" rel=\"nofollow noopener\" target=\"_blank\">Kirsi Sipil\u00e4<\/a> Oulun yliopistosta <a class=\"underline underline-offset-[0.12em] [text-decoration-thickness:var(--generic-link-underline-thickness)] [text-decoration-color:var(--generic-link-underline-color)] [text-decoration-skip-ink:var(--generic-link-underline-skip-ink)] break-words\" href=\"https:\/\/www.is.fi\/terveys\/art-2000008586972.html\" rel=\"nofollow noopener\" target=\"_blank\">kertoi aiemmin<\/a> Ilta-Sanomille.<\/p>\n<p class=\"article-body mb-(--paragraph-margin-b) px-nof-16\">\u2013\u2009Pitemm\u00e4lle edennyt tukikudostulehdus vastaa k\u00e4mmenen kokoista haava-aluetta kehossa. Se on tosi iso riski erilaisiin tauteihin.<\/p>\n","protected":false},"excerpt":{"rendered":"Moni hakeutuu hammasl\u00e4\u00e4k\u00e4riin vasta kivun ajamana. Oireettomuus ei silti v\u00e4ltt\u00e4m\u00e4tt\u00e4 tarkoita, ett\u00e4 suussa olisi kaikki kunnossa. Oireettomuus ei&hellip;\n","protected":false},"author":2,"featured_media":340244,"comment_status":"","ping_status":"","sticky":false,"template":"","format":"standard","meta":{"footnotes":"","_share_on_mastodon":"0"},"categories":[165],"tags":[33,31,30,166,34,32,167],"class_list":["post-340243","post","type-post","status-publish","format-standard","has-post-thumbnail","category-terveys","tag-fi","tag-finland","tag-finnish","tag-health","tag-ilta-sanomat","tag-suomi","tag-terveys"],"share_on_mastodon":{"url":"https:\/\/pubeurope.com\/@fi\/117206322441085551","error":""},"_links":{"self":[{"href":"https:\/\/www.europesays.com\/fi\/wp-json\/wp\/v2\/posts\/340243","targetHints":{"allow":["GET"]}}],"collection":[{"href":"https:\/\/www.europesays.com\/fi\/wp-json\/wp\/v2\/posts"}],"about":[{"href":"https:\/\/www.europesays.com\/fi\/wp-json\/wp\/v2\/types\/post"}],"author":[{"embeddable":true,"href":"https:\/\/www.europesays.com\/fi\/wp-json\/wp\/v2\/users\/2"}],"replies":[{"embeddable":true,"href":"https:\/\/www.europesays.com\/fi\/wp-json\/wp\/v2\/comments?post=340243"}],"version-history":[{"count":0,"href":"https:\/\/www.europesays.com\/fi\/wp-json\/wp\/v2\/posts\/340243\/revisions"}],"wp:featuredmedia":[{"embeddable":true,"href":"https:\/\/www.europesays.com\/fi\/wp-json\/wp\/v2\/media\/340244"}],"wp:attachment":[{"href":"https:\/\/www.europesays.com\/fi\/wp-json\/wp\/v2\/media?parent=340243"}],"wp:term":[{"taxonomy":"category","embeddable":true,"href":"https:\/\/www.europesays.com\/fi\/wp-json\/wp\/v2\/categories?post=340243"},{"taxonomy":"post_tag","embeddable":true,"href":"https:\/\/www.europesays.com\/fi\/wp-json\/wp\/v2\/tags?post=340243"}],"curies":[{"name":"wp","href":"https:\/\/api.w.org\/{rel}","templated":true}]}}