{"id":340247,"date":"2026-09-03T09:09:14","date_gmt":"2026-09-03T09:09:14","guid":{"rendered":"https:\/\/www.europesays.com\/fi\/340247\/"},"modified":"2026-09-03T09:09:14","modified_gmt":"2026-09-03T09:09:14","slug":"seiska-pettamiskohussa-ryvetetty-radiojuontaja-kertoo-suhdetilanteestaan","status":"publish","type":"post","link":"https:\/\/www.europesays.com\/fi\/340247\/","title":{"rendered":"Seiska: Pett\u00e4miskohussa ryvetetty radiojuontaja kertoo suhdetilanteestaan"},"content":{"rendered":"<p>Pett\u00e4miskohussa ryvetetty radiojuontaja rikkoo hiljaisuuden Seiskan haastattelussa.<\/p>\n<p><img decoding=\"async\" class=\"image image-show image-preview\" src=\"https:\/\/www.europesays.com\/fi\/wp-content\/uploads\/2026\/09\/f2c5772add88d557409b229b287f5c890a5b0a98622e2ca38de3e4a652df4750.jpg\" alt=\"\"\/><img decoding=\"async\" class=\"image image-show\" src=\"https:\/\/www.europesays.com\/fi\/wp-content\/uploads\/2026\/09\/1788426554_770_f2c5772add88d557409b229b287f5c890a5b0a98622e2ca38de3e4a652df4750.jpg\" alt=\"\"\/><\/p>\n<p>Aleksi Korpijaakko ja Ville Tanskanen aloittivat uuden NAM-podcastin. Bauermedia\/Niko Tiainen<\/p>\n<p class=\"paragraph\">Radiojuontaja <strong>Aleksi Korpijaakko<\/strong> puhuu <a href=\"https:\/\/www.seiska.fi\/vain-seiskassa\/pettamiskohussa-ryvettynyt-aleksi-korpijaakko-rikkoo-hiljaisuuden-kylla-ma-sen-homman-huonosti-hoidin\/2234197\" rel=\"noopener nofollow\" target=\"_blank\">Seiskan<\/a> haastattelussa ensimm\u00e4ist\u00e4 kertaa huhtikuisesta pett\u00e4miskohusta.<\/p>\n<p class=\"paragraph\">Korpijaakon ex-vaimo ja bloggaaja <strong>Nadja Korpijaakko<\/strong> julkaisi huhtikuussa Instagramiin p\u00e4ivityksen, jossa h\u00e4n <a href=\"https:\/\/www.iltalehti.fi\/viihdeuutiset\/071b80ac-dc21-49bd-a7c1-c83f155021bc\" rel=\"nofollow noopener\" target=\"_blank\">syytti miest\u00e4 pett\u00e4misest\u00e4<\/a>.<\/p>\n<p class=\"paragraph\">\u2013 Oli tavallinen tiistai-ilta, kun aviomieheni pudotti pommin \u2014 h\u00e4n oli ihastunut 23-vuotiaaseen, pett\u00e4nyt mua h\u00e4nen kanssaan ja halusi erota, Nadja sanoi kev\u00e4\u00e4ll\u00e4 somejulkaisussa, joka sai valtavasti huomiota.<\/p>\n<p class=\"paragraph\">Aleksi ei suostunut kommentoimaan asiaa kev\u00e4\u00e4ll\u00e4 medioille. H\u00e4n ei my\u00f6sk\u00e4\u00e4n kommentoinut asiaa sosiaalisessa mediassa.<\/p>\n<p>Avautuu Seiskalle<\/p>\n<p class=\"paragraph\">Nyt Aleksi puhuu Seiskan tuoreessa haastattelussa pett\u00e4miskohusta. H\u00e4n kertoo yll\u00e4ttyneens\u00e4 siit\u00e4, miten paljon huomiota tapaus sai. H\u00e4n paljastaa my\u00f6s olevansa t\u00e4ll\u00e4 hetkell\u00e4 sinkku.<\/p>\n<p class=\"paragraph\">\u2013 Olen m\u00e4 nyt t\u00e4ss\u00e4 ollut jo jonkun aikaa. Aika pitk\u00e4\u00e4n ja koko kes\u00e4n ollut, Aleksi sanoo.<\/p>\n<p class=\"paragraph\">Seiska kysyi haastattelussa Aleksilta, oliko t\u00e4m\u00e4 ihastunut kev\u00e4\u00e4n tapahtumien aikaan.<\/p>\n<p class=\"paragraph\">\u2013 Ehk\u00e4 joo, mutta olisi se silti pit\u00e4nyt hoitaa kyll\u00e4 paremmin.<\/p>\n<p class=\"paragraph\">Aleksi oikoo my\u00f6s Seiskalle somealustoilla levinneit\u00e4 per\u00e4tt\u00f6mi\u00e4 v\u00e4itteit\u00e4. H\u00e4n sanoo, etteiv\u00e4t huhut avioeron j\u00e4lkeisest\u00e4 avioliitosta olleet totta. My\u00f6s se, ett\u00e4 h\u00e4n ei olisi n\u00e4hnyt eron poikaansa, oli Aleksin mukaan virheellist\u00e4 tietoa.<\/p>\n<p class=\"paragraph\">Aleksi ja Nadja Korpijaakko olivat yhdess\u00e4 14 vuoden ajan. Heid\u00e4n yhteinen poikansa on 3-vuotias.<\/p>\n<p class=\"paragraph\">Aleksi Korpijaakko on Suomir\u00e4p-radiokanavan aamujuontaja.<\/p>\n","protected":false},"excerpt":{"rendered":"Pett\u00e4miskohussa ryvetetty radiojuontaja rikkoo hiljaisuuden Seiskan haastattelussa. Aleksi Korpijaakko ja Ville Tanskanen aloittivat uuden NAM-podcastin. Bauermedia\/Niko Tiainen Radiojuontaja&hellip;\n","protected":false},"author":2,"featured_media":340248,"comment_status":"","ping_status":"","sticky":false,"template":"","format":"standard","meta":{"footnotes":"","_share_on_mastodon":"0"},"categories":[130],"tags":[35,1074,137,33,31,30,101,98,979,103,32,109],"class_list":["post-340247","post","type-post","status-publish","format-standard","has-post-thumbnail","category-viihde","tag-24h","tag-avioliitto-ja-parisuhde","tag-entertainment","tag-fi","tag-finland","tag-finnish","tag-ihmissuhteet","tag-perhe","tag-sahkoinen-media","tag-sosiaalikysymykset","tag-suomi","tag-viihde"],"share_on_mastodon":{"url":"https:\/\/pubeurope.com\/@fi\/117206330509643713","error":""},"_links":{"self":[{"href":"https:\/\/www.europesays.com\/fi\/wp-json\/wp\/v2\/posts\/340247","targetHints":{"allow":["GET"]}}],"collection":[{"href":"https:\/\/www.europesays.com\/fi\/wp-json\/wp\/v2\/posts"}],"about":[{"href":"https:\/\/www.europesays.com\/fi\/wp-json\/wp\/v2\/types\/post"}],"author":[{"embeddable":true,"href":"https:\/\/www.europesays.com\/fi\/wp-json\/wp\/v2\/users\/2"}],"replies":[{"embeddable":true,"href":"https:\/\/www.europesays.com\/fi\/wp-json\/wp\/v2\/comments?post=340247"}],"version-history":[{"count":0,"href":"https:\/\/www.europesays.com\/fi\/wp-json\/wp\/v2\/posts\/340247\/revisions"}],"wp:featuredmedia":[{"embeddable":true,"href":"https:\/\/www.europesays.com\/fi\/wp-json\/wp\/v2\/media\/340248"}],"wp:attachment":[{"href":"https:\/\/www.europesays.com\/fi\/wp-json\/wp\/v2\/media?parent=340247"}],"wp:term":[{"taxonomy":"category","embeddable":true,"href":"https:\/\/www.europesays.com\/fi\/wp-json\/wp\/v2\/categories?post=340247"},{"taxonomy":"post_tag","embeddable":true,"href":"https:\/\/www.europesays.com\/fi\/wp-json\/wp\/v2\/tags?post=340247"}],"curies":[{"name":"wp","href":"https:\/\/api.w.org\/{rel}","templated":true}]}}