{"id":340253,"date":"2026-09-03T09:14:13","date_gmt":"2026-09-03T09:14:13","guid":{"rendered":"https:\/\/www.europesays.com\/fi\/340253\/"},"modified":"2026-09-03T09:14:13","modified_gmt":"2026-09-03T09:14:13","slug":"tyoturvallisuus-muuttuu-tyoelaman-mukana-uudet-teknologiat-tuovat-seka-riskeja-etta-ratkaisuja","status":"publish","type":"post","link":"https:\/\/www.europesays.com\/fi\/340253\/","title":{"rendered":"Ty\u00f6turvallisuus muuttuu ty\u00f6el\u00e4m\u00e4n mukana \u2013 uudet teknologiat tuovat sek\u00e4 riskej\u00e4 ett\u00e4 ratkaisuja"},"content":{"rendered":"<p>Ty\u00f6turvallisuudessa tarvitaan yh\u00e4 enemm\u00e4n ennakointia. Akkuk\u00e4ytt\u00f6isten ty\u00f6v\u00e4lineiden lis\u00e4\u00e4ntyminen tuo ty\u00f6paikoille uusia riskej\u00e4, kun taas puettava teknologia voi auttaa kevent\u00e4m\u00e4\u00e4n fyysist\u00e4 ty\u00f6t\u00e4. EuroSafety tuo 8.\u201310.9. Tampereelle ty\u00f6turvallisuuden ja ty\u00f6hyvinvoinnin ammattilaiset sek\u00e4 ajankohtaiset turvallisuuskysymykset ja k\u00e4yt\u00e4nn\u00f6n ratkaisut.<\/p>\n<p><strong>Akkuturvallisuus nousee osaksi ty\u00f6paikkojen riskienhallintaa<\/strong><\/p>\n<p>Akkuja ja paristoja k\u00e4ytet\u00e4\u00e4n yh\u00e4 useammissa ty\u00f6v\u00e4lineiss\u00e4 ja laitteissa. Samalla turvallinen k\u00e4ytt\u00f6, lataaminen ja s\u00e4ilytys sek\u00e4 akkupalotilanteisiin varautuminen korostuvat.<\/p>\n<p>EuroSafetyssa aihetta l\u00e4hestyt\u00e4\u00e4n tiistaina 8.9. kahdesta n\u00e4k\u00f6kulmasta. Ty\u00f6turvallisuuskeskuksen <strong>Markku Tolvanen<\/strong> k\u00e4sittelee akkuturvallisuutta osana ty\u00f6paikan riskinarviointia. Ty\u00f6terveyslaitoksen<strong> Ilkka Kantasalmi<\/strong> puolestaan nostaa esiin litiumakkupalojen altisteet, turvallisen toiminnan ja suojautumisen.<\/p>\n<p><strong>Puettava teknologia voi kevent\u00e4\u00e4 fyysist\u00e4 ty\u00f6t\u00e4<\/strong><\/p>\n<p>Eksoskeletonit voivat tarjota keinoja parantaa ty\u00f6ergonomiaa ja hallita fyysist\u00e4 kuormitusta. Torstaina 10.9. Meditas Oy:n <strong>Minna Laine<\/strong> kertoo niiden mahdollisuuksista ja k\u00e4ytt\u00f6kokemuksista eri toimialoilla. Kymen Seudun Osuuskaupan <strong>Tytti Puolakka<\/strong> tuo mukaan k\u00e4yt\u00e4nn\u00f6n esimerkin siit\u00e4, miten eksoskeletonit eli \u201deskot\u201d on otettu k\u00e4ytt\u00f6\u00f6n kaupan alan ty\u00f6ss\u00e4.<\/p>\n<p><strong>Miten tehd\u00e4 oikeita p\u00e4\u00e4t\u00f6ksi\u00e4 paineen alla?<\/strong><\/p>\n<p>Turvallisuusty\u00f6ss\u00e4 ratkaisevaa on kyky toimia vaativissa tilanteissa. Mielen suorituskyvyn ja resilienssin asiantuntija <strong>Harri Gustafsberg<\/strong> k\u00e4sittelee tiistaina 8.9., miten tilannetietoisuutta, resilienssi\u00e4 ja p\u00e4\u00e4t\u00f6ksentekokyky\u00e4 voidaan vahvistaa paineen alla. Gustafsbergilla on yli 20 vuoden kokemus Poliisin valtakunnallisesta valmiusyksikk\u00f6 Karhusta, jossa h\u00e4n toimi muun muassa kouluttajana ja operatiivisena johtajana.<\/p>\n<p><strong>EuroSafety palkitsee vuoden innovaation ja ty\u00f6turvallisuusteon<\/strong><\/p>\n<p>EuroSafetyssa palkitaan my\u00f6s Vuoden Innovaatio ja Vuoden Ty\u00f6turvallisuusteko 2026. Palkinnoilla nostetaan esiin sek\u00e4 uusia turvallisuusratkaisuja ett\u00e4 ty\u00f6paikoilla jo k\u00e4yt\u00f6ss\u00e4 olevia tekoja ty\u00f6turvallisuuden ja ty\u00f6hyvinvoinnin parantamiseksi.<\/p>\n<p><strong>Tietoa EuroSafetysta<\/strong><\/p>\n<p>EuroSafety on Pohjoismaiden laajin ty\u00f6turvallisuuden ja ty\u00f6hyvinvoinnin ammattitapahtuma. Tapahtuma tuo yhteen alan ammattilaiset, asiantuntijat, yritykset sek\u00e4 tuotteet ja ratkaisut.<\/p>\n<p>EuroSafety j\u00e4rjestet\u00e4\u00e4n 8.\u201310.9.2026 Tampereen Messu- ja Urheilukeskuksessa. Samassa tapahtumakokonaisuudessa j\u00e4rjestet\u00e4\u00e4n 9.\u201310.9. my\u00f6s Logistiikka-messut ja Food Industry.<\/p>\n<p><strong>Lis\u00e4tiedot<\/strong>: <a href=\"https:\/\/eurosafety.fi\/newfront\/fi\" rel=\"nofollow noopener\" target=\"_blank\">eurosafety.fi<\/a><br \/><strong>Median akkreditointi<\/strong>: <a href=\"https:\/\/eurosafety.fi\/index\/registration\/?cat=1164\" rel=\"nofollow noopener\" target=\"_blank\">akkreditointi<\/a><br \/><strong>Median k\u00e4ytt\u00f6\u00f6n tarkoitetut kuvat<\/strong>: <a href=\"https:\/\/tampereenmessut.kuvat.fi\/kuvat\/\" rel=\"nofollow noopener\" target=\"_blank\">Materiaalipankki<\/a><br \/><strong>Median yhteyshenkil\u00f6<\/strong>: Katri Tanni, 044 592 8330, katri@katritanni.fi<\/p>\n","protected":false},"excerpt":{"rendered":"Ty\u00f6turvallisuudessa tarvitaan yh\u00e4 enemm\u00e4n ennakointia. Akkuk\u00e4ytt\u00f6isten ty\u00f6v\u00e4lineiden lis\u00e4\u00e4ntyminen tuo ty\u00f6paikoille uusia riskej\u00e4, kun taas puettava teknologia voi auttaa&hellip;\n","protected":false},"author":2,"featured_media":340254,"comment_status":"","ping_status":"","sticky":false,"template":"","format":"standard","meta":{"footnotes":"","_share_on_mastodon":"0"},"categories":[12],"tags":[22,23,26,27,33,31,30,17,24,25,28,29,15,18,21,32,19,20,16],"class_list":["post-340253","post","type-post","status-publish","format-standard","has-post-thumbnail","category-suomi","tag-breaking-news","tag-breakingnews","tag-featured-news","tag-featurednews","tag-fi","tag-finland","tag-finnish","tag-headlines","tag-latest-news","tag-latestnews","tag-main-news","tag-mainnews","tag-news","tag-otsikot","tag-paauutiset","tag-suomi","tag-top-stories","tag-topstories","tag-uutiset"],"share_on_mastodon":{"url":"https:\/\/pubeurope.com\/@fi\/117206349629112675","error":""},"_links":{"self":[{"href":"https:\/\/www.europesays.com\/fi\/wp-json\/wp\/v2\/posts\/340253","targetHints":{"allow":["GET"]}}],"collection":[{"href":"https:\/\/www.europesays.com\/fi\/wp-json\/wp\/v2\/posts"}],"about":[{"href":"https:\/\/www.europesays.com\/fi\/wp-json\/wp\/v2\/types\/post"}],"author":[{"embeddable":true,"href":"https:\/\/www.europesays.com\/fi\/wp-json\/wp\/v2\/users\/2"}],"replies":[{"embeddable":true,"href":"https:\/\/www.europesays.com\/fi\/wp-json\/wp\/v2\/comments?post=340253"}],"version-history":[{"count":0,"href":"https:\/\/www.europesays.com\/fi\/wp-json\/wp\/v2\/posts\/340253\/revisions"}],"wp:featuredmedia":[{"embeddable":true,"href":"https:\/\/www.europesays.com\/fi\/wp-json\/wp\/v2\/media\/340254"}],"wp:attachment":[{"href":"https:\/\/www.europesays.com\/fi\/wp-json\/wp\/v2\/media?parent=340253"}],"wp:term":[{"taxonomy":"category","embeddable":true,"href":"https:\/\/www.europesays.com\/fi\/wp-json\/wp\/v2\/categories?post=340253"},{"taxonomy":"post_tag","embeddable":true,"href":"https:\/\/www.europesays.com\/fi\/wp-json\/wp\/v2\/tags?post=340253"}],"curies":[{"name":"wp","href":"https:\/\/api.w.org\/{rel}","templated":true}]}}