{"id":340259,"date":"2026-09-03T09:36:07","date_gmt":"2026-09-03T09:36:07","guid":{"rendered":"https:\/\/www.europesays.com\/fi\/340259\/"},"modified":"2026-09-03T09:36:07","modified_gmt":"2026-09-03T09:36:07","slug":"kaupunginteatteri-juhlii-80-vuotta-elamyksia-kiertueella-kulttuuri","status":"publish","type":"post","link":"https:\/\/www.europesays.com\/fi\/340259\/","title":{"rendered":"Kaupunginteatteri juhlii 80 vuotta el\u00e4myksi\u00e4 -kiertueella &#8211; Kulttuuri"},"content":{"rendered":"<p class=\"teksti\">Juhlasyksyns\u00e4 kunniaksi 80-vuotias Turun kaupunginteatteri l\u00e4htee kiertueelle, joka alkaa kauppakeskus Hansasta 3. syyskuuta, kurvaa Kupittaan Citymarketiin, kiihdytt\u00e4\u00e4 Posankka Raceen, pys\u00e4htyy kolmeksi p\u00e4iv\u00e4ksi Kirjamessuille ja p\u00e4\u00e4ttyy syyslomaviikolla my\u00f6s juhlavuottaan viett\u00e4v\u00e4\u00e4n Turun Kauppahalliin. <\/p>\n<p class=\"teksti\">Kiertue alkaa Hansatorilta, jossa yleis\u00f6\u00e4 kohdataan torstaina 3. syyskuuta kello 12\u201318. Kauppakeskuksen p\u00e4\u00e4aukiolla on tarjolla teatterin 80-vuotisjuhlaleivos 80 ensimm\u00e4iselle pisteelle tulijalle. Hansatorilla p\u00e4\u00e4see my\u00f6s muistelemaan esityksi\u00e4 ja n\u00e4kem\u00e4\u00e4n esitysjulisteita vuosikymmenten varrelta sek\u00e4 \u00e4\u00e4nest\u00e4m\u00e4\u00e4n niist\u00e4 parasta.<\/p>\n<p class=\"teksti\">Kupittaan Citymarketin asiakkailla on mahdollisuus istahtaa 12. syyskuuta sohvalle kyselem\u00e4\u00e4n teatterivinkkej\u00e4 teatterin johtohahmoilta, jotka kirjoittivat yhdess\u00e4 syksyn ohjelmistossa n\u00e4ht\u00e4v\u00e4n ty\u00f6paikkakomedian Sohvan. Mikko Koukin, Satu Rasilan ja Arto Valkaman kanssa Sohvalle on saapumassa my\u00f6s kauppias Hannu Aaltonen, jolla takataskussaan pari yll\u00e4tysteht\u00e4v\u00e4\u00e4 teatterin johtajille.<\/p>\n<p class=\"teksti\">Turun p\u00e4iv\u00e4n\u00e4 21. syyskuuta Posankka Racessa Aurajoen aalloilla nopeimman Posankan tittelist\u00e4 kisaa kaupunginteatterin oma hurjastelija \u2013 tietenkin numerolla 80. Pid\u00e4 Saaristo Siistin\u00e4 ry:n j\u00e4rjest\u00e4m\u00e4 kisa on jo perinne, ja teatteri on innolla mukana tempauksessa. PSS:n ja teatterin Seili-musikaalin inspiroima yhteisty\u00f6 n\u00e4kyi jo kes\u00e4ll\u00e4 Taidesein\u00e4n saaristoviikolla ja yhteisell\u00e4 somevideolla.<\/p>\n<p class=\"teksti\">Teatteri on tuttuun tapaan mukana Turun Kirjamessuilla 2.\u20134. lokakuutaKulttuuritoimijoiden yhteiselt\u00e4 messuosastolta yleis\u00f6 voi napata vinkit koko kulttuurisyksyksi. Teatterinjohtaja Mikko Kouki osallistuu T\u00e4t\u00e4 kirjaa rakastan -keskusteluun lauantaina 3. lokakuuta kello 12.30.<\/p>\n<p class=\"teksti\">Kauppahalli viett\u00e4\u00e4 my\u00f6s juhlavuottaan, sill\u00e4 vuosia on takanaan jo 130. Teatterin lippumyym\u00e4l\u00e4 palveli teatteritalon remontin ajan 2014\u201317 kauppahallissa. Syyslomaviikolla 42 teatterilaiset viihdytt\u00e4v\u00e4t kauppahallin asiakkaita lukemalla teatteriyleis\u00f6n ja kauppahallin asiakkaiden l\u00e4hett\u00e4mi\u00e4 muistoja vuosikymmenten varrelta. Muistojaan voi yh\u00e4 l\u00e4hett\u00e4\u00e4 teatterin etusivulta l\u00f6ytyv\u00e4n tarinaker\u00e4yksen kautta.<\/p>\n<p class=\"teksti\">80 vuotta el\u00e4myksi\u00e4 -kiertue:<\/p>\n<p class=\"teksti\">3.9. klo 12\u201318 Kauppakeskus Hansa<\/p>\n<p class=\"teksti\">12.9. klo 12\u201314 Kupittaan Citymarket<\/p>\n<p class=\"teksti\">21.9. klo 14 Posankka Race<\/p>\n<p class=\"teksti\">2.\u20134.10. Turun Kirjamessut<\/p>\n<p class=\"teksti\">VK 42 Turun Kauppahalli<\/p>\n<p class=\"kirjoittaja\">Aamuset-kaupunkimedia (AKM)<\/p>\n","protected":false},"excerpt":{"rendered":"Juhlasyksyns\u00e4 kunniaksi 80-vuotias Turun kaupunginteatteri l\u00e4htee kiertueelle, joka alkaa kauppakeskus Hansasta 3. syyskuuta, kurvaa Kupittaan Citymarketiin, kiihdytt\u00e4\u00e4 Posankka&hellip;\n","protected":false},"author":2,"featured_media":340260,"comment_status":"","ping_status":"","sticky":false,"template":"","format":"standard","meta":{"footnotes":"","_share_on_mastodon":"0"},"categories":[130],"tags":[137,33,31,30,3926,108,32,3336,21648,24107,109],"class_list":["post-340259","post","type-post","status-publish","format-standard","has-post-thumbnail","category-viihde","tag-entertainment","tag-fi","tag-finland","tag-finnish","tag-kaupunki","tag-kulttuuri","tag-suomi","tag-teatteri","tag-teemat","tag-turun-kaupunginteatteri","tag-viihde"],"share_on_mastodon":{"url":"https:\/\/pubeurope.com\/@fi\/117206436392034754","error":""},"_links":{"self":[{"href":"https:\/\/www.europesays.com\/fi\/wp-json\/wp\/v2\/posts\/340259","targetHints":{"allow":["GET"]}}],"collection":[{"href":"https:\/\/www.europesays.com\/fi\/wp-json\/wp\/v2\/posts"}],"about":[{"href":"https:\/\/www.europesays.com\/fi\/wp-json\/wp\/v2\/types\/post"}],"author":[{"embeddable":true,"href":"https:\/\/www.europesays.com\/fi\/wp-json\/wp\/v2\/users\/2"}],"replies":[{"embeddable":true,"href":"https:\/\/www.europesays.com\/fi\/wp-json\/wp\/v2\/comments?post=340259"}],"version-history":[{"count":0,"href":"https:\/\/www.europesays.com\/fi\/wp-json\/wp\/v2\/posts\/340259\/revisions"}],"wp:featuredmedia":[{"embeddable":true,"href":"https:\/\/www.europesays.com\/fi\/wp-json\/wp\/v2\/media\/340260"}],"wp:attachment":[{"href":"https:\/\/www.europesays.com\/fi\/wp-json\/wp\/v2\/media?parent=340259"}],"wp:term":[{"taxonomy":"category","embeddable":true,"href":"https:\/\/www.europesays.com\/fi\/wp-json\/wp\/v2\/categories?post=340259"},{"taxonomy":"post_tag","embeddable":true,"href":"https:\/\/www.europesays.com\/fi\/wp-json\/wp\/v2\/tags?post=340259"}],"curies":[{"name":"wp","href":"https:\/\/api.w.org\/{rel}","templated":true}]}}