{"id":340263,"date":"2026-09-03T09:40:13","date_gmt":"2026-09-03T09:40:13","guid":{"rendered":"https:\/\/www.europesays.com\/fi\/340263\/"},"modified":"2026-09-03T09:40:13","modified_gmt":"2026-09-03T09:40:13","slug":"yli-80-ihmista-kuollut-kanarian-etelapuolella","status":"publish","type":"post","link":"https:\/\/www.europesays.com\/fi\/340263\/","title":{"rendered":"Yli 80 ihmist\u00e4 kuollut Kanarian etel\u00e4puolella"},"content":{"rendered":"<p>Veneess\u00e4 oli runsaat 120 ihmist\u00e4.<\/p>\n<p class=\"paragraph\">Yli 80 ihmist\u00e4 on l\u00f6ydetty kuolleena Kanariansaarten etel\u00e4puolelta, espanjalainen uutistoimisto EFE kertoo. Paikallisten medioiden mukaan vedess\u00e4 ajelehtineiden ruumiiden joukossa oli my\u00f6s vauva.<\/p>\n<p class=\"paragraph\">EFE:n mukaan 127 ihmist\u00e4 kuljettanut vene l\u00e4hti Gambiasta 26 p\u00e4iv\u00e4\u00e4 sitten. Vene oli matkalla Kanariansaarille, mutta l\u00f6ydett\u00e4ess\u00e4 siin\u00e4 oli en\u00e4\u00e4 44 elossa olevaa matkustajaa.<\/p>\n<p class=\"paragraph\">Eloonj\u00e4\u00e4neet olivat kaikki miehi\u00e4, jotka ovat kotoisin joko Gambiasta tai Malilta.<\/p>\n<p class=\"paragraph\">Paikallisen meripelastusviranomaisen mukaan vene l\u00f6ytyi noin 120 kilometrin p\u00e4\u00e4ss\u00e4 Gran Canariasta. Sen havaitsi meripelastuksen lentokone keskiviikkona.<\/p>\n<p class=\"paragraph\">Pelastajat joutuivat j\u00e4tt\u00e4m\u00e4\u00e4n viiden ihmisen ruumiit veneeseen hankalien meriolosuhteiden vuoksi, EFE kertoo. Eloonj\u00e4\u00e4neet saatiin kuitenkin pelastettua.<\/p>\n<p class=\"paragraph\">Kolme eloonj\u00e4\u00e4neist\u00e4 toimitettiin veneelt\u00e4 helikoptereilla sairaalaan heid\u00e4n heikon vointinsa vuoksi. Lis\u00e4ksi useita ihmisi\u00e4 kuljetettiin maihinp\u00e4\u00e4syn j\u00e4lkeen sairaalahoitoon.<\/p>\n<p class=\"paragraph\">Gran Canarialla sijaitsevan Arguinegu\u00ednin kaupungin pelastuspalvelun mukaan eloonj\u00e4\u00e4neet k\u00e4rsiv\u00e4t muun muassa nestehukasta sek\u00e4 oireista, jotka viittaavat meriveden juontiin.<\/p>\n<p class=\"paragraph\">Kansainv\u00e4lisen siirtolaisuusj\u00e4rjest\u00f6 IOM:n Missing Migrants -hankkeen mukaan ainakin 433 ihmist\u00e4 on kuollut t\u00e4n\u00e4 vuonna syyskuun alkuun menness\u00e4 V\u00e4limeren alueen l\u00e4ntisten maiden l\u00e4heisyydess\u00e4.<\/p>\n<p><img decoding=\"async\" class=\"image image-show image-preview\" src=\"https:\/\/www.europesays.com\/fi\/wp-content\/uploads\/2026\/09\/60682589294c16eba7bdbe0dcf70cd62fdb0d447c874dd7f57681cc54777e1e4.jpg\" alt=\"\"\/><img decoding=\"async\" class=\"image image-show\" src=\"https:\/\/www.europesays.com\/fi\/wp-content\/uploads\/2026\/09\/1788428413_936_60682589294c16eba7bdbe0dcf70cd62fdb0d447c874dd7f57681cc54777e1e4.jpg\" alt=\"\"\/><\/p>\n<p>Ainakin 80 ruumista on l\u00f6ydetty noin 120 kilometrin p\u00e4\u00e4st\u00e4 Gran Canariasta. Kuvituskuva Las Palmasista. ZUMAWIRE\/MVPHOTOS<\/p>\n","protected":false},"excerpt":{"rendered":"Veneess\u00e4 oli runsaat 120 ihmist\u00e4. Yli 80 ihmist\u00e4 on l\u00f6ydetty kuolleena Kanariansaarten etel\u00e4puolelta, espanjalainen uutistoimisto EFE kertoo. Paikallisten&hellip;\n","protected":false},"author":2,"featured_media":340264,"comment_status":"","ping_status":"","sticky":false,"template":"","format":"standard","meta":{"footnotes":"","_share_on_mastodon":"0"},"categories":[14],"tags":[35,22,23,26,27,33,31,30,17,2187,24,25,121,28,29,4077,15,18,21,103,32,19,20,56,16,872,59,60,61],"class_list":["post-340263","post","type-post","status-publish","format-standard","has-post-thumbnail","category-ulkomaat","tag-24h","tag-breaking-news","tag-breakingnews","tag-featured-news","tag-featurednews","tag-fi","tag-finland","tag-finnish","tag-headlines","tag-kulkuneuvot","tag-latest-news","tag-latestnews","tag-liikenne-ja-kuljetus","tag-main-news","tag-mainnews","tag-meret","tag-news","tag-otsikot","tag-paauutiset","tag-sosiaalikysymykset","tag-suomi","tag-top-stories","tag-topstories","tag-ulkomaat","tag-uutiset","tag-vesistot","tag-world","tag-world-news","tag-worldnews"],"share_on_mastodon":{"url":"https:\/\/pubeurope.com\/@fi\/117206452100811996","error":""},"_links":{"self":[{"href":"https:\/\/www.europesays.com\/fi\/wp-json\/wp\/v2\/posts\/340263","targetHints":{"allow":["GET"]}}],"collection":[{"href":"https:\/\/www.europesays.com\/fi\/wp-json\/wp\/v2\/posts"}],"about":[{"href":"https:\/\/www.europesays.com\/fi\/wp-json\/wp\/v2\/types\/post"}],"author":[{"embeddable":true,"href":"https:\/\/www.europesays.com\/fi\/wp-json\/wp\/v2\/users\/2"}],"replies":[{"embeddable":true,"href":"https:\/\/www.europesays.com\/fi\/wp-json\/wp\/v2\/comments?post=340263"}],"version-history":[{"count":0,"href":"https:\/\/www.europesays.com\/fi\/wp-json\/wp\/v2\/posts\/340263\/revisions"}],"wp:featuredmedia":[{"embeddable":true,"href":"https:\/\/www.europesays.com\/fi\/wp-json\/wp\/v2\/media\/340264"}],"wp:attachment":[{"href":"https:\/\/www.europesays.com\/fi\/wp-json\/wp\/v2\/media?parent=340263"}],"wp:term":[{"taxonomy":"category","embeddable":true,"href":"https:\/\/www.europesays.com\/fi\/wp-json\/wp\/v2\/categories?post=340263"},{"taxonomy":"post_tag","embeddable":true,"href":"https:\/\/www.europesays.com\/fi\/wp-json\/wp\/v2\/tags?post=340263"}],"curies":[{"name":"wp","href":"https:\/\/api.w.org\/{rel}","templated":true}]}}