{"id":340265,"date":"2026-09-03T09:41:08","date_gmt":"2026-09-03T09:41:08","guid":{"rendered":"https:\/\/www.europesays.com\/fi\/340265\/"},"modified":"2026-09-03T09:41:08","modified_gmt":"2026-09-03T09:41:08","slug":"jyvaskylan-kaupunkirakennelautakunta-kasittelee-kaupunkirakennepalvelujen-ensi-vuoden-talousarviota-ja-kunnallistekniikan-alustavaa-investointiohjelmaa","status":"publish","type":"post","link":"https:\/\/www.europesays.com\/fi\/340265\/","title":{"rendered":"Jyv\u00e4skyl\u00e4n kaupunkirakennelautakunta k\u00e4sittelee kaupunkirakennepalvelujen ensi vuoden talousarviota ja kunnallistekniikan alustavaa investointiohjelmaa"},"content":{"rendered":"<p>Talousarvioehdotusta esiteltiin kaupunkirakennelautakunnan edellisess\u00e4 kokouksessa iltakouluna ja sen sis\u00e4ll\u00f6st\u00e4 voi lukea lis\u00e4\u00e4 kaupungin verkkosivuilta:<br \/><a href=\"https:\/\/www.jyvaskyla.fi\/uutinen\/2026-08-27_talousarvion-2027-virkamiesvalmistelun-tilannetta-esiteltiin-jyvaskylan-kaupunkirakennelautakunnan\" rel=\"nofollow noopener\" target=\"_blank\">Talousarvion 2027 virkamiesvalmistelun tilannetta esiteltiin Jyv\u00e4skyl\u00e4n kaupunkirakennelautakunnan iltakoulussa | Jyv\u00e4skyl\u00e4.fi.<\/a>\u00a0<\/p>\n<p>Talousarvioehdotuksen lis\u00e4ksi lautakunta saa k\u00e4sitelt\u00e4v\u00e4kseen mm. kunnallistekniikan alustavan investointiohjelman sek\u00e4 kaavamuutoksen Ylist\u00f6nm\u00e4ell\u00e4.<\/p>\n<p>Kunnallistekniikan investoinnit<\/p>\n<p>Kunnallistekniikan investointien osalta jatketaan talouden tasapainottamista. Investointitasoa on laskettu vuosille 2027\u20132029 yhteens\u00e4 noin 12 milj. euroa, josta vuoden 2026 osuus on noin 5,6 milj. euroa. Kunnallistekniikan investointien rahoitustaso on t\u00e4ll\u00e4 hetkell\u00e4 noin 22,9 milj. euroa, sis\u00e4lt\u00e4en 3,5 milj. euroa k\u00e4ytt\u00f6taloudesta investointien rahoittamiseen saatavaa tuloa.\u00a0<\/p>\n<p>Ensi vuoden osalta kunnallistekniikan alustavassa investointiohjelmassa on varauduttu uusien asuinalueiden kuten Kauram\u00e4en, Salmirannan ja Tammirinteen katujen rakentamiseen sek\u00e4 jo olemassa olevan katuinfran parantamiseen mm. Rajakadulla ja Hippoksen alueella. Merkitt\u00e4vi\u00e4 jalankulun ja py\u00f6r\u00e4ilyn v\u00e4ylien parannuksia toteutetaan Hannikaisenkadulle ja Keljonkankaantielle. Viherpalveluissa on varauduttu mm. Mannilan leikkipaikan ja skeittialueen kunnostukseen.\u00a0<\/p>\n<p>Palokanorren investointiin on varattu ensi vuodelle 4 milj. euroa. Hanke toteutetaan yhdess\u00e4 V\u00e4yl\u00e4viraston kanssa.\u00a0<\/p>\n<p>Ylist\u00f6nm\u00e4entie 24\u201326 asemakaavan muutos<\/p>\n<p>Ylist\u00f6nm\u00e4entiell\u00e4 Kuokkalassa on k\u00e4ynniss\u00e4 kaavamuutos, jonka tavoitteena on yhdist\u00e4\u00e4 kaksi liike-\u200b ja toimistorakennusten korttelialueella olevaa vierekk\u00e4ist\u00e4 tonttia yhdeksi tontiksi. Samalla tutkitaan alueen k\u00e4ytt\u00f6tarkoituksen laajentamista ty\u00f6paikka-\u200b ja varastotoiminnoille. Tonttien yhdist\u00e4misell\u00e4 mahdollistetaan liiketoiminnan harjoittaminen alueella.\u00a0<\/p>\n<p>Ehdotusvaiheessa olevan asemakaavan muutos on vaikutuksiltaan v\u00e4h\u00e4inen. Muutosehdotus on p\u00e4\u00e4piirteiss\u00e4\u00e4n\u00a0kaavaluonnoksen mukainen.\u00a0<\/p>\n<p>Kaavan tiedot:\u00a0<a href=\"https:\/\/www.jyvaskyla.fi\/kaavoitus\/vireilla\/ylistonmaentie-24-26\" rel=\"nofollow noopener\" target=\"_blank\">Ylist\u00f6nm\u00e4entie 24-26 | Jyv\u00e4skyl\u00e4.fi<\/a>\u00a0\u00a0\u00a0\u00a0\u00a0\u00a0\u00a0\u00a0\u00a0<\/p>\n<p>Kokouksen esityslista ja p\u00f6yt\u00e4kirja<\/p>\n<p>Kaikki kaupunkirakennelautakunnan kokoukseen etenev\u00e4t asiat ovat luettavissa liitteineen lautakunnan kokouksen esityslistalta. Linkit kokouksen esityslistaan ja p\u00f6yt\u00e4kirjaan l\u00f6ytyv\u00e4t lautakunnan verkkosivulta:\u00a0<a href=\"https:\/\/www.jyvaskyla.fi\/paatoksenteko\/lauta-ja-johtokunnat-seka-jaostot\/kaupunkirakennelautakunta\" rel=\"nofollow noopener\" target=\"_blank\">Kaupunkirakennelautakunta 2025-2029 | Jyv\u00e4skyl\u00e4.fi<\/a>. Materiaalit ovat pdf-tiedostomuodossa.<\/p>\n","protected":false},"excerpt":{"rendered":"Talousarvioehdotusta esiteltiin kaupunkirakennelautakunnan edellisess\u00e4 kokouksessa iltakouluna ja sen sis\u00e4ll\u00f6st\u00e4 voi lukea lis\u00e4\u00e4 kaupungin verkkosivuilta:Talousarvion 2027 virkamiesvalmistelun tilannetta esiteltiin&hellip;\n","protected":false},"author":2,"featured_media":340266,"comment_status":"","ping_status":"","sticky":false,"template":"","format":"standard","meta":{"footnotes":"","_share_on_mastodon":"0"},"categories":[12],"tags":[22,23,26,27,33,31,30,17,24,25,28,29,15,18,21,32,19,20,16],"class_list":["post-340265","post","type-post","status-publish","format-standard","has-post-thumbnail","category-suomi","tag-breaking-news","tag-breakingnews","tag-featured-news","tag-featurednews","tag-fi","tag-finland","tag-finnish","tag-headlines","tag-latest-news","tag-latestnews","tag-main-news","tag-mainnews","tag-news","tag-otsikot","tag-paauutiset","tag-suomi","tag-top-stories","tag-topstories","tag-uutiset"],"share_on_mastodon":{"url":"https:\/\/pubeurope.com\/@fi\/117206455815549609","error":""},"_links":{"self":[{"href":"https:\/\/www.europesays.com\/fi\/wp-json\/wp\/v2\/posts\/340265","targetHints":{"allow":["GET"]}}],"collection":[{"href":"https:\/\/www.europesays.com\/fi\/wp-json\/wp\/v2\/posts"}],"about":[{"href":"https:\/\/www.europesays.com\/fi\/wp-json\/wp\/v2\/types\/post"}],"author":[{"embeddable":true,"href":"https:\/\/www.europesays.com\/fi\/wp-json\/wp\/v2\/users\/2"}],"replies":[{"embeddable":true,"href":"https:\/\/www.europesays.com\/fi\/wp-json\/wp\/v2\/comments?post=340265"}],"version-history":[{"count":0,"href":"https:\/\/www.europesays.com\/fi\/wp-json\/wp\/v2\/posts\/340265\/revisions"}],"wp:featuredmedia":[{"embeddable":true,"href":"https:\/\/www.europesays.com\/fi\/wp-json\/wp\/v2\/media\/340266"}],"wp:attachment":[{"href":"https:\/\/www.europesays.com\/fi\/wp-json\/wp\/v2\/media?parent=340265"}],"wp:term":[{"taxonomy":"category","embeddable":true,"href":"https:\/\/www.europesays.com\/fi\/wp-json\/wp\/v2\/categories?post=340265"},{"taxonomy":"post_tag","embeddable":true,"href":"https:\/\/www.europesays.com\/fi\/wp-json\/wp\/v2\/tags?post=340265"}],"curies":[{"name":"wp","href":"https:\/\/api.w.org\/{rel}","templated":true}]}}