{"id":340267,"date":"2026-09-03T09:42:28","date_gmt":"2026-09-03T09:42:28","guid":{"rendered":"https:\/\/www.europesays.com\/fi\/340267\/"},"modified":"2026-09-03T09:42:28","modified_gmt":"2026-09-03T09:42:28","slug":"yrittajamiesta-37-epaillaan-mystisesta-kuolemasta-raaseporissa","status":"publish","type":"post","link":"https:\/\/www.europesays.com\/fi\/340267\/","title":{"rendered":"Yritt\u00e4j\u00e4miest\u00e4, 37, ep\u00e4ill\u00e4\u00e4n mystisest\u00e4 kuolemasta Raaseporissa"},"content":{"rendered":"<p>Paikkakuntalaisella miehell\u00e4 on elintarvikealan yritys. Ep\u00e4ilty joutuu torstaina iltap\u00e4iv\u00e4ll\u00e4 oikeuden eteen.<\/p>\n<p class=\"font-(family-name:--picture-caption-font-family) text-(length:--picture-caption-font-size) leading-(--picture-caption-leading) font-(--picture-caption-font-weight) text-(color:--picture-caption-color)\">Poliisi on tiedottanut niukasti, mutta ilmoittanut, ettei alueen asukkailla ole vaaraa. Video:\u00a0Jussi Eskola<\/p>\n<p class=\"article-body mb-(--paragraph-margin-b) px-nof-16\">Poliisi ep\u00e4ilee Raaseporissa viikonloppuna tapahtuneesta t\u00f6rke\u00e4st\u00e4 pahoinpitelyst\u00e4 ja kuolemantuottamuksesta 37-vuotiasta paikkakuntalaista miest\u00e4.<\/p>\n<p class=\"article-body mb-(--paragraph-margin-b) px-nof-16\">H\u00e4nen vangitsemistaan k\u00e4sitell\u00e4\u00e4n torstaina iltap\u00e4iv\u00e4ll\u00e4 L\u00e4nsi-Uudenmaan k\u00e4r\u00e4j\u00e4oikeudessa.<\/p>\n<p class=\"article-body mb-(--paragraph-margin-b) px-nof-16\">Yhden ihmisen kuolemaan johtaneet synk\u00e4t rikokset tapahtuivat lauantain ja sunnuntain v\u00e4lisen\u00e4 aikana. Iso poliisioperaatio, ulkosalla n\u00e4kyneet verij\u00e4ljet ja poliisin erist\u00e4m\u00e4 sininen per\u00e4k\u00e4rry her\u00e4ttiv\u00e4t runsaasti huomiota Kiilan omakotitaloalueella.<\/p>\n<p class=\"article-body mb-(--paragraph-margin-b) px-nof-16\">Poliisi on toistaiseksi ollut tapauksesta hyvin vaitonainen. Virkavalta ei ole kommentoinut esimerkiksi sit\u00e4, millainen suhde ep\u00e4illyll\u00e4 ja uhrilla on.<\/p>\n<p><img decoding=\"async\" src=\"https:\/\/www.europesays.com\/fi\/wp-content\/uploads\/2026\/09\/1788428533_36_468.jpg\" alt=\"Poliisi on tehnyt Karjaan Kiilassa tutkintaa useiden p\u00e4ivien ajan.\" class=\"_Img_1rerz_1\" style=\"aspect-ratio:1920\/1280\" loading=\"eager\"\/><\/p>\n<p class=\"font-(family-name:--picture-caption-font-family) text-(length:--picture-caption-font-size) leading-(--picture-caption-leading) font-(--picture-caption-font-weight) text-(color:--picture-caption-color) picture-with-caption__caption picture-with-caption__caption--default-full\">Poliisi on tehnyt Karjaan Kiilassa tutkintaa useiden p\u00e4ivien ajan. Kuva:\u00a0Jussi Eskola<\/p>\n<p class=\"article-body mb-(--paragraph-margin-b) px-nof-16\">Rikoksista ep\u00e4illyll\u00e4 miehell\u00e4 ei ole merkitt\u00e4v\u00e4\u00e4 aiempaa rikostaustaa ainakaan viimeisen kymmenen vuoden ajalta. H\u00e4nt\u00e4 on kerran syytetty oikeudessa huumausaineen k\u00e4ytt\u00f6rikoksesta.<\/p>\n<p class=\"article-body mb-(--paragraph-margin-b) px-nof-16\">Miehen nimiss\u00e4 on elintarvikealalla toimiva yritys, jonka tiedot menev\u00e4t niin ik\u00e4\u00e4n Raaseporiin.<\/p>\n<p><img decoding=\"async\" src=\"https:\/\/www.europesays.com\/fi\/wp-content\/uploads\/2026\/09\/1788428534_109_468.jpg\" alt=\"Kysymyksi\u00e4 on her\u00e4tt\u00e4nyt my\u00f6s poliisin erist\u00e4m\u00e4 sininen per\u00e4k\u00e4rry. K\u00e4rryn omistaja ei liity rikosep\u00e4ilyyn.\" class=\"_Img_1rerz_1\" style=\"aspect-ratio:1920\/1280\" loading=\"eager\"\/><\/p>\n<p class=\"font-(family-name:--picture-caption-font-family) text-(length:--picture-caption-font-size) leading-(--picture-caption-leading) font-(--picture-caption-font-weight) text-(color:--picture-caption-color) picture-with-caption__caption picture-with-caption__caption--default-full\">Kysymyksi\u00e4 on her\u00e4tt\u00e4nyt my\u00f6s poliisin erist\u00e4m\u00e4 sininen per\u00e4k\u00e4rry. K\u00e4rryn omistaja ei liity rikosep\u00e4ilyyn.<\/p>\n<p class=\"article-body mb-(--paragraph-margin-b) px-nof-16\">IS vieraili tapahtumapaikalla <a class=\"underline underline-offset-[0.12em] [text-decoration-thickness:var(--generic-link-underline-thickness)] [text-decoration-color:var(--generic-link-underline-color)] [text-decoration-skip-ink:var(--generic-link-underline-skip-ink)] break-words\" href=\"https:\/\/www.is.fi\/kotimaa\/art-2000012247775.html\" rel=\"nofollow noopener\" target=\"_blank\">Karjaan Kiilassa keskiviikkona iltap\u00e4iv\u00e4ll\u00e4<\/a>.<\/p>\n<p class=\"article-body mb-(--paragraph-margin-b) px-nof-16\">Omakotitaloalueella parikymment\u00e4 vuotta asunut <a class=\"font-bold underline-offset-[0.12em] [text-decoration:var(--person-link-text-decoration)] [text-decoration-color:var(--person-link-text-decoration-color)]!\" href=\"https:\/\/www.is.fi\/haku\/?query=Susanna\" rel=\"nofollow noopener\" target=\"_blank\">Susanna<\/a>, 60, lenkitti koiriaan tiistaiaamuna, kun h\u00e4n huomasi maassa isoja kuivuneita verij\u00e4lki\u00e4.<\/p>\n<p class=\"article-body mb-(--paragraph-margin-b) px-nof-16\">\u2013 Tekij\u00e4st\u00e4kin huhutaan. Olen tavannut huhujen kohteena olevan kyseisen rauhallisen henkil\u00f6n monta kertaa. Olemme moikanneet, sen kummemmin emme ole jutelleet, Susanna kertoi Ilta-Sanomille.<\/p>\n<p class=\"article-body mb-(--paragraph-margin-b) px-nof-16\">Poliisin erist\u00e4m\u00e4n, sinisen per\u00e4k\u00e4rryn omistava <a class=\"font-bold underline-offset-[0.12em] [text-decoration:var(--person-link-text-decoration)] [text-decoration-color:var(--person-link-text-decoration-color)]!\" href=\"https:\/\/www.is.fi\/haku\/?query=Jan%20Eklund,\" rel=\"nofollow noopener\" target=\"_blank\">Jan Eklund,<\/a> 70, kertoi saaneensa pojaltaan h\u00e4mment\u00e4v\u00e4n puhelun sunnuntaina.<\/p>\n<p class=\"article-body mb-(--paragraph-margin-b) px-nof-16\">\u2013 Poikani kysyi, ett\u00e4 ovatko poliisit soittaneet. H\u00e4n kertoi, ett\u00e4 per\u00e4k\u00e4rryn ymp\u00e4rill\u00e4 h\u00e4\u00e4rii poliiseja. Kuulemma verta oli aika paljon kadulla ja jonkin verran k\u00e4rryss\u00e4.<\/p>\n<p class=\"article-body mb-(--paragraph-margin-b) px-nof-16\">Poliisi on kertonut, ett\u00e4 tapauksesta pyrit\u00e4\u00e4n tiedottamaan lis\u00e4\u00e4 torstain aikana.<\/p>\n<p><img decoding=\"async\" src=\"https:\/\/images.sanoma-sndp.fi\/f6b560fe2332a1dc1f130720bc47a6f6.svg\" alt=\"\" class=\"_Img_1rerz_1\" style=\"aspect-ratio:234\/150\" loading=\"eager\"\/><\/p>\n","protected":false},"excerpt":{"rendered":"Paikkakuntalaisella miehell\u00e4 on elintarvikealan yritys. Ep\u00e4ilty joutuu torstaina iltap\u00e4iv\u00e4ll\u00e4 oikeuden eteen. Poliisi on tiedottanut niukasti, mutta ilmoittanut, ettei&hellip;\n","protected":false},"author":2,"featured_media":340268,"comment_status":"","ping_status":"","sticky":false,"template":"","format":"standard","meta":{"footnotes":"","_share_on_mastodon":"0"},"categories":[5],"tags":[22,23,26,27,33,31,30,17,34,24,25,28,29,15,18,21,32,19,20,16],"class_list":["post-340267","post","type-post","status-publish","format-standard","has-post-thumbnail","category-otsikot","tag-breaking-news","tag-breakingnews","tag-featured-news","tag-featurednews","tag-fi","tag-finland","tag-finnish","tag-headlines","tag-ilta-sanomat","tag-latest-news","tag-latestnews","tag-main-news","tag-mainnews","tag-news","tag-otsikot","tag-paauutiset","tag-suomi","tag-top-stories","tag-topstories","tag-uutiset"],"share_on_mastodon":{"url":"https:\/\/pubeurope.com\/@fi\/117206460260954894","error":""},"_links":{"self":[{"href":"https:\/\/www.europesays.com\/fi\/wp-json\/wp\/v2\/posts\/340267","targetHints":{"allow":["GET"]}}],"collection":[{"href":"https:\/\/www.europesays.com\/fi\/wp-json\/wp\/v2\/posts"}],"about":[{"href":"https:\/\/www.europesays.com\/fi\/wp-json\/wp\/v2\/types\/post"}],"author":[{"embeddable":true,"href":"https:\/\/www.europesays.com\/fi\/wp-json\/wp\/v2\/users\/2"}],"replies":[{"embeddable":true,"href":"https:\/\/www.europesays.com\/fi\/wp-json\/wp\/v2\/comments?post=340267"}],"version-history":[{"count":0,"href":"https:\/\/www.europesays.com\/fi\/wp-json\/wp\/v2\/posts\/340267\/revisions"}],"wp:featuredmedia":[{"embeddable":true,"href":"https:\/\/www.europesays.com\/fi\/wp-json\/wp\/v2\/media\/340268"}],"wp:attachment":[{"href":"https:\/\/www.europesays.com\/fi\/wp-json\/wp\/v2\/media?parent=340267"}],"wp:term":[{"taxonomy":"category","embeddable":true,"href":"https:\/\/www.europesays.com\/fi\/wp-json\/wp\/v2\/categories?post=340267"},{"taxonomy":"post_tag","embeddable":true,"href":"https:\/\/www.europesays.com\/fi\/wp-json\/wp\/v2\/tags?post=340267"}],"curies":[{"name":"wp","href":"https:\/\/api.w.org\/{rel}","templated":true}]}}