{"id":340269,"date":"2026-09-03T10:01:12","date_gmt":"2026-09-03T10:01:12","guid":{"rendered":"https:\/\/www.europesays.com\/fi\/340269\/"},"modified":"2026-09-03T10:01:12","modified_gmt":"2026-09-03T10:01:12","slug":"nokia-areenan-aitioihin-tehtiin-isoja-muutoksia","status":"publish","type":"post","link":"https:\/\/www.europesays.com\/fi\/340269\/","title":{"rendered":"Nokia-areenan aitioihin tehtiin isoja muutoksia"},"content":{"rendered":"<p>Tampereen areenassa on tehty kes\u00e4n aikana muutost\u00f6it\u00e4.<\/p>\n<p><img decoding=\"async\" src=\"https:\/\/www.europesays.com\/fi\/wp-content\/uploads\/2026\/09\/1788429671_16_468.jpg\" alt=\"Nokia-areenan p\u00e4\u00e4k\u00e4ytt\u00e4j\u00e4t ovat SM-liigaseurat Ilves ja Tappara.\" class=\"_Img_1rerz_1\" style=\"aspect-ratio:1920\/1080\" loading=\"eager\"\/><\/p>\n<p class=\"font-(family-name:--picture-caption-font-family) text-(length:--picture-caption-font-size) leading-(--picture-caption-leading) font-(--picture-caption-font-weight) text-(color:--picture-caption-color)\">Nokia-areenan p\u00e4\u00e4k\u00e4ytt\u00e4j\u00e4t ovat SM-liigaseurat Ilves ja Tappara. Kuva:\u00a0Jukka Ritola \/ Aamulehti<\/p>\n<p class=\"article-body mb-(--paragraph-margin-b) px-nof-16\">Tampereen Nokia-areenassa on tehty kes\u00e4n aikana remonttia.<\/p>\n<p class=\"article-body mb-(--paragraph-margin-b) px-nof-16\">Vaikka areenan avaamisesta ei ole ehtinyt kulua viel\u00e4 edes viitt\u00e4 vuotta, toimitusjohtaja <a class=\"font-bold underline-offset-[0.12em] [text-decoration:var(--person-link-text-decoration)] [text-decoration-color:var(--person-link-text-decoration-color)]!\" href=\"https:\/\/www.aamulehti.fi\/haku\/?query=Marko%20Hurme\" rel=\"nofollow noopener\" target=\"_blank\">Marko Hurme<\/a> kertoo, ett\u00e4 jo useampana kes\u00e4n\u00e4 areenan on t\u00e4ytynyt muovautua asiakkaiden muuttuneisiin vaatimuksiin.<\/p>\n<p class=\"article-body mb-(--paragraph-margin-b) px-nof-16\">T\u00e4m\u00e4n kes\u00e4n remontit koskivat areenan aitioita.<\/p>\n<p class=\"article-body mb-(--paragraph-margin-b) px-nof-16\">Yksi remonttiin joutuneista aitioista oli kiekkolegenda <a class=\"font-bold underline-offset-[0.12em] [text-decoration:var(--person-link-text-decoration)] [text-decoration-color:var(--person-link-text-decoration-color)]!\" href=\"https:\/\/www.aamulehti.fi\/haku\/?query=Timo%20Jutilalla\" rel=\"nofollow noopener\" target=\"_blank\">Timo Jutilalla<\/a> vuokralla ollut tila, josta h\u00e4n on tosin kertonut luopuvansa.<\/p>\n<p class=\"article-body mb-(--paragraph-margin-b) px-nof-16\">\u201dT\u00e4n\u00e4 kes\u00e4n\u00e4 teimme uudentyyppist\u00e4 aitiokonseptia\u201d, Hurme kertoo.<\/p>\n<p class=\"article-body mb-(--paragraph-margin-b) px-nof-16\">Hurmeen mukaan remontin j\u00e4lkeen useampia aitioita pystyy yhdist\u00e4m\u00e4\u00e4n isommaksi tilaksi.<\/p>\n<p class=\"article-body mb-(--paragraph-margin-b) px-nof-16\">\u201dKun teemme suurkisoja, tarvitsemme VIP-alueiksi muuntuvia kokonaisuuksia. T\u00e4m\u00e4 uusi aitiokokonaisuus taipuu siihen, ett\u00e4 voi tulla 138 henke\u00e4 vaikka yht\u00e4 ryhm\u00e4\u00e4 kerralla.\u201d<\/p>\n<p class=\"article-body mb-(--paragraph-margin-b) px-nof-16\">\u201dToinen syy (remonttiin) on se, ett\u00e4 t\u00e4n\u00e4 p\u00e4iv\u00e4n\u00e4 kuluttajien tarve on aika lailla erilainen. Pit\u00e4\u00e4 tehd\u00e4 tiloja, jotka sopivat kuluttajille ja heid\u00e4n k\u00e4ytt\u00f6tarpeisiinsa\u201d, ei siis pelk\u00e4st\u00e4\u00e4n 15 hengen aitioita.<\/p>\n<p class=\"article-body mb-(--paragraph-margin-b) px-nof-16\">Toisin kuin Helsingin Veikkaus-areenassa, Nokia-areenassa kaikki aitiot ovat pelk\u00e4st\u00e4\u00e4n pitk\u00e4aikaisvuokrattuja. Helsingiss\u00e4 aitiot myytiin yrityksille ja sijoittajille osakkeina jo areenan rakennusvaiheessa 1990-luvulla.<\/p>\n<p class=\"article-body mb-(--paragraph-margin-b) px-nof-16\">Hurmeen mukaan Nokia-areenan aitiom\u00e4\u00e4r\u00e4 ei kuitenkaan v\u00e4hentynyt kes\u00e4n remontissa.<\/p>\n<p class=\"article-body mb-(--paragraph-margin-b) px-nof-16\">\u201dSe on vain tehty monimuotoisemmaksi, ett\u00e4 tarvittaessa aluetta pystyy jakamaan my\u00f6s isommiksi lohkoiksi.\u201d<\/p>\n<p class=\"article-body mb-(--paragraph-margin-b) px-nof-16\">\u201dKuuntelemme tietenkin isoimpia j\u00e4rjest\u00e4ji\u00e4, jotka k\u00e4ytt\u00e4v\u00e4t palveluitamme. Mukaan lukien tietysti p\u00e4\u00e4k\u00e4ytt\u00e4j\u00e4mme Ilves ja Tappara.\u201d<\/p>\n<p class=\"article-body mb-(--paragraph-margin-b) px-nof-16\">Ensi viikon torstaista alkaen Nokia-areenassa pelataan lentopallon EM-kisojen alkulohkon otteluita viikon ajan. Ilves ja Tappara pelaavat SM-liigakauden ensimm\u00e4iset kotipelins\u00e4 areenassa syyskuun lopulla.<\/p>\n<p><img decoding=\"async\" src=\"https:\/\/www.europesays.com\/fi\/wp-content\/uploads\/2026\/09\/1788429672_642_468.jpg\" alt=\"Nokia-areena muovautuu syyskuussa j\u00e4lleen lentopallon\u00e4ytt\u00e4m\u00f6ksi. Kuva hein\u00e4kuun Euroopan liigan finaalista.\" class=\"_Img_1rerz_1\" style=\"aspect-ratio:1920\/1280\" loading=\"eager\"\/><\/p>\n<p class=\"font-(family-name:--picture-caption-font-family) text-(length:--picture-caption-font-size) leading-(--picture-caption-leading) font-(--picture-caption-font-weight) text-(color:--picture-caption-color) picture-with-caption__caption picture-with-caption__caption--default-full\">Nokia-areena muovautuu syyskuussa j\u00e4lleen lentopallon\u00e4ytt\u00e4m\u00f6ksi. Kuva hein\u00e4kuun Euroopan liigan finaalista. Kuva:\u00a0Hilma Toivonen \/ Aamulehti<\/p>\n","protected":false},"excerpt":{"rendered":"Tampereen areenassa on tehty kes\u00e4n aikana muutost\u00f6it\u00e4. Nokia-areenan p\u00e4\u00e4k\u00e4ytt\u00e4j\u00e4t ovat SM-liigaseurat Ilves ja Tappara. Kuva:\u00a0Jukka Ritola \/ Aamulehti&hellip;\n","protected":false},"author":2,"featured_media":340270,"comment_status":"","ping_status":"","sticky":false,"template":"","format":"standard","meta":{"footnotes":"","_share_on_mastodon":"0"},"categories":[158],"tags":[157,33,31,30,159,32,160],"class_list":["post-340269","post","type-post","status-publish","format-standard","has-post-thumbnail","category-urheilu","tag-aamulehti","tag-fi","tag-finland","tag-finnish","tag-sports","tag-suomi","tag-urheilu"],"share_on_mastodon":{"url":"https:\/\/pubeurope.com\/@fi\/117206535189648660","error":""},"_links":{"self":[{"href":"https:\/\/www.europesays.com\/fi\/wp-json\/wp\/v2\/posts\/340269","targetHints":{"allow":["GET"]}}],"collection":[{"href":"https:\/\/www.europesays.com\/fi\/wp-json\/wp\/v2\/posts"}],"about":[{"href":"https:\/\/www.europesays.com\/fi\/wp-json\/wp\/v2\/types\/post"}],"author":[{"embeddable":true,"href":"https:\/\/www.europesays.com\/fi\/wp-json\/wp\/v2\/users\/2"}],"replies":[{"embeddable":true,"href":"https:\/\/www.europesays.com\/fi\/wp-json\/wp\/v2\/comments?post=340269"}],"version-history":[{"count":0,"href":"https:\/\/www.europesays.com\/fi\/wp-json\/wp\/v2\/posts\/340269\/revisions"}],"wp:featuredmedia":[{"embeddable":true,"href":"https:\/\/www.europesays.com\/fi\/wp-json\/wp\/v2\/media\/340270"}],"wp:attachment":[{"href":"https:\/\/www.europesays.com\/fi\/wp-json\/wp\/v2\/media?parent=340269"}],"wp:term":[{"taxonomy":"category","embeddable":true,"href":"https:\/\/www.europesays.com\/fi\/wp-json\/wp\/v2\/categories?post=340269"},{"taxonomy":"post_tag","embeddable":true,"href":"https:\/\/www.europesays.com\/fi\/wp-json\/wp\/v2\/tags?post=340269"}],"curies":[{"name":"wp","href":"https:\/\/api.w.org\/{rel}","templated":true}]}}