{"id":340271,"date":"2026-09-03T10:02:16","date_gmt":"2026-09-03T10:02:16","guid":{"rendered":"https:\/\/www.europesays.com\/fi\/340271\/"},"modified":"2026-09-03T10:02:16","modified_gmt":"2026-09-03T10:02:16","slug":"teatteriarvio-aimo-rasanen-vauhdissa-taydellinen-lauantai-muuttuu-taydelliseksi-kaaokseksi-tt-frenckellin-lavalla-paikalliset","status":"publish","type":"post","link":"https:\/\/www.europesays.com\/fi\/340271\/","title":{"rendered":"Teatteriarvio | Aimo R\u00e4s\u00e4nen vauhdissa \u2013 T\u00e4ydellinen lauantai muuttuu t\u00e4ydelliseksi kaaokseksi TT-Frenckellin lavalla | Paikalliset"},"content":{"rendered":"<p>\t\t<a class=\"diks-gallery__link\" href=\"https:\/\/www.europesays.com\/fi\/wp-content\/uploads\/2026\/09\/11654289.jpg\" data-thumbnail=\"https:\/\/i.media.fi\/incoming\/dq6uak\/11654289.jpg\/alternates\/SQUARE_240\/11654289.jpg\" data-sub-html=\"Aimo R\u00e4s\u00e4sell\u00e4 on kova vauhti p\u00e4\u00e4ll\u00e4 n\u00e4ytelm\u00e4ss\u00e4. Heikki J\u00e4rvinen\" aria-label=\"Katso isompi kuva\"><br \/>\n\t\t\t\t<img class=\"diks-figure__image\" src=\"https:\/\/www.europesays.com\/fi\/wp-content\/uploads\/2026\/09\/11654289.jpg\" loading=\"lazy\" decoding=\"sync\" alt=\"\"\/><\/p>\n<p>\t\t\t<\/a><br \/>\n\t\t\t\t\tAimo R\u00e4s\u00e4sell\u00e4 on kova vauhti p\u00e4\u00e4ll\u00e4 n\u00e4ytelm\u00e4ss\u00e4. Heikki J\u00e4rvinen<\/p>\n<p class=\"diks-article__lead\">Ranskalaisen ohjaaja-kirjailija Florian Zellerin komedia T\u00e4ydellinen lauantai on viime vuosina ker\u00e4nnyt kiitosta monissa Suomenkin teattereissa. Nyt vuorossa on Tampereen Teatterin Frenckell-n\u00e4ytt\u00e4m\u00f6.<\/p>\n<p class=\"diks-byline__author\">Katariina Fleming<\/p>\n<p>\n\t\tT\u00e4n\u00e4\u00e4n 12:10<\/p>\n<p>\t\t\t\t<img decoding=\"async\" class=\"diks-byline__image\" src=\"https:\/\/www.europesays.com\/fi\/wp-content\/uploads\/2026\/09\/Katariina Fleming (1471659).jpg\" alt=\"Katariina Fleming\"\/><\/p>\n<p><strong>Florian Zeller<\/strong> on kirjoittanut monta menestysn\u00e4ytelm\u00e4\u00e4, kuten \u00c4iti, Poika, Is\u00e4, Totuus ja Labyrintti.<\/p>\n<p>Zeller my\u00f6s ohjasi Is\u00e4n elokuvaksi ja sen p\u00e4\u00e4roolissa loistanut <strong>Anthony Hopkins<\/strong> nappasi sill\u00e4 Oscar-palkinnon.<\/p>\n<p>N\u00e4ytelm\u00e4 sai ensi-iltansa Tampereen Ty\u00f6v\u00e4en Teatterin Eino Salmelaisen n\u00e4ytt\u00e4m\u00f6ll\u00e4 viime talvena ja se jatkaa syyskaudella. Muistisairaan is\u00e4n roolin tekee huikean taitavasti ja koskettavasti <strong>Esko Roine<\/strong>.<\/p>\n<p>\t\t<a class=\"diks-gallery__link\" href=\"https:\/\/i.media.fi\/incoming\/lkv6ht\/11654162.jpg\/alternates\/FREE_1440\/11654162.jpg\" data-thumbnail=\"\" data-sub-html=\"Eeva Hakulisen Elsa ja Aimo R\u00e4s\u00e4sen Markus selvittelev\u00e4t v\u00e4lej\u00e4\u00e4n, takana Mari Turusen hillitty Helena. Heikki J\u00e4rvinen\" aria-label=\"Katso isompi kuva\" rel=\"nofollow noopener\" target=\"_blank\"><br \/>\n\t\t\t\t<img class=\"diks-figure__image\" src=\"https:\/\/www.europesays.com\/fi\/wp-content\/uploads\/2026\/09\/11654162.jpg\" loading=\"lazy\" decoding=\"sync\" alt=\"\"\/><\/p>\n<p>\t\t\t<\/a><br \/>\n\t\t\t\t\tEeva Hakulisen Elsa ja Aimo R\u00e4s\u00e4sen Markus selvittelev\u00e4t v\u00e4lej\u00e4\u00e4n, takana Mari Turusen hillitty Helena. Heikki J\u00e4rvinen<\/p>\n<p>T\u00e4ydellinen lauantai on aivan toisentyyppinen n\u00e4ytelm\u00e4 kuin Is\u00e4. Yhteist\u00e4 niille on sujuva ja lennokas k\u00e4sikirjoitus ja perheen sis\u00e4iset ongelmat.<\/p>\n<p>Frenckellin n\u00e4ytt\u00e4m\u00f6ll\u00e4 jazzfani Markus (<strong>Aimo R\u00e4s\u00e4nen)<\/strong> on vuosien etsimisen j\u00e4lkeen l\u00f6yt\u00e4nyt kirpputorilta harvinaisen aarteen, <strong>Neil Youvartin<\/strong> Lp-levyn Me, Myself and I. Onnellisena Markus kiirehtii kotiin ja haluaa heti kuunnella sen rauhassa.<\/p>\n<p>Kotona odottaa kuitenkin hermostuneen tuntuinen vaimo, joka pahaenteisesti \u201dhaluaa keskustella\u201d. Pian paikalle pyyh\u00e4lt\u00e4\u00e4 my\u00f6s Sebastian-poika, vanha \u00e4iti soittaa, alakerran naapuri tulee valittamaan vesivahingosta, jota puolalainen putkimies yritt\u00e4\u00e4 korjata ja paljon muuta. Talossa k\u00e4y ovi niin tiuhaan, ettei t\u00e4ydellisest\u00e4 lauantaista ole tietoakaan \u2013 p\u00e4in vastoin: edess\u00e4 on t\u00e4ysi kaaos.<\/p>\n<p>T\u00e4ydellinen lauantai lep\u00e4\u00e4 paljon Aimo R\u00e4s\u00e4sen harteilla. Sit\u00e4 voisi kutsua jopa yhden miehen show\u00b4ksi, niin vahvasti mies roolinsa vet\u00e4\u00e4. Koko karuselli tuntuu py\u00f6riv\u00e4n h\u00e4nen ymp\u00e4rill\u00e4\u00e4n, ja Markus haluaisi vain saada olla yksin ja kuunnella levy\u00e4\u00e4n.<\/p>\n<p>Aimo R\u00e4s\u00e4nen on n\u00e4ytellyt saman roolin pari vuotta sitten H\u00e4meenlinnassa <strong>Kari Heiskasen<\/strong> ohjauksessa. Siell\u00e4 n\u00e4ytelm\u00e4\u00e4 mainostettiin farssina ja kyll\u00e4 n\u00e4ytelm\u00e4ss\u00e4 farssimaisia piirteit\u00e4 onkin.<\/p>\n<p>R\u00e4s\u00e4nen on Frenckellin lavalla kuin kotonaan \u2013 ottaa rennosti haltuun tilan.<\/p>\n<p>\t\t<a class=\"diks-gallery__link\" href=\"https:\/\/i.media.fi\/incoming\/3r8h7m\/11654155.jpg\/alternates\/FREE_1440\/11654155.jpg\" data-thumbnail=\"\" data-sub-html=\"Tommi Raitolehto tekee pienin keinoin kutkuttavan Pavel-naapurin. Heikki J\u00e4rvinen\" aria-label=\"Katso isompi kuva\" rel=\"nofollow noopener\" target=\"_blank\"><br \/>\n\t\t\t\t<img class=\"diks-figure__image\" src=\"https:\/\/www.europesays.com\/fi\/wp-content\/uploads\/2026\/09\/11654155.jpg\" loading=\"lazy\" decoding=\"sync\" alt=\"\"\/><\/p>\n<p>\t\t\t<\/a><br \/>\n\t\t\t\t\tTommi Raitolehto tekee pienin keinoin kutkuttavan Pavel-naapurin. Heikki J\u00e4rvinen<\/p>\n<p><strong>Mari Turunen<\/strong> on saanut Helena-vaimona hienon roolin ja tekee sen \u00e4\u00e4rimm\u00e4isell\u00e4 tarkkuudella ja intensiteetill\u00e4. Pienet eleet kertovat paljon, \u00e4\u00e4nt\u00e4 ei juuri tarvitse korottaa. Vuosikausia painanut asia vaatii ulostuloa ja keskustelua. Turunen on teatterinsa luotton\u00e4yttelij\u00f6it\u00e4 ja onnistuu kaikissa rooleissaan.<\/p>\n<p><strong>Ville Mikkonen<\/strong> tekee Sebastian-poikana huikean tulkinnan hukassa olevasta nykynuoresta. H\u00e4n on tarkkaan tutkinut nuorten miesten k\u00e4yt\u00f6st\u00e4, puheilmaisua ja eleit\u00e4 ja on todella uskottava.<\/p>\n<p><strong>Eeva Hakulisen<\/strong> hienosti tulkitsema Elsa on Helenan lapsuudenyst\u00e4v\u00e4, mutta onnistuu toiminnallaan sotkemaan heid\u00e4n v\u00e4lins\u00e4. Elsan ja Markuksen kiivaat keskustelut ovat herkullista seurattavaa.<\/p>\n<p>My\u00f6s <strong>Matti Hakulisen<\/strong> Paulilla on paljon selvitett\u00e4vi\u00e4 asioita yst\u00e4v\u00e4ns\u00e4 Markuksen kanssa. Hakulisen Pauli on vauhdikas ja hyv\u00e4syd\u00e4minen.<\/p>\n<p>Lis\u00e4maustetta ihmissuhdesoppaan tuo naapurin puolalainen Pavel (<strong>Tommi Raitolehto)<\/strong>. H\u00e4n tekee miehest\u00e4 hykerrytt\u00e4v\u00e4n kuvan pienin elein ja \u00e4\u00e4nenpainoin.<\/p>\n<p><strong>Arttu Ratisen <\/strong>puolalaisena esiintynyt remonttimies osoittautuukin virolaiseksi \u2013 n\u00e4in h\u00e4n saa paremmin t\u00f6it\u00e4 viisilapsiselle perheelleen. Ratinen hoitaa aina taidolla niin pienet kuin suuremmatkin roolity\u00f6ns\u00e4.<\/p>\n<p>\t\t<a class=\"diks-gallery__link\" href=\"https:\/\/i.media.fi\/incoming\/2d92l3\/11654172.jpg\/alternates\/FREE_1440\/11654172.jpg\" data-thumbnail=\"\" data-sub-html=\"N\u00e4ytelm\u00e4n taitava n\u00e4yttelij\u00e4joukko yhteispotretissa. Edess\u00e4 Ville Mikkonen, vas. Eeva Hakulinen, Aimo R\u00e4s\u00e4nen ja Mari Turunen, takana vas. Arttu Ratinen, Matti Hakulinen ja Tommi Raitolehto. Heikki J\u00e4rvinen\" aria-label=\"Katso isompi kuva\" rel=\"nofollow noopener\" target=\"_blank\"><br \/>\n\t\t\t\t<img class=\"diks-figure__image\" src=\"https:\/\/www.europesays.com\/fi\/wp-content\/uploads\/2026\/09\/11654172.jpg\" loading=\"lazy\" decoding=\"sync\" alt=\"\"\/><\/p>\n<p>\t\t\t<\/a><br \/>\n\t\t\t\t\tN\u00e4ytelm\u00e4n taitava n\u00e4yttelij\u00e4joukko yhteispotretissa. Edess\u00e4 Ville Mikkonen, vas. Eeva Hakulinen, Aimo R\u00e4s\u00e4nen ja Mari Turunen, takana vas. Arttu Ratinen, Matti Hakulinen ja Tommi Raitolehto. Heikki J\u00e4rvinen<\/p>\n<p><strong>Marika Vapaavuori<\/strong> on ohjaajana monipuolinen. H\u00e4nelt\u00e4 onnistuvat niin vaativat oopperat, draamat, komediat ja suuret spektaakkelit. T\u00e4ydellisen lauantain Vapaavuori on ohjannut sujuvan vauhdikkaaksi, kierroksia tulee koko ajan lis\u00e4\u00e4.<\/p>\n<p>Florian Zellerin k\u00e4sikirjoituksesta johtuen n\u00e4ytelm\u00e4n alku l\u00e4htee v\u00e4h\u00e4n hitaasti k\u00e4yntiin, mutta antaa my\u00f6s hyv\u00e4n pohjan tuleville tapahtumille.<\/p>\n<p><strong>Mari Pajulan <\/strong>pukusuunnittelu on oivaltavaa: Helena on hillityn tyylik\u00e4s, Sebastian kuin suoraan keikkapaikalta tuotu.<\/p>\n<p>Muokattu 3.9. kello 12.23: Vaihdettu p\u00e4\u00e4kuva.<\/p>\n<p class=\"diks-title diks-article-box__title\">T\u00e4ydellinen lauantai<\/p>\n<p>Florian Zellerin alkuper\u00e4isteos Une heure de tranquillit\u00e9 (2013)<\/p>\n<p>Saanut innoituksensa Simon Grayn teoksesta Otherwise Engaged.<\/p>\n<p>Suomennos Reita Lounatvuori<\/p>\n<p>Suomennoksen viimeistely Reita Lounatvuori ja Jaakko Saariluoma<\/p>\n<p>Ohjaus Marika Vapaavuori<\/p>\n<p>Lavastussuunnittelu Mikko Saastamoinen<\/p>\n<p>Pukusuunnittelu Mari Pajula<\/p>\n<p>Valosuunnittelu Mika Hiltunen<\/p>\n<p>\u00c4\u00e4nisuunnittelu Opa Pyysing<\/p>\n<p>Naamioinnin suunnittelu Kirsi Rintala<\/p>\n<p>Taistelukoordinaattori Marko Keskitalo<\/p>\n<p>Rooleissa Aimo R\u00e4s\u00e4nen, Mari Turunen, Ville Mikkonen, Matti Hakulinen, Eeva Hakulinen, Tommi Raitolehto, Arttu Ratinen<\/p>\n<p>Ensi-ilta 2.9.2026 TT:n Frenckell-n\u00e4ytt\u00e4m\u00f6ll\u00e4<\/p>\n","protected":false},"excerpt":{"rendered":"Aimo R\u00e4s\u00e4sell\u00e4 on kova vauhti p\u00e4\u00e4ll\u00e4 n\u00e4ytelm\u00e4ss\u00e4. Heikki J\u00e4rvinen Ranskalaisen ohjaaja-kirjailija Florian Zellerin komedia T\u00e4ydellinen lauantai on viime&hellip;\n","protected":false},"author":2,"featured_media":340272,"comment_status":"","ping_status":"","sticky":false,"template":"","format":"standard","meta":{"footnotes":"","_share_on_mastodon":"0"},"categories":[130],"tags":[13935,137,33,31,30,2109,2001,718,32,551,712,140,109],"class_list":["post-340271","post","type-post","status-publish","format-standard","has-post-thumbnail","category-viihde","tag-elamysten-aarella","tag-entertainment","tag-fi","tag-finland","tag-finnish","tag-hameenlinna","tag-kirjailijat","tag-nayttamotaide","tag-suomi","tag-tampere","tag-tampereen-seutukunta","tag-tv-ja-elokuvat","tag-viihde"],"share_on_mastodon":{"url":"https:\/\/pubeurope.com\/@fi\/117206538362740152","error":""},"_links":{"self":[{"href":"https:\/\/www.europesays.com\/fi\/wp-json\/wp\/v2\/posts\/340271","targetHints":{"allow":["GET"]}}],"collection":[{"href":"https:\/\/www.europesays.com\/fi\/wp-json\/wp\/v2\/posts"}],"about":[{"href":"https:\/\/www.europesays.com\/fi\/wp-json\/wp\/v2\/types\/post"}],"author":[{"embeddable":true,"href":"https:\/\/www.europesays.com\/fi\/wp-json\/wp\/v2\/users\/2"}],"replies":[{"embeddable":true,"href":"https:\/\/www.europesays.com\/fi\/wp-json\/wp\/v2\/comments?post=340271"}],"version-history":[{"count":0,"href":"https:\/\/www.europesays.com\/fi\/wp-json\/wp\/v2\/posts\/340271\/revisions"}],"wp:featuredmedia":[{"embeddable":true,"href":"https:\/\/www.europesays.com\/fi\/wp-json\/wp\/v2\/media\/340272"}],"wp:attachment":[{"href":"https:\/\/www.europesays.com\/fi\/wp-json\/wp\/v2\/media?parent=340271"}],"wp:term":[{"taxonomy":"category","embeddable":true,"href":"https:\/\/www.europesays.com\/fi\/wp-json\/wp\/v2\/categories?post=340271"},{"taxonomy":"post_tag","embeddable":true,"href":"https:\/\/www.europesays.com\/fi\/wp-json\/wp\/v2\/tags?post=340271"}],"curies":[{"name":"wp","href":"https:\/\/api.w.org\/{rel}","templated":true}]}}