{"id":340273,"date":"2026-09-03T10:05:24","date_gmt":"2026-09-03T10:05:24","guid":{"rendered":"https:\/\/www.europesays.com\/fi\/340273\/"},"modified":"2026-09-03T10:05:24","modified_gmt":"2026-09-03T10:05:24","slug":"asumisen-hinta-nain-paljon-lisaa-asuntolaina-voi-maksaa-ensi-talvena-hs-fi","status":"publish","type":"post","link":"https:\/\/www.europesays.com\/fi\/340273\/","title":{"rendered":"Asumisen hinta | N\u00e4in paljon lis\u00e4\u00e4 asuntolaina voi maksaa ensi talvena &#8211; HS.fi"},"content":{"rendered":"<ol>\n<li><a href=\"https:\/\/news.google.com\/rss\/articles\/CBMiWkFVX3lxTE02Vmhwc0h3SWtXSWRhOFlvV0hDZGxyZ1VQWjRuTFBvTld6YUxYVFNUVmJjWFZtakt3ZktqaE5fNk5BajhodXJNSnNmT0dHRWFfMzNCdnNic2RaUQ?oc=5\" target=\"_blank\" rel=\"nofollow noopener\">Asumisen hinta | N\u00e4in paljon lis\u00e4\u00e4 asuntolaina voi maksaa ensi talvena<\/a>&nbsp;&nbsp;HS.fi<\/li>\n<li><a href=\"https:\/\/news.google.com\/rss\/articles\/CBMifkFVX3lxTE40VWxldnFuTFAtalVGLWloT01zUlNMZTFQVWgwMUk2dG9lbnRCSm02bVFNQmVBSU8xUS0zSURRYV82NjNuSmtGX2lSR1pFUXlhZG1OVTlCeWtod2VZYi1Kc2o1THBIMWl2dUZHZjBQbHpoZGNzR3lodGNONFlJUQ?oc=5\" target=\"_blank\" rel=\"nofollow noopener\">12 kuukauden euribor selv\u00e4sti yli 3 prosenttiin \u2013 Laskimme, millaiset lis\u00e4kulut lainaasi tulee<\/a>&nbsp;&nbsp;Talousel\u00e4m\u00e4<\/li>\n<li><a href=\"https:\/\/news.google.com\/rss\/articles\/CBMifkFVX3lxTE9zakNPOGZsT2NKbWY4YTNpUWFpRUoxck1RVTRwUzY2UC1remJtb3daX05LRkt1NXR2bThveGVocFlLM01GLUx6MEZndFVfR3BHSXRhenFsWEtVM1FwM3NOTHMtLUo4SVR0c3RVNThiay1xUTRsMU5ReFl6NDhFQQ?oc=5\" target=\"_blank\" rel=\"nofollow noopener\">Asuntovelallinen: Nyt on syyt\u00e4 kerrata n\u00e4m\u00e4 perusopit<\/a>&nbsp;&nbsp;Talousel\u00e4m\u00e4<\/li>\n<li><a href=\"https:\/\/news.google.com\/rss\/articles\/CBMifkFVX3lxTFA1Y0FzMGVmMUc3bXJoT0tRZ2tJNVFyb1d1RDUtN2lRTmVfSHlxamdSajh6ejVkeUpQVGZsYlhrb25HT051ZkRwUldPWXZFdkV0cldsUTVaSVlWU2FCMmZqR2ZKTk1vVUh4SDk1cy15Wjd2azVEcWoxWDZGTVpaQQ?oc=5\" target=\"_blank\" rel=\"nofollow noopener\">Aiotko suojata asuntolainasi \u2013 \u00c4l\u00e4 lankea t\u00e4h\u00e4n pankin kalliiseen ansaan<\/a>&nbsp;&nbsp;Talousel\u00e4m\u00e4<\/li>\n<li><a href=\"https:\/\/news.google.com\/rss\/articles\/CBMifkFVX3lxTE5zTERFTVl5RzdTXzVyR0lkYVdyUzdtWEtzTW1UTkJuSjJablV5aFMxVHJmNHV2YXA4bk8tazc1eEQ3QlU2c0JiR0hRNnQ4WUlScjd1Wm90N2QzSHB2UEFneXl5TlJzeHRKZ3NMdmlGU0pWYml2UG0tVTh4NUpiUQ?oc=5\" target=\"_blank\" rel=\"nofollow noopener\">Euribor ylitti jo 3,1 prosentin rajan \u2013 P\u00e4\u00e4analyytikko arvioi koron huomista suuntaa<\/a>&nbsp;&nbsp;Kauppalehti<\/li>\n<\/ol>\n","protected":false},"excerpt":{"rendered":"Asumisen hinta | N\u00e4in paljon lis\u00e4\u00e4 asuntolaina voi maksaa ensi talvena&nbsp;&nbsp;HS.fi 12 kuukauden euribor selv\u00e4sti yli 3 prosenttiin&hellip;\n","protected":false},"author":2,"featured_media":340274,"comment_status":"","ping_status":"","sticky":false,"template":"","format":"standard","meta":{"footnotes":"","_share_on_mastodon":"0"},"categories":[76],"tags":[79,77,33,31,30,46,32,78],"class_list":["post-340273","post","type-post","status-publish","format-standard","has-post-thumbnail","category-talous","tag-business","tag-economy","tag-fi","tag-finland","tag-finnish","tag-helsingin-sanomat","tag-suomi","tag-talous"],"share_on_mastodon":{"url":"https:\/\/pubeurope.com\/@fi\/117206550268398372","error":""},"_links":{"self":[{"href":"https:\/\/www.europesays.com\/fi\/wp-json\/wp\/v2\/posts\/340273","targetHints":{"allow":["GET"]}}],"collection":[{"href":"https:\/\/www.europesays.com\/fi\/wp-json\/wp\/v2\/posts"}],"about":[{"href":"https:\/\/www.europesays.com\/fi\/wp-json\/wp\/v2\/types\/post"}],"author":[{"embeddable":true,"href":"https:\/\/www.europesays.com\/fi\/wp-json\/wp\/v2\/users\/2"}],"replies":[{"embeddable":true,"href":"https:\/\/www.europesays.com\/fi\/wp-json\/wp\/v2\/comments?post=340273"}],"version-history":[{"count":0,"href":"https:\/\/www.europesays.com\/fi\/wp-json\/wp\/v2\/posts\/340273\/revisions"}],"wp:featuredmedia":[{"embeddable":true,"href":"https:\/\/www.europesays.com\/fi\/wp-json\/wp\/v2\/media\/340274"}],"wp:attachment":[{"href":"https:\/\/www.europesays.com\/fi\/wp-json\/wp\/v2\/media?parent=340273"}],"wp:term":[{"taxonomy":"category","embeddable":true,"href":"https:\/\/www.europesays.com\/fi\/wp-json\/wp\/v2\/categories?post=340273"},{"taxonomy":"post_tag","embeddable":true,"href":"https:\/\/www.europesays.com\/fi\/wp-json\/wp\/v2\/tags?post=340273"}],"curies":[{"name":"wp","href":"https:\/\/api.w.org\/{rel}","templated":true}]}}