{"id":340277,"date":"2026-09-03T10:07:11","date_gmt":"2026-09-03T10:07:11","guid":{"rendered":"https:\/\/www.europesays.com\/fi\/340277\/"},"modified":"2026-09-03T10:07:11","modified_gmt":"2026-09-03T10:07:11","slug":"paatoimittajalta-uutinen-jota-on-toivottu-ja-odotettu-retretti-on-mahdollisuus-koko-seudulle-paikalliset","status":"publish","type":"post","link":"https:\/\/www.europesays.com\/fi\/340277\/","title":{"rendered":"P\u00e4\u00e4toimittajalta | Uutinen, jota on toivottu ja odotettu \u2013 Retretti on mahdollisuus koko seudulle | Paikalliset"},"content":{"rendered":"<p>Savonlinnaan saatiin torstaina <a href=\"https:\/\/www.ita-savo.fi\/paikalliset\/9761457\" rel=\"nofollow noopener\" target=\"_blank\">erinomainen uutinen<\/a>, kun Retretin myyntiuutinen tuli julkisuuteen.<\/p>\n<p>Viel\u00e4 alkuvuodesta moni ep\u00e4ili, j\u00e4\u00e4k\u00f6 menneiden vuosien ainutlaatuinen matkailu- ja kulttuurikohde j\u00e4lleen vuosiksi odottamaan parempia aikoja. Mutta toisin k\u00e4vi. Retretill\u00e4 on nyt omistajat, joilla on sek\u00e4 uskottavuutta ett\u00e4 n\u00e4kemyst\u00e4 siit\u00e4, mit\u00e4 maailmanluokan luolatilalla voidaan tulevaisuudessa tehd\u00e4.<\/p>\n<p>Merkitt\u00e4v\u00e4\u00e4 on se, ett\u00e4 kaupan taustalla eiv\u00e4t ole pelk\u00e4t haaveet, vaan ostajista toinen Thomas Zilliacus on jo k\u00e4yt\u00e4nn\u00f6ss\u00e4 osoittanut kiinnostuksensa ja sitoutumisensa alueen kehitt\u00e4miseen. Zilliacus hankki omistukseensa jo aikaisemmin Hotelli Punkaharjun ja h\u00f6yrylaiva Paul Wahlin. Kaupan toinen osapuoli Marko H\u00e4kkinen puolestaan oli kes\u00e4n menestykseksi nousseen <a href=\"https:\/\/www.ita-savo.fi\/paikalliset\/9581320\" rel=\"nofollow noopener\" target=\"_blank\">Maan pulssi<\/a><a href=\"https:\/\/www.ita-savo.fi\/paikalliset\/9581320\" rel=\"nofollow noopener\" target=\"_blank\"> -n\u00e4yttelyn<\/a> keskeinen tekij\u00e4. Yhdess\u00e4 miehet muodostavat yhdistelm\u00e4n, jossa kohtaavat niin liiketoiminnan osaaminen kuin matkailun kehitt\u00e4minen ja taiteellinen n\u00e4kemys.<\/p>\n<p>Savonlinnan kaupungille kuuluu t\u00e4ss\u00e4 vaiheessa kiitos rohkeudesta. Hyvin suurella todenn\u00e4k\u00f6isyydell\u00e4 Retretin tulevaisuus ei olisi k\u00e4\u00e4ntynyt paremmaksi itsest\u00e4\u00e4n. Kaupunginhallituksen niukka p\u00e4\u00e4t\u00f6s turvata luolaston yll\u00e4pitoa ja mahdollistaa kes\u00e4n n\u00e4yttelytoiminta sai osakseen kritiikki\u00e4, kuten julkisen rahan k\u00e4ytt\u00f6 vaikeina aikoina usein saa ja on oikeutettua. Nyt kaupunginhallituksen p\u00e4\u00e4t\u00f6st\u00e4 voidaan pit\u00e4\u00e4 onnistuneena.<\/p>\n<p>Kes\u00e4n valotaiden\u00e4yttely todisti konkreettisesti sen, mink\u00e4 monet olivat ehk\u00e4 jo unohtaneet \u2013 Retretti kiinnostaa edelleen ihmisi\u00e4. Luolaston vetovoima ei ole kadonnut, kunhan sis\u00e4lt\u00f6 on kunnossa. Kaupungin panostus ei ainoastaan tuonut luolaan k\u00e4vij\u00f6it\u00e4, vaan se auttoi my\u00f6s luomaan tilanteen, jossa uskottava ostaja uskalsi tehd\u00e4 investointip\u00e4\u00e4t\u00f6ksen.<\/p>\n<p>Savonlinnan Retretti satsaus muistuttaa siit\u00e4, ett\u00e4 elinvoimaa ei rakenneta pelk\u00e4st\u00e4\u00e4n s\u00e4\u00e4st\u00e4m\u00e4ll\u00e4. Joskus tarvitaan harkittuja avauksia, joiden tavoitteena on synnytt\u00e4\u00e4 uutta toimintaa, ty\u00f6paikkoja ja matkailutuloa. Retretin tapauksessa riski n\u00e4ytt\u00e4\u00e4 muuttuneen mahdollisuudeksi.<\/p>\n<p>Matkailun n\u00e4k\u00f6kulmasta Retretin uudelleen her\u00e4\u00e4misen merkitys ulottuu paljon luolaston seini\u00e4 laajemmalle. Se vahvistaa Savonlinnan ja Punkaharjun asemaa matkailukokonaisuutena, koska luolaston lis\u00e4ksi alueella on my\u00f6s muuta vahvaa, laadukasta ja kehittyv\u00e4\u00e4 matkailutarjontaa. T\u00e4st\u00e4 kaikesta syntyy entist\u00e4 houkuttelevampi kokonaisuus niin kotimaisille kuin kansainv\u00e4lisillekin vieraille.<\/p>\n<p>Retretille on annettu nyt uusi mahdollisuus. Se kannattaa k\u00e4ytt\u00e4\u00e4 viisaasti, yhdess\u00e4 koko seudun hyv\u00e4ksi.<\/p>\n<p class=\"diks-storyline__additional-information\">Kirjoittaja on It\u00e4-Savon p\u00e4\u00e4toimittaja.<\/p>\n","protected":false},"excerpt":{"rendered":"Savonlinnaan saatiin torstaina erinomainen uutinen, kun Retretin myyntiuutinen tuli julkisuuteen. Viel\u00e4 alkuvuodesta moni ep\u00e4ili, j\u00e4\u00e4k\u00f6 menneiden vuosien ainutlaatuinen&hellip;\n","protected":false},"author":2,"featured_media":340278,"comment_status":"","ping_status":"","sticky":false,"template":"","format":"standard","meta":{"footnotes":"","_share_on_mastodon":"0"},"categories":[12],"tags":[22,23,26,27,33,31,30,17,2353,778,24,25,28,29,15,18,24122,21,4020,1000,16691,2374,32,19,20,16],"class_list":["post-340277","post","type-post","status-publish","format-standard","has-post-thumbnail","category-suomi","tag-breaking-news","tag-breakingnews","tag-featured-news","tag-featurednews","tag-fi","tag-finland","tag-finnish","tag-headlines","tag-hotellit-ja-majoitus","tag-kolumnit","tag-latest-news","tag-latestnews","tag-main-news","tag-mainnews","tag-news","tag-otsikot","tag-paatoimittajalta","tag-paauutiset","tag-retretti","tag-savonlinna","tag-savonlinnan-kaupunki","tag-savonlinnan-seutukunta","tag-suomi","tag-top-stories","tag-topstories","tag-uutiset"],"share_on_mastodon":{"url":"https:\/\/pubeurope.com\/@fi\/117206557869665046","error":""},"_links":{"self":[{"href":"https:\/\/www.europesays.com\/fi\/wp-json\/wp\/v2\/posts\/340277","targetHints":{"allow":["GET"]}}],"collection":[{"href":"https:\/\/www.europesays.com\/fi\/wp-json\/wp\/v2\/posts"}],"about":[{"href":"https:\/\/www.europesays.com\/fi\/wp-json\/wp\/v2\/types\/post"}],"author":[{"embeddable":true,"href":"https:\/\/www.europesays.com\/fi\/wp-json\/wp\/v2\/users\/2"}],"replies":[{"embeddable":true,"href":"https:\/\/www.europesays.com\/fi\/wp-json\/wp\/v2\/comments?post=340277"}],"version-history":[{"count":0,"href":"https:\/\/www.europesays.com\/fi\/wp-json\/wp\/v2\/posts\/340277\/revisions"}],"wp:featuredmedia":[{"embeddable":true,"href":"https:\/\/www.europesays.com\/fi\/wp-json\/wp\/v2\/media\/340278"}],"wp:attachment":[{"href":"https:\/\/www.europesays.com\/fi\/wp-json\/wp\/v2\/media?parent=340277"}],"wp:term":[{"taxonomy":"category","embeddable":true,"href":"https:\/\/www.europesays.com\/fi\/wp-json\/wp\/v2\/categories?post=340277"},{"taxonomy":"post_tag","embeddable":true,"href":"https:\/\/www.europesays.com\/fi\/wp-json\/wp\/v2\/tags?post=340277"}],"curies":[{"name":"wp","href":"https:\/\/api.w.org\/{rel}","templated":true}]}}