{"id":340279,"date":"2026-09-03T10:08:09","date_gmt":"2026-09-03T10:08:09","guid":{"rendered":"https:\/\/www.europesays.com\/fi\/340279\/"},"modified":"2026-09-03T10:08:09","modified_gmt":"2026-09-03T10:08:09","slug":"yli-80-ihmista-on-kuollut-venematkalla-kanariansaarille-kertovat-espanjalaismediat-uutisia-lyhyesti","status":"publish","type":"post","link":"https:\/\/www.europesays.com\/fi\/340279\/","title":{"rendered":"Yli 80 ihmist\u00e4 on kuollut venematkalla Kanariansaarille, kertovat espanjalaismediat | Uutisia lyhyesti"},"content":{"rendered":"<p class=\"aw__sc-1qwuw0s-0 aw__sc-ngllmo-0 epAWpq fzYpjk yle__article__paragraph\">Yli 80 ihmist\u00e4 on menehtynyt Gambiasta Espanjan Kanariansaarille suuntautuvalla venematkalla, kertovat espanjalaismediat.<\/p>\n<p class=\"aw__sc-1qwuw0s-0 aw__sc-ngllmo-0 epAWpq fzYpjk yle__article__paragraph\">Espanjalainen uutistoimisto EFE kertoo, ett\u00e4 pelastajat l\u00f6ysiv\u00e4t ruumiit pienest\u00e4 aluksesta, joka ajelehti noin 120 kilometrin p\u00e4\u00e4st\u00e4 Kanariansaarten etel\u00e4puolella.<\/p>\n<p class=\"aw__sc-1qwuw0s-0 aw__sc-ngllmo-0 epAWpq fzYpjk yle__article__paragraph\"><a class=\"aw__sc-ngllmo-1 bTDnwX yle__article__link\" href=\"https:\/\/www.elimparcial.es\/noticia\/301319\/sociedad\/al-menos-80-muertos-en-un-cayuco-a-la-deriva-al-sur-de-canarias-tras-26-dias-en-el-mar.html\" role=\"link\" rel=\"nofollow noopener\" target=\"_blank\">El Imparcial -lehden<\/a> mukaan veneen kyydiss\u00e4 oli kaikkiaan 128 ihmist\u00e4. Veneess\u00e4 oli 45 eloonj\u00e4\u00e4nytt\u00e4.<\/p>\n<p class=\"aw__sc-1qwuw0s-0 aw__sc-ngllmo-0 epAWpq fzYpjk yle__article__paragraph\">EFE:n mukaan pelastajat joutuivat j\u00e4tt\u00e4m\u00e4\u00e4n viiden ihmisen ruumiit veneeseen hankalien meriolosuhteiden vuoksi.<\/p>\n<p><img decoding=\"async\" alt=\"Kartalla Kanariansaaret ja Gambia.\" src=\"https:\/\/www.europesays.com\/fi\/wp-content\/uploads\/2026\/09\/1788426683.jpeg\" loading=\"lazy\" class=\"aw__sc-dklauk-0 LPzKX\"\/><\/p>\n<p>Avaa kuvien katselu<\/p>\n<p>Kuva: Tina Lund\u00e1n \/ Yle, Mapcreator, OpenStreetMap<\/p>\n<p class=\"aw__sc-1qwuw0s-0 aw__sc-ngllmo-0 epAWpq fzYpjk yle__article__paragraph\">Kansalaisj\u00e4rjest\u00f6 Caminando Fronteras <a class=\"aw__sc-ngllmo-1 bTDnwX yle__article__link\" href=\"https:\/\/www.infomigrants.net\/en\/post\/71829\/over-1300-dead-on-atlantic-route-to-canary-islands-to-date-in-2026\" role=\"link\" rel=\"nofollow noopener\" target=\"_blank\">kertoo<\/a>, ett\u00e4 yli 1300 siirtolaista on kuollut t\u00e4m\u00e4n vuoden aikana, kun he ovat pyrkineet Kanariansaarille.<\/p>\n<p class=\"aw__sc-1qwuw0s-0 aw__sc-ngllmo-0 epAWpq fzYpjk yle__article__paragraph\">Uutinen p\u00e4ivittyy.<\/p>\n","protected":false},"excerpt":{"rendered":"Yli 80 ihmist\u00e4 on menehtynyt Gambiasta Espanjan Kanariansaarille suuntautuvalla venematkalla, kertovat espanjalaismediat. Espanjalainen uutistoimisto EFE kertoo, ett\u00e4 pelastajat&hellip;\n","protected":false},"author":2,"featured_media":340280,"comment_status":"","ping_status":"","sticky":false,"template":"","format":"standard","meta":{"footnotes":"","_share_on_mastodon":"0"},"categories":[5],"tags":[22,23,1819,26,27,33,31,30,17,16667,24,25,3244,28,29,15,18,21,32,19,20,56,16],"class_list":["post-340279","post","type-post","status-publish","format-standard","has-post-thumbnail","category-otsikot","tag-breaking-news","tag-breakingnews","tag-espanja","tag-featured-news","tag-featurednews","tag-fi","tag-finland","tag-finnish","tag-headlines","tag-kanariansaaret","tag-latest-news","tag-latestnews","tag-maahanmuutto","tag-main-news","tag-mainnews","tag-news","tag-otsikot","tag-paauutiset","tag-suomi","tag-top-stories","tag-topstories","tag-ulkomaat","tag-uutiset"],"share_on_mastodon":{"url":"https:\/\/pubeurope.com\/@fi\/117206562565967718","error":""},"_links":{"self":[{"href":"https:\/\/www.europesays.com\/fi\/wp-json\/wp\/v2\/posts\/340279","targetHints":{"allow":["GET"]}}],"collection":[{"href":"https:\/\/www.europesays.com\/fi\/wp-json\/wp\/v2\/posts"}],"about":[{"href":"https:\/\/www.europesays.com\/fi\/wp-json\/wp\/v2\/types\/post"}],"author":[{"embeddable":true,"href":"https:\/\/www.europesays.com\/fi\/wp-json\/wp\/v2\/users\/2"}],"replies":[{"embeddable":true,"href":"https:\/\/www.europesays.com\/fi\/wp-json\/wp\/v2\/comments?post=340279"}],"version-history":[{"count":0,"href":"https:\/\/www.europesays.com\/fi\/wp-json\/wp\/v2\/posts\/340279\/revisions"}],"wp:featuredmedia":[{"embeddable":true,"href":"https:\/\/www.europesays.com\/fi\/wp-json\/wp\/v2\/media\/340280"}],"wp:attachment":[{"href":"https:\/\/www.europesays.com\/fi\/wp-json\/wp\/v2\/media?parent=340279"}],"wp:term":[{"taxonomy":"category","embeddable":true,"href":"https:\/\/www.europesays.com\/fi\/wp-json\/wp\/v2\/categories?post=340279"},{"taxonomy":"post_tag","embeddable":true,"href":"https:\/\/www.europesays.com\/fi\/wp-json\/wp\/v2\/tags?post=340279"}],"curies":[{"name":"wp","href":"https:\/\/api.w.org\/{rel}","templated":true}]}}