{"id":340283,"date":"2026-09-03T10:19:16","date_gmt":"2026-09-03T10:19:16","guid":{"rendered":"https:\/\/www.europesays.com\/fi\/340283\/"},"modified":"2026-09-03T10:19:16","modified_gmt":"2026-09-03T10:19:16","slug":"vuoristorata-seisoo-yha-nallikarissa-vaikka-tivoli-on-jo-lahtenyt-purkaminen-olisi-ollut-isotoista","status":"publish","type":"post","link":"https:\/\/www.europesays.com\/fi\/340283\/","title":{"rendered":"Vuoristorata seisoo yh\u00e4 Nallikarissa, vaikka tivoli on jo l\u00e4htenyt \u2013 \u201dPurkaminen olisi ollut isot\u00f6ist\u00e4\u201d"},"content":{"rendered":"<p>    <img decoding=\"async\" class=\"responsive-image article__image-image lozad\"   src=\"https:\/\/www.europesays.com\/fi\/wp-content\/uploads\/2026\/09\/jPP7pAR9-Tc8TyaX24Zc-3tRkdFpTXp0b_tCp7JiI0tlQy436qKQ9_4jahucqsfzy8YaKgRt5FMqUu831oNGkYgnURMHN8cSL5lx.jpeg\" alt=\"Suomen Tivolin muut laitteet l\u00e4htiv\u00e4t kiertueelle, mutta vuoristorata j\u00e4i Nallikariin.\"\/><\/p>\n<p>\n                Suomen Tivolin muut laitteet l\u00e4htiv\u00e4t kiertueelle, mutta vuoristorata j\u00e4i Nallikariin.\n              <\/p>\n<p>\n                Kuva: Maiju Pohjanheimo\n              <\/p>\n<p class=\"article__paragraph\">\n      Suomen Tivoli poistui Oulusta elokuun puolessa v\u00e4liss\u00e4, mutta vuoristorata makaa yh\u00e4 paikallaan Nallikarissa. Toimitusjohtaja Lulu Sariola kertoo, ett\u00e4 vuoristorata j\u00e4\u00e4 Ouluun talven yli.\n    <\/p>\n<p class=\"article__paragraph\">\n      \u2013\u202fVuoristoradan purkaminen olisi ollut isot\u00f6ist\u00e4 ja kuljetuskustannukset suuret, Sariola perustelee.\n    <\/p>\n<p class=\"article__paragraph\">\n      Tivolin muut laitteet kiersiv\u00e4t elokuussa Lahdessa ja Kuopiossa. Keravalle Tivoli suuntaa syyskuun ensimm\u00e4isen\u00e4 viikonloppuna, jonka j\u00e4lkeen laitteet vied\u00e4\u00e4n Tuusulaan.<\/p>\n<p>    Kaleva kertoo, mit\u00e4 Pohjois-Suomessa tapahtuu ja miksi sill\u00e4 on v\u00e4li\u00e4. Ensimm\u00e4iset 2 kk yhteens\u00e4 9,90 \u20ac<\/p>\n<p>Rajaton lukuoikeus verkkosivuilla ja sovelluksessa<br \/>\nN\u00e4k\u00f6islehdet ja arkisto<br \/>\nGalleriat, videot ja live-l\u00e4hetykset<br \/>\nPodcastit<br \/>\nP\u00e4ivitt\u00e4iset uutiset s\u00e4hk\u00f6postiisi<br \/>\nPelit ja koulutukset<br \/>\nTilaajaedut <\/p>\n","protected":false},"excerpt":{"rendered":"Suomen Tivolin muut laitteet l\u00e4htiv\u00e4t kiertueelle, mutta vuoristorata j\u00e4i Nallikariin. Kuva: Maiju Pohjanheimo Suomen Tivoli poistui Oulusta elokuun&hellip;\n","protected":false},"author":2,"featured_media":340284,"comment_status":"","ping_status":"","sticky":false,"template":"","format":"standard","meta":{"footnotes":"","_share_on_mastodon":"0"},"categories":[86],"tags":[420,33,31,30,421,32,91,92],"class_list":["post-340283","post","type-post","status-publish","format-standard","has-post-thumbnail","category-laitteet","tag-equipment","tag-fi","tag-finland","tag-finnish","tag-laitteet","tag-suomi","tag-technology","tag-teknologia"],"share_on_mastodon":{"url":"https:\/\/pubeurope.com\/@fi\/117206605682491773","error":""},"_links":{"self":[{"href":"https:\/\/www.europesays.com\/fi\/wp-json\/wp\/v2\/posts\/340283","targetHints":{"allow":["GET"]}}],"collection":[{"href":"https:\/\/www.europesays.com\/fi\/wp-json\/wp\/v2\/posts"}],"about":[{"href":"https:\/\/www.europesays.com\/fi\/wp-json\/wp\/v2\/types\/post"}],"author":[{"embeddable":true,"href":"https:\/\/www.europesays.com\/fi\/wp-json\/wp\/v2\/users\/2"}],"replies":[{"embeddable":true,"href":"https:\/\/www.europesays.com\/fi\/wp-json\/wp\/v2\/comments?post=340283"}],"version-history":[{"count":0,"href":"https:\/\/www.europesays.com\/fi\/wp-json\/wp\/v2\/posts\/340283\/revisions"}],"wp:featuredmedia":[{"embeddable":true,"href":"https:\/\/www.europesays.com\/fi\/wp-json\/wp\/v2\/media\/340284"}],"wp:attachment":[{"href":"https:\/\/www.europesays.com\/fi\/wp-json\/wp\/v2\/media?parent=340283"}],"wp:term":[{"taxonomy":"category","embeddable":true,"href":"https:\/\/www.europesays.com\/fi\/wp-json\/wp\/v2\/categories?post=340283"},{"taxonomy":"post_tag","embeddable":true,"href":"https:\/\/www.europesays.com\/fi\/wp-json\/wp\/v2\/tags?post=340283"}],"curies":[{"name":"wp","href":"https:\/\/api.w.org\/{rel}","templated":true}]}}