{"id":340285,"date":"2026-09-03T10:28:09","date_gmt":"2026-09-03T10:28:09","guid":{"rendered":"https:\/\/www.europesays.com\/fi\/340285\/"},"modified":"2026-09-03T10:28:09","modified_gmt":"2026-09-03T10:28:09","slug":"kalpa-sai-jattihaukut-liigaviikossa-mtv-uutiset","status":"publish","type":"post","link":"https:\/\/www.europesays.com\/fi\/340285\/","title":{"rendered":"KalPa sai j\u00e4ttihaukut Liigaviikossa | MTV Uutiset"},"content":{"rendered":"<p><strong class=\"typography-bold\">KalPan katastrofaalisen huono esitys kauden avausottelussa sai viikon kovimmat kritiikit Liigaviikon torstaina julkaistussa jaksossa.\u00a0<\/strong><\/p>\n<blockquote class=\"space-y-600 rounded-md bg-primary-100 px-600 py-1000 sub-theme-makuja:bg-makuja-100 sub-theme-makuja:text-primary-800 dark:bg-primary-500 sub-theme-makuja:dark:bg-makuja-900 sub-theme-makuja:dark:text-primary-100\"><p>Liigaviikko niputtaa<br \/>SM-liigan puheenaiheet!<\/p>\n<p>Uusi jakso katsottavissa maksutta <a class=\"underline\" data-testid=\"external-link\" href=\"https:\/\/www.mtv.fi\/ohjelma\/a287db586eb9775d067e\/liigaviikko\" rel=\"noopener nofollow\" target=\"_blank\">MTV Katsomossa<\/a> torstaisin ja nyt superkaudella 2026\u20132027 my\u00f6s maanantaisin.\u00a0<\/p>\n<\/blockquote>\n<p><a class=\"underline\" data-testid=\"external-link\" href=\"https:\/\/www.mtv.fi\/video\/8ea79f8079e9733180d5\/jakso-2-kalpalta-totaalisukellus-kauden-avauksessa-jokerien-ylla-heti-uhkakuvia\" rel=\"noopener nofollow\" target=\"_blank\"><strong class=\"typography-bold\">Liigaviikon tuore jakso, jossa isket\u00e4\u00e4n kiinni my\u00f6s uhkakuviin Jokerien ymp\u00e4rill\u00e4 sek\u00e4 Raumalla ja Oulussa vallitseviin paineisiin, on katsottavissa kokonaisuudessaan ilmaiseksi MTV Katsomossa<\/strong><\/a><strong class=\"typography-bold\">!<\/strong><\/p>\n<p>Toissa kev\u00e4\u00e4n mestari KalPa sai syyskaudelleen huonoimman mahdollisen alun, kun <a class=\"cursor-pointer underline\" data-testid=\"internal-link\" role=\"link\" href=\"https:\/\/www.mtvuutiset.fi\/artikkeli\/mtv-seuraa-sm-liigan-jattipanosten-kausi-alkaa-suora-lahetys-kaynnissa\/9386522\" rel=\"nofollow noopener\" target=\"_blank\">se kaatui Kiekko-Espoon k\u00e4sittelyss\u00e4 vieraskaukalossa per\u00e4ti 1\u20135 tiistaina<\/a>.\u00a0<\/p>\n<p>Lukemien lis\u00e4ksi h\u00e4mmensi KalPan kokonaisesitys. Sen hy\u00f6kk\u00e4ysuhka oli olematonta \u2013 mit\u00e4 alleviivasi nelj\u00e4 laukausta maalia kohden ensimm\u00e4iseen 40 minuuttiin \u2013 mink\u00e4 lis\u00e4ksi se lahjoitti is\u00e4nnille l\u00e4piajotilanteita liukuhihnalta.\u00a0<\/p>\n<p>\u2013 Melkein oli sellainen fiilis, ett\u00e4 siell\u00e4 oli noin 47 l\u00e4piajoa Kiekko-Espoolla. Kaikista ei tarvinnut edes maalia tehd\u00e4, Liigaviikon <strong class=\"typography-bold\">Teemu Niikko<\/strong> kuvaili v\u00e4rikk\u00e4\u00e4sti.\u00a0<\/p>\n","protected":false},"excerpt":{"rendered":"KalPan katastrofaalisen huono esitys kauden avausottelussa sai viikon kovimmat kritiikit Liigaviikon torstaina julkaistussa jaksossa.\u00a0 Liigaviikko niputtaaSM-liigan puheenaiheet! Uusi&hellip;\n","protected":false},"author":2,"featured_media":340286,"comment_status":"","ping_status":"","sticky":false,"template":"","format":"standard","meta":{"footnotes":"","_share_on_mastodon":"0"},"categories":[158],"tags":[33,31,30,159,32,160],"class_list":["post-340285","post","type-post","status-publish","format-standard","has-post-thumbnail","category-urheilu","tag-fi","tag-finland","tag-finnish","tag-sports","tag-suomi","tag-urheilu"],"share_on_mastodon":{"url":"https:\/\/pubeurope.com\/@fi\/117206641217036625","error":""},"_links":{"self":[{"href":"https:\/\/www.europesays.com\/fi\/wp-json\/wp\/v2\/posts\/340285","targetHints":{"allow":["GET"]}}],"collection":[{"href":"https:\/\/www.europesays.com\/fi\/wp-json\/wp\/v2\/posts"}],"about":[{"href":"https:\/\/www.europesays.com\/fi\/wp-json\/wp\/v2\/types\/post"}],"author":[{"embeddable":true,"href":"https:\/\/www.europesays.com\/fi\/wp-json\/wp\/v2\/users\/2"}],"replies":[{"embeddable":true,"href":"https:\/\/www.europesays.com\/fi\/wp-json\/wp\/v2\/comments?post=340285"}],"version-history":[{"count":0,"href":"https:\/\/www.europesays.com\/fi\/wp-json\/wp\/v2\/posts\/340285\/revisions"}],"wp:featuredmedia":[{"embeddable":true,"href":"https:\/\/www.europesays.com\/fi\/wp-json\/wp\/v2\/media\/340286"}],"wp:attachment":[{"href":"https:\/\/www.europesays.com\/fi\/wp-json\/wp\/v2\/media?parent=340285"}],"wp:term":[{"taxonomy":"category","embeddable":true,"href":"https:\/\/www.europesays.com\/fi\/wp-json\/wp\/v2\/categories?post=340285"},{"taxonomy":"post_tag","embeddable":true,"href":"https:\/\/www.europesays.com\/fi\/wp-json\/wp\/v2\/tags?post=340285"}],"curies":[{"name":"wp","href":"https:\/\/api.w.org\/{rel}","templated":true}]}}