{"id":340291,"date":"2026-09-03T10:32:12","date_gmt":"2026-09-03T10:32:12","guid":{"rendered":"https:\/\/www.europesays.com\/fi\/340291\/"},"modified":"2026-09-03T10:32:12","modified_gmt":"2026-09-03T10:32:12","slug":"alholmens-kraft-aikoo-sulkea-voimalan-pietarsaaressa-puolet-tyopaikoista-vaarassa-keski-pohjanmaa","status":"publish","type":"post","link":"https:\/\/www.europesays.com\/fi\/340291\/","title":{"rendered":"Alholmens Kraft aikoo sulkea voimalan Pietarsaaressa \u2013 puolet ty\u00f6paikoista vaarassa | Keski-Pohjanmaa"},"content":{"rendered":"<p class=\"aw__sc-1qwuw0s-0 aw__sc-1vg2sqm-0 epAWpq ecELkD yle__article__paragraph\">Energiayhti\u00f6 Alholmens Kraft aikoo sulkea isomman biovoimalansa, koska sen kannattavuus on heikko. Sulkemiseen vaikuttavat my\u00f6s uudet s\u00e4hk\u00f6kattilat.<\/p>\n<p><img decoding=\"async\" alt=\"Alholmens Kraft. \" src=\"https:\/\/www.europesays.com\/fi\/wp-content\/uploads\/2026\/09\/1652443394.jpeg\" class=\"aw__sc-dklauk-0 LPzKX\"\/><\/p>\n<p>Avaa kuvien katselu<\/p>\n<p>Arkistokuvassa etualalla suljettava AK2-voimalaitos. Kuva: Kalle Niskala \/ Yle<\/p>\n<p class=\"aw__sc-1qwuw0s-0 aw__sc-ngllmo-0 epAWpq fzYpjk yle__article__paragraph\">Alholmens Kraft aloittaa koko henkil\u00f6st\u00f6\u00e4 koskevat muutosneuvottelut Pietarsaaressa Pohjanmaalla. Neuvottelut voivat johtaa enint\u00e4\u00e4n 19 henkil\u00f6n irtisanomiseen. Yhti\u00f6ll\u00e4 on 39 ty\u00f6ntekij\u00e4\u00e4.<\/p>\n<p class=\"aw__sc-1qwuw0s-0 aw__sc-ngllmo-0 epAWpq fzYpjk yle__article__paragraph\">Syyn\u00e4 on yhti\u00f6n suuremman voimalan, AK2:n, heikko kannattavuus. Yhti\u00f6 aikoo sulkea voimalan ensi kev\u00e4\u00e4n\u00e4 l\u00e4mmityskauden j\u00e4lkeen.<\/p>\n<p class=\"aw__sc-1qwuw0s-0 aw__sc-ngllmo-0 epAWpq fzYpjk yle__article__paragraph\">Sulkemissuunnitelmaan vaikuttavat my\u00f6s kaksi 60 megawatin s\u00e4hk\u00f6kattilaa, jotka rakennetaan voimalaitosalueelle. Ne valmistuvat ensi kev\u00e4\u00e4n\u00e4. Niiden avulla tuotetaan kaukol\u00e4mp\u00f6\u00e4 Pietarsaaren alueelle.<\/p>\n<p class=\"aw__sc-1qwuw0s-0 aw__sc-ngllmo-0 epAWpq fzYpjk yle__article__paragraph\">AK2 otettiin k\u00e4ytt\u00f6\u00f6n vuonna 2001. Yhti\u00f6 on markkinoinut sit\u00e4 maailman suurimpana biopolttoaineella toimivana voimalana.<\/p>\n<p class=\"aw__sc-1qwuw0s-0 aw__sc-ngllmo-0 epAWpq fzYpjk yle__article__paragraph\">Alkuaikoina turve oli isossa roolissa, mutta sen merkitys on v\u00e4hentynyt.<\/p>\n<p class=\"aw__sc-1qwuw0s-0 aw__sc-ngllmo-0 epAWpq fzYpjk yle__article__paragraph\">Nyt voimalan t\u00e4rkein polttoaine on ollut kuori ja muut mets\u00e4talouden sivuvirrat. Turvetta on k\u00e4ytetty lis\u00e4- ja varapolttoaineena, sen osuus on ollut 10\u201320 prosenttia.<\/p>\n<p class=\"aw__sc-1qwuw0s-0 aw__sc-ngllmo-0 epAWpq fzYpjk yle__article__paragraph\">My\u00f6s kivihiilt\u00e4 on k\u00e4ytetty lis\u00e4- ja varapolttoaineena, kun turpeen saatavuus on ollut v\u00e4h\u00e4ist\u00e4.<\/p>\n<p class=\"aw__sc-1qwuw0s-0 aw__sc-ngllmo-0 epAWpq fzYpjk yle__article__paragraph\">AK2:n s\u00e4hk\u00f6teho on 240 megawattia ja l\u00e4mp\u00f6teho 160 MW.<\/p>\n<p class=\"aw__sc-1qwuw0s-0 aw__sc-ngllmo-0 epAWpq fzYpjk yle__article__paragraph\">\u2013 S\u00e4hk\u00f6n alhaiset markkinahinnat ja muutokset energiamarkkinoilla ovat tehneet tuotannon kannattamattomaksi. AK2 on toiminut p\u00e4\u00e4asiassa s\u00e4hk\u00f6n tuottajana, kertoo toimitusjohtaja <strong class=\"aw__sc-ngllmo-2 gdRrun yle__article__strong\">Bj\u00f6rn \u00c5kerlund<\/strong>.<\/p>\n<p class=\"aw__sc-1qwuw0s-0 aw__sc-ngllmo-0 epAWpq fzYpjk yle__article__paragraph\">Alholmens Kraftin pienempi yksikk\u00f6 AK1 toimii enemm\u00e4n l\u00e4mm\u00f6ntuottajana. Sen s\u00e4hk\u00f6teho on 25 MW ja l\u00e4mp\u00f6teho 85 MW. AK1:n kattilassa palaa p\u00e4\u00e4osin kuori ja muut mets\u00e4talouden sivuvirrat.<\/p>\n","protected":false},"excerpt":{"rendered":"Energiayhti\u00f6 Alholmens Kraft aikoo sulkea isomman biovoimalansa, koska sen kannattavuus on heikko. Sulkemiseen vaikuttavat my\u00f6s uudet s\u00e4hk\u00f6kattilat. Avaa&hellip;\n","protected":false},"author":2,"featured_media":340292,"comment_status":"","ping_status":"","sticky":false,"template":"","format":"standard","meta":{"footnotes":"","_share_on_mastodon":"0"},"categories":[76],"tags":[23808,2733,79,77,2038,3869,33,31,30,451,71,7918,10521,449,2328,4010,41961,932,32,78,3618],"class_list":["post-340291","post","type-post","status-publish","format-standard","has-post-thumbnail","category-talous","tag-alholmens-kraft","tag-biopolttoaineet","tag-business","tag-economy","tag-energia","tag-energia-ala","tag-fi","tag-finland","tag-finnish","tag-keski-pohjanmaa","tag-kotimaa","tag-pietarsaaren-seutukunta","tag-pietarsaari","tag-pohjanmaa","tag-polttoaineet","tag-sahkohuolto","tag-sahkon-ja-lammon-yhteistuotanto","tag-sahkontuotanto-ja-jakelu","tag-suomi","tag-talous","tag-turve"],"share_on_mastodon":{"url":"https:\/\/pubeurope.com\/@fi\/117206657483423087","error":""},"_links":{"self":[{"href":"https:\/\/www.europesays.com\/fi\/wp-json\/wp\/v2\/posts\/340291","targetHints":{"allow":["GET"]}}],"collection":[{"href":"https:\/\/www.europesays.com\/fi\/wp-json\/wp\/v2\/posts"}],"about":[{"href":"https:\/\/www.europesays.com\/fi\/wp-json\/wp\/v2\/types\/post"}],"author":[{"embeddable":true,"href":"https:\/\/www.europesays.com\/fi\/wp-json\/wp\/v2\/users\/2"}],"replies":[{"embeddable":true,"href":"https:\/\/www.europesays.com\/fi\/wp-json\/wp\/v2\/comments?post=340291"}],"version-history":[{"count":0,"href":"https:\/\/www.europesays.com\/fi\/wp-json\/wp\/v2\/posts\/340291\/revisions"}],"wp:featuredmedia":[{"embeddable":true,"href":"https:\/\/www.europesays.com\/fi\/wp-json\/wp\/v2\/media\/340292"}],"wp:attachment":[{"href":"https:\/\/www.europesays.com\/fi\/wp-json\/wp\/v2\/media?parent=340291"}],"wp:term":[{"taxonomy":"category","embeddable":true,"href":"https:\/\/www.europesays.com\/fi\/wp-json\/wp\/v2\/categories?post=340291"},{"taxonomy":"post_tag","embeddable":true,"href":"https:\/\/www.europesays.com\/fi\/wp-json\/wp\/v2\/tags?post=340291"}],"curies":[{"name":"wp","href":"https:\/\/api.w.org\/{rel}","templated":true}]}}