{"id":340299,"date":"2026-09-03T10:43:10","date_gmt":"2026-09-03T10:43:10","guid":{"rendered":"https:\/\/www.europesays.com\/fi\/340299\/"},"modified":"2026-09-03T10:43:10","modified_gmt":"2026-09-03T10:43:10","slug":"mikkeliin-nousee-165-megawatin-datakeskus-tekoalyalan-jattiyritykset-open-ai-ja-amazon-asiakkaina-etela-savo","status":"publish","type":"post","link":"https:\/\/www.europesays.com\/fi\/340299\/","title":{"rendered":"Mikkeliin nousee 165 megawatin datakeskus \u2013 teko\u00e4lyalan j\u00e4ttiyritykset Open AI ja Amazon asiakkaina | Etel\u00e4-Savo"},"content":{"rendered":"<p class=\"aw__sc-1qwuw0s-0 aw__sc-1vg2sqm-0 epAWpq ecELkD yle__article__paragraph\">Mikkelin datakeskuksen k\u00e4ytt\u00e4j\u00e4ksi tulee yhdysvaltalainen Cerebras. Yle selvitti, millaisesta yhti\u00f6st\u00e4 on kyse.<\/p>\n<p><img decoding=\"async\" alt=\"Henkil\u00f6 puhuu lavalla konferenssissa.\" src=\"https:\/\/www.europesays.com\/fi\/wp-content\/uploads\/2026\/09\/1760107583.jpeg\" class=\"aw__sc-dklauk-0 LPzKX\"\/><\/p>\n<p>Avaa kuvien katselu<\/p>\n<p>Yksi Cerebrasin omistajista on sijoittaja ja Open AI:n toimitusjohtaja Sam Altman. Kuva: Benjamin Legendre \/ AFP<\/p>\n<p class=\"aw__sc-1qwuw0s-0 aw__sc-ngllmo-0 epAWpq fzYpjk yle__article__paragraph\">Mikkeliin rakennetaan vaiheittain 165 megawatin datakeskus. Tiistaina uutisoitiin, ett\u00e4 sen <a class=\"aw__sc-ngllmo-1 bTDnwX yle__article__link\" href=\"https:\/\/yle.fi\/a\/74-20243499\" role=\"link\" rel=\"nofollow noopener\" target=\"_blank\">konesaleja alkaa py\u00f6ritt\u00e4\u00e4<\/a> yhdysvaltalainen Cerebras.<\/p>\n<p class=\"aw__sc-1qwuw0s-0 aw__sc-ngllmo-0 epAWpq fzYpjk yle__article__paragraph\">Suurikokoisia teko\u00e4lysiruja valmistava yhti\u00f6 tekee Mikkeliin merkitt\u00e4v\u00e4n investoinnin: Cerebrasin mukaan konesalit maksavat 1\u20131,7 miljardia euroa.<\/p>\n<p class=\"aw__sc-1qwuw0s-0 aw__sc-ngllmo-0 epAWpq fzYpjk yle__article__paragraph\">Yrityksen nimi ei ole toistaiseksi suurelle yleis\u00f6lle tuttu. Siksi Yle kysyi Helsingin yliopiston tietojenk\u00e4sittelytieteen professori <strong class=\"aw__sc-ngllmo-2 gdRrun yle__article__strong\">Jussi Kangasharjulta<\/strong>, millainen yhti\u00f6 on kyseess\u00e4.<\/p>\n<p class=\"aw__sc-1qwuw0s-0 aw__sc-ngllmo-0 epAWpq fzYpjk yle__article__paragraph\">Kangasharjun mukaan Cerebras kehitt\u00e4\u00e4 teko\u00e4lypiirej\u00e4 eri tavalla kuin muut alan yritykset.<\/p>\n<p class=\"aw__sc-1qwuw0s-0 aw__sc-ngllmo-0 epAWpq fzYpjk yle__article__paragraph\">\u2013 He valmistavat hyvin suuria teko\u00e4lysiruja. Koska Cerebrasin siru on iso, se pystyy k\u00e4sittelem\u00e4\u00e4n enemm\u00e4n tietoa, eik\u00e4 tietoa tarvitse v\u00e4litt\u00e4\u00e4 eri koneiden v\u00e4lill\u00e4. Se tekee teko\u00e4lyn k\u00e4yt\u00f6st\u00e4 nopeaa.<\/p>\n<p class=\"aw__sc-1qwuw0s-0 aw__sc-ngllmo-0 epAWpq fzYpjk yle__article__paragraph\">J\u00e4ttisirut on tarkoitettu raskaaseen teko\u00e4lylaskentaan, joten ne eiv\u00e4t voi korvata tavallisia tietokoneita.<\/p>\n<p class=\"aw__sc-1qwuw0s-0 aw__sc-ngllmo-0 epAWpq fzYpjk yle__article__paragraph\">\u2013 Kyseess\u00e4 ei ole yleisp\u00e4tev\u00e4 ratkaisu, joka valloittaisi koko teko\u00e4lyalan.<\/p>\n<p class=\"aw__sc-1qwuw0s-0 aw__sc-ngllmo-0 epAWpq fzYpjk yle__article__paragraph\">Mikkelin konesaleihin tulee Cerebrasin palvelimia, joilta yrityksen asiakkaat voivat ostaa tilaa teko\u00e4lyn koulutukseen ja k\u00e4ytt\u00f6\u00f6n.<\/p>\n<p><img decoding=\"async\" alt=\"akennusty\u00f6maalla useita nostureita, kaivinkoneita ja ty\u00f6miehi\u00e4, taustalla nousemassa betonipilareita.\" src=\"https:\/\/www.europesays.com\/fi\/wp-content\/uploads\/2026\/09\/1788260082.jpeg\" loading=\"lazy\" class=\"aw__sc-dklauk-0 LPzKX\"\/><\/p>\n<p>Avaa kuvien katselu<\/p>\n<p>Mikkelin Visulahteen nousevan datakeskuksen rakentaminen alkoi t\u00e4n\u00e4 kes\u00e4n\u00e4. Kuva: Simo Pitk\u00e4nen \/ Yle<\/p>\n<p class=\"aw__sc-1qwuw0s-0 aw__sc-ngllmo-0 epAWpq fzYpjk yle__article__paragraph\">Cerebrasin omistajiin kuuluu sijoittaja ja Open AI-yhti\u00f6n toimitusjohtaja <strong class=\"aw__sc-ngllmo-2 gdRrun yle__article__strong\">Sam Altman<\/strong>. Open AI kehitti ChatGPT:n, joka on yksi suosituimmista keskustelevista teko\u00e4lyist\u00e4.<\/p>\n<p class=\"aw__sc-1qwuw0s-0 aw__sc-ngllmo-0 epAWpq fzYpjk yle__article__paragraph\">Open AI teki Cerebrasin kanssa 10 miljardin dollarin sopimuksen t\u00e4m\u00e4n vuoden alussa. Yhti\u00f6n asiakkaisiin lukeutuu my\u00f6s toinen teko\u00e4lyalan j\u00e4tti Amazon Web Services (AWS).<\/p>\n<p class=\"aw__sc-1qwuw0s-0 aw__sc-ngllmo-0 epAWpq fzYpjk yle__article__paragraph\">Maailmanlaajuisesti Cerebras on Kangasharjun mukaan pieni yritys. Mikrosiruja ja n\u00e4yt\u00f6nohjaimia valmistava markkinajohtaja Nvidia on sit\u00e4 yli sata kertaa suurempi.<\/p>\n<p class=\"aw__sc-1qwuw0s-0 aw__sc-ngllmo-0 epAWpq fzYpjk yle__article__paragraph\">Professorin mielest\u00e4 yhti\u00f6n tulevaisuus n\u00e4ytt\u00e4\u00e4 kuitenkin hyv\u00e4lt\u00e4.<\/p>\n<p class=\"aw__sc-1qwuw0s-0 aw__sc-ngllmo-0 epAWpq fzYpjk yle__article__paragraph\">J\u00e4ttisiruille l\u00f6ytyy sopivia k\u00e4ytt\u00f6tarkoituksia, joten Cerebrasin on mahdollista kasvattaa markkinaosuuttaan.<\/p>\n<p class=\"aw__sc-1qwuw0s-0 aw__sc-ngllmo-0 epAWpq fzYpjk yle__article__paragraph\"><strong class=\"aw__sc-ngllmo-2 gdRrun yle__article__strong\">Mikkeliin rakennetaan aluksi yksi 50 megawatin konesali:<\/strong><\/p>\n<p>Video: Simo Pitk\u00e4nen \/ YleJ\u00e4ttiluokan datakeskuksia lis\u00e4\u00e4<\/p>\n<p class=\"aw__sc-1qwuw0s-0 aw__sc-ngllmo-0 epAWpq fzYpjk yle__article__paragraph\">Mikkelin datakeskuksen rakennuttamisesta ja yll\u00e4pidosta vastaa brittil\u00e4inen Compute Nordic.<\/p>\n<p class=\"aw__sc-1qwuw0s-0 aw__sc-ngllmo-0 epAWpq fzYpjk yle__article__paragraph\">Yhti\u00f6n toimitusjohtaja <strong class=\"aw__sc-ngllmo-2 gdRrun yle__article__strong\">Pyry Virrantauksen<\/strong> mukaan <a class=\"aw__sc-ngllmo-1 bTDnwX yle__article__link\" href=\"https:\/\/yle.fi\/a\/74-20243499\" role=\"link\" rel=\"nofollow noopener\" target=\"_blank\">ensimm\u00e4iset kaksi konesalia <\/a>on tarkoitus rakentaa ensi vuoden loppuun menness\u00e4. T\u00e4m\u00e4 tarkoittaisi 100 megawatin s\u00e4hk\u00f6nkulutusta.<\/p>\n<p class=\"aw__sc-1qwuw0s-0 aw__sc-ngllmo-0 epAWpq fzYpjk yle__article__paragraph\">Saman kokoluokan datakeskuksia on Suomessa vasta kaksi, Google Haminassa ja Nebius M\u00e4nts\u00e4l\u00e4ss\u00e4.<\/p>\n<p class=\"aw__sc-1qwuw0s-0 aw__sc-ngllmo-0 epAWpq fzYpjk yle__article__paragraph\">Lis\u00e4\u00e4 on tulossa. Microsoft rakentaa parhaillaan kolmea datakeskusta Vihtiin, Kirkkonummelle ja Espooseen.<\/p>\n<p class=\"aw__sc-1qwuw0s-0 aw__sc-ngllmo-0 epAWpq fzYpjk yle__article__paragraph\">\u2013 Kasvu kiihtyy, mutta en usko ett\u00e4 100 megawatin datakeskuksia olisi viiden vuoden p\u00e4\u00e4st\u00e4 yli kymment\u00e4, Jussi Kangasharju arvioi.<\/p>\n<p><img decoding=\"async\" alt=\"Rakenteilla oleva Espoon datakeskus. Kyltiss\u00e4 n\u00e4kyy lis\u00e4\u00e4 tietoa hankkeen aikataulusta ja vastuullisista yrityksist\u00e4.\" src=\"https:\/\/www.europesays.com\/fi\/wp-content\/uploads\/2026\/09\/1741948499.jpeg\" loading=\"lazy\" class=\"aw__sc-dklauk-0 LPzKX\"\/><\/p>\n<p>Avaa kuvien katselu<\/p>\n<p>Microsoft rakentaa Espooseen Hepokorvenkallion datakeskusta. Rakennusty\u00f6t alkoivat syksyll\u00e4 2024.  Kuva: Petteri B\u00fclow \/ Yle<\/p>\n<p class=\"aw__sc-1qwuw0s-0 aw__sc-ngllmo-0 epAWpq fzYpjk yle__article__paragraph\"><a class=\"aw__sc-ngllmo-1 bTDnwX yle__article__link\" href=\"https:\/\/yle.fi\/a\/74-20187804\" role=\"link\" rel=\"nofollow noopener\" target=\"_blank\">Teko\u00e4lyalaa hallitsee <\/a>muutama suuri yhdysvaltalainen ja kiinalainen yritys, jotka kilpailevat markkinajohtajuudesta ja sijoittavat satoja miljardeja dollareita datakeskuksiin.<\/p>\n<p class=\"aw__sc-1qwuw0s-0 aw__sc-ngllmo-0 epAWpq fzYpjk yle__article__paragraph\">T\u00e4m\u00e4 on her\u00e4tt\u00e4nyt huolta siit\u00e4, ett\u00e4 teko\u00e4lyteollisuus on kasvanut keinotekoisesti liian suureksi: jos usko teko\u00e4lyyn hiipuu, osakkeiden hinnat voivat romahtaa.<\/p>\n<p class=\"aw__sc-1qwuw0s-0 aw__sc-ngllmo-0 epAWpq fzYpjk yle__article__paragraph\">Tietojenk\u00e4sittelytieteen professori Jussi Kangasharjun mukaan datakeskuksille on tarvetta, vaikka teko\u00e4lykupla puhkeaisi. Se johtuu siit\u00e4, ett\u00e4 my\u00f6s perinteisen internetin k\u00e4ytt\u00f6 lis\u00e4\u00e4ntyy jatkuvasti.<\/p>\n<p class=\"aw__sc-1qwuw0s-0 aw__sc-ngllmo-0 epAWpq fzYpjk yle__article__paragraph\">Kaikki internetin v\u00e4lityksell\u00e4 liikkuva <a class=\"aw__sc-ngllmo-1 bTDnwX yle__article__link\" href=\"https:\/\/yle.fi\/a\/74-20148879\" role=\"link\" rel=\"nofollow noopener\" target=\"_blank\">tieto sijaitsee datakeskuksissa<\/a>. Niiden palvelimilla toimivat esimerkiksi verkkopankit ja suoratoistopalvelut.<\/p>\n<p class=\"aw__sc-1qwuw0s-0 aw__sc-ngllmo-0 epAWpq fzYpjk yle__article__paragraph\">\u2013 Datakeskuksille on kasvava tarve. Onko t\u00e4m\u00e4 kehitys mill\u00e4\u00e4n tavalla kest\u00e4v\u00e4\u00e4, se on toinen kysymys, Kangasharju sanoo.<\/p>\n","protected":false},"excerpt":{"rendered":"Mikkelin datakeskuksen k\u00e4ytt\u00e4j\u00e4ksi tulee yhdysvaltalainen Cerebras. Yle selvitti, millaisesta yhti\u00f6st\u00e4 on kyse. Avaa kuvien katselu Yksi Cerebrasin omistajista&hellip;\n","protected":false},"author":2,"featured_media":340300,"comment_status":"","ping_status":"","sticky":false,"template":"","format":"standard","meta":{"footnotes":"","_share_on_mastodon":"0"},"categories":[89],"tags":[432,431,184,33,31,30,71,685,1431,32,91,92,433,1356],"class_list":["post-340299","post","type-post","status-publish","format-standard","has-post-thumbnail","category-tekoaly","tag-ai","tag-artificial-intelligence","tag-etela-savo","tag-fi","tag-finland","tag-finnish","tag-kotimaa","tag-mikkeli","tag-palvelinkeskukset","tag-suomi","tag-technology","tag-teknologia","tag-tekoaly","tag-yritykset"],"share_on_mastodon":{"url":"https:\/\/pubeurope.com\/@fi\/117206700212489051","error":""},"_links":{"self":[{"href":"https:\/\/www.europesays.com\/fi\/wp-json\/wp\/v2\/posts\/340299","targetHints":{"allow":["GET"]}}],"collection":[{"href":"https:\/\/www.europesays.com\/fi\/wp-json\/wp\/v2\/posts"}],"about":[{"href":"https:\/\/www.europesays.com\/fi\/wp-json\/wp\/v2\/types\/post"}],"author":[{"embeddable":true,"href":"https:\/\/www.europesays.com\/fi\/wp-json\/wp\/v2\/users\/2"}],"replies":[{"embeddable":true,"href":"https:\/\/www.europesays.com\/fi\/wp-json\/wp\/v2\/comments?post=340299"}],"version-history":[{"count":0,"href":"https:\/\/www.europesays.com\/fi\/wp-json\/wp\/v2\/posts\/340299\/revisions"}],"wp:featuredmedia":[{"embeddable":true,"href":"https:\/\/www.europesays.com\/fi\/wp-json\/wp\/v2\/media\/340300"}],"wp:attachment":[{"href":"https:\/\/www.europesays.com\/fi\/wp-json\/wp\/v2\/media?parent=340299"}],"wp:term":[{"taxonomy":"category","embeddable":true,"href":"https:\/\/www.europesays.com\/fi\/wp-json\/wp\/v2\/categories?post=340299"},{"taxonomy":"post_tag","embeddable":true,"href":"https:\/\/www.europesays.com\/fi\/wp-json\/wp\/v2\/tags?post=340299"}],"curies":[{"name":"wp","href":"https:\/\/api.w.org\/{rel}","templated":true}]}}