{"id":340301,"date":"2026-09-03T10:46:38","date_gmt":"2026-09-03T10:46:38","guid":{"rendered":"https:\/\/www.europesays.com\/fi\/340301\/"},"modified":"2026-09-03T10:46:38","modified_gmt":"2026-09-03T10:46:38","slug":"resete-huoltaa-jatkossa-myos-hmdn-laitteet-suomessa","status":"publish","type":"post","link":"https:\/\/www.europesays.com\/fi\/340301\/","title":{"rendered":"Resete huoltaa jatkossa my\u00f6s HMD:n laitteet Suomessa"},"content":{"rendered":"<p><img loading=\"lazy\" decoding=\"async\" class=\"alignnone size-large wp-image-133224\" src=\"https:\/\/www.europesays.com\/fi\/wp-content\/uploads\/2026\/09\/HMD-resete-e1727694772587-1024x645.png\" alt=\"\" width=\"1024\" height=\"645\"\/><\/p>\n<p>Suomalainen HMD:n uusi valtuutettu huoltokumppani Suomessa on Resete. Yritys vastaa HMD:n laitteiden takuuhuolloista ja takuun ulkopuolisista huolloista Suomessa. <a href=\"https:\/\/suomimobiili.fi\/mobiililaitteiden-huoltoyritys-mcare-oy-haettu-konkurssiin\/\" rel=\"nofollow noopener\" target=\"_blank\">Aikaisemmin huolloista vastasi hein\u00e4kuussa konkurssiin haettu huoltoyritys Mcare.<\/a><\/p>\n<p><a href=\"https:\/\/suomimobiili.fi\/resete-on-jatkossa-oneplussan-ja-oppon-valtuutettu-huoltokumppani-suomessa\/\" rel=\"nofollow noopener\" target=\"_blank\">Hiljattain my\u00f6s OnePlus sek\u00e4 Oppo solmivat Reseten kanssa huoltokumppanuuden Mcaren konkurssin j\u00e4lkeen.<\/a><\/p>\n<p>\n\t\t\tArtikkeli jatkuu mainoksen j\u00e4lkeen\n\t\t<\/p>\n<p>HMD:n mukaan yhteisty\u00f6 on alkanut syyskuussa ja huollot toteutetaan HMD:n virallisten ohjeiden mukaan, alkuper\u00e4isill\u00e4 varaosilla.<\/p>\n<p style=\"padding-left: 40px;\">\u201dMe HMD:ll\u00e4 asetamme kest\u00e4vyyden ja helpon korjattavuuden etusijalle, joten my\u00f6s hyv\u00e4 ja luotettava huoltokumppani on meille erityisen t\u00e4rke\u00e4. Tavoitteenamme on parantaa ihmisten el\u00e4m\u00e4\u00e4, ja sen pit\u00e4\u00e4 tapahtua my\u00f6s ongelmatilanteissa. Reseten kanssa pystymme tekem\u00e4\u00e4n my\u00f6s huoltoasioista mahdollisimman sulavia\u201d, kertoo HMD:n Suomen maajohtaja\u00a0<strong>Kati Tammi.<\/strong><\/p>\n<p>\n\t\t\tArtikkeli jatkuu mainoksen j\u00e4lkeen\n\t\t<\/p>\n<p>Kuluttajalle HMD:n takuuhuolto toimii kuten ennenkin. Apua saa menem\u00e4ll\u00e4\u00a0HMD:n nettisivuille, jossa on selke\u00e4t toimintaohjeet. Toinen vaihtoehto on menn\u00e4 virallisen j\u00e4lleenmyyj\u00e4n luokse, jonka kautta puhelimen saa tarvittaessa l\u00e4hetetty\u00e4 huoltoon.<\/p>\n<p style=\"padding-left: 40px;\">\u201dResetelle huoltokumppanuus HMD:n kanssa on t\u00e4rke\u00e4 askel ja on hienoa p\u00e4\u00e4st\u00e4 vastaamaan suomalaisille t\u00e4rke\u00e4n merkin huolloista Suomessa. HMD:n valmistamat laitteet ovat tunnettuja kest\u00e4vyydest\u00e4\u00e4n ja k\u00e4ytett\u00e4vyydest\u00e4\u00e4n, pid\u00e4mme Resetell\u00e4 huolen, ett\u00e4 ne pysyv\u00e4t sellaisina koko elinkaarensa ajan.\u201d kertoo\u00a0<strong>Risto P\u00e4iv\u00e4nsalo<\/strong>, Reseten toimitusjohtaja.<\/p>\n<p><strong>L\u00e4hde: <\/strong>HMD:n tiedote<\/p>\n","protected":false},"excerpt":{"rendered":"Suomalainen HMD:n uusi valtuutettu huoltokumppani Suomessa on Resete. Yritys vastaa HMD:n laitteiden takuuhuolloista ja takuun ulkopuolisista huolloista Suomessa.&hellip;\n","protected":false},"author":2,"featured_media":340302,"comment_status":"","ping_status":"","sticky":false,"template":"","format":"standard","meta":{"footnotes":"","_share_on_mastodon":"0"},"categories":[86],"tags":[420,33,31,30,1139,1141,421,41962,32,91,92],"class_list":["post-340301","post","type-post","status-publish","format-standard","has-post-thumbnail","category-laitteet","tag-equipment","tag-fi","tag-finland","tag-finnish","tag-hmd","tag-hmd-global","tag-laitteet","tag-resete","tag-suomi","tag-technology","tag-teknologia"],"share_on_mastodon":{"url":"https:\/\/pubeurope.com\/@fi\/117206712054529987","error":""},"_links":{"self":[{"href":"https:\/\/www.europesays.com\/fi\/wp-json\/wp\/v2\/posts\/340301","targetHints":{"allow":["GET"]}}],"collection":[{"href":"https:\/\/www.europesays.com\/fi\/wp-json\/wp\/v2\/posts"}],"about":[{"href":"https:\/\/www.europesays.com\/fi\/wp-json\/wp\/v2\/types\/post"}],"author":[{"embeddable":true,"href":"https:\/\/www.europesays.com\/fi\/wp-json\/wp\/v2\/users\/2"}],"replies":[{"embeddable":true,"href":"https:\/\/www.europesays.com\/fi\/wp-json\/wp\/v2\/comments?post=340301"}],"version-history":[{"count":0,"href":"https:\/\/www.europesays.com\/fi\/wp-json\/wp\/v2\/posts\/340301\/revisions"}],"wp:featuredmedia":[{"embeddable":true,"href":"https:\/\/www.europesays.com\/fi\/wp-json\/wp\/v2\/media\/340302"}],"wp:attachment":[{"href":"https:\/\/www.europesays.com\/fi\/wp-json\/wp\/v2\/media?parent=340301"}],"wp:term":[{"taxonomy":"category","embeddable":true,"href":"https:\/\/www.europesays.com\/fi\/wp-json\/wp\/v2\/categories?post=340301"},{"taxonomy":"post_tag","embeddable":true,"href":"https:\/\/www.europesays.com\/fi\/wp-json\/wp\/v2\/tags?post=340301"}],"curies":[{"name":"wp","href":"https:\/\/api.w.org\/{rel}","templated":true}]}}