{"id":340313,"date":"2026-09-03T11:00:13","date_gmt":"2026-09-03T11:00:13","guid":{"rendered":"https:\/\/www.europesays.com\/fi\/340313\/"},"modified":"2026-09-03T11:00:13","modified_gmt":"2026-09-03T11:00:13","slug":"espanjan-paaministerin-mukaan-ei-ole-nayttoa-etta-marokko-oli-ceutan-siirtolaisryntayksen-takana-uutissuomalainen","status":"publish","type":"post","link":"https:\/\/www.europesays.com\/fi\/340313\/","title":{"rendered":"Espanjan p\u00e4\u00e4ministerin mukaan ei ole n\u00e4ytt\u00f6\u00e4, ett\u00e4 Marokko oli Ceutan siirtolaisrynt\u00e4yksen takana | Uutissuomalainen"},"content":{"rendered":"<p>Espanjan p\u00e4\u00e4ministerin Pedro Sanchezin mukaan ei ole n\u00e4ytt\u00f6\u00e4, ett\u00e4 Marokko olisi orkestroinut Ceutan siirtolaisrynt\u00e4yksen hein\u00e4kuussa. Sanchez kertoi asiasta puhuessaan Espanjan parlamentille.<\/p>\n<p>Sanchezin mukaan yksik\u00e4\u00e4n laki- tai poliisi-instituutio, Euroopan komissio tai kansainv\u00e4linen elin ei ole esitt\u00e4nyt Espanjan hallitukselle todisteita, ett\u00e4 Marokko olisi toteuttanut rynt\u00e4yksen. Aiemmin julkaistu poliisiraportti oli kuitenkin todennut Marokon turvallisuusjoukkojen ep\u00e4onnistuneen usealla osa-alueella rynt\u00e4yksen aikana.<\/p>\n<p>Uutistoimisto AFP:n n\u00e4kem\u00e4n raportin mukaan osa Marokon poliiseista olisi ohjannut siirtolaisia mereen, jonka kautta suurin osa heist\u00e4 ui Ceutan puolelle.<\/p>\n<p>Sanchezin mukaan Espanjan hallitus ryhtyisi kyll\u00e4 toimiin, jos todisteita Marokon osallisuudelle l\u00f6ytyisi.<\/p>\n<p>\u2013\u2009T\u00e4m\u00e4 hallitus ei pelk\u00e4\u00e4 kohdata muita vieraita valtoja, p\u00e4\u00e4ministeri sanoi.<\/p>\n<p>Sanchez jakoi kritiikki\u00e4 Marokon hallituksen poliitikoille, jotka olivat esimerkiksi sanoneet Marokolla olevan historiallinen ja maantieteellinen oikeus Ceutaan sek\u00e4 Espanjan toiseen Pohjois-Afrikassa sijaitsevaan alueeseen Melillaan. Marokon poliittisessa johdossa on toivottu Ceutaa Marokon hallintaan.<\/p>\n<p>Sanchez linjasi puheessaan, ett\u00e4 Ceuta ja Melilla tulevat kuulumaan Espanjalle aikojen loppuun asti. H\u00e4n my\u00f6s paljasti Espanjan kutsuneen Marokon suurl\u00e4hettil\u00e4\u00e4n puhutteluun elokuun lopussa.<\/p>\n<p>Parlamentille puhuessaan Sanchez kertoi Espanjan hallituksen ehdottaneen maan kuningas Felipelle, ett\u00e4 t\u00e4m\u00e4 vierailisi Ceutassa ja Melillassa. Espanjassa poliittinen johto harvemmin kommentoi kuninkaan toimintaan liittyvi\u00e4 asioita.<\/p>\n","protected":false},"excerpt":{"rendered":"Espanjan p\u00e4\u00e4ministerin Pedro Sanchezin mukaan ei ole n\u00e4ytt\u00f6\u00e4, ett\u00e4 Marokko olisi orkestroinut Ceutan siirtolaisrynt\u00e4yksen hein\u00e4kuussa. Sanchez kertoi asiasta&hellip;\n","protected":false},"author":2,"featured_media":340314,"comment_status":"","ping_status":"","sticky":false,"template":"","format":"standard","meta":{"footnotes":"","_share_on_mastodon":"0"},"categories":[14],"tags":[22,23,1819,2267,26,27,33,31,30,863,17,53,24,25,28,29,1708,1707,15,18,21,637,103,32,19,20,56,16,59,60,61],"class_list":["post-340313","post","type-post","status-publish","format-standard","has-post-thumbnail","category-ulkomaat","tag-breaking-news","tag-breakingnews","tag-espanja","tag-eurooppa","tag-featured-news","tag-featurednews","tag-fi","tag-finland","tag-finnish","tag-hallitus","tag-headlines","tag-laki-oikeus-ja-rikos","tag-latest-news","tag-latestnews","tag-main-news","tag-mainnews","tag-ministeriot-ja-valtioneuvosto","tag-ministerit","tag-news","tag-otsikot","tag-paauutiset","tag-politiikka","tag-sosiaalikysymykset","tag-suomi","tag-top-stories","tag-topstories","tag-ulkomaat","tag-uutiset","tag-world","tag-world-news","tag-worldnews"],"share_on_mastodon":{"url":"https:\/\/pubeurope.com\/@fi\/117206766636149273","error":""},"_links":{"self":[{"href":"https:\/\/www.europesays.com\/fi\/wp-json\/wp\/v2\/posts\/340313","targetHints":{"allow":["GET"]}}],"collection":[{"href":"https:\/\/www.europesays.com\/fi\/wp-json\/wp\/v2\/posts"}],"about":[{"href":"https:\/\/www.europesays.com\/fi\/wp-json\/wp\/v2\/types\/post"}],"author":[{"embeddable":true,"href":"https:\/\/www.europesays.com\/fi\/wp-json\/wp\/v2\/users\/2"}],"replies":[{"embeddable":true,"href":"https:\/\/www.europesays.com\/fi\/wp-json\/wp\/v2\/comments?post=340313"}],"version-history":[{"count":0,"href":"https:\/\/www.europesays.com\/fi\/wp-json\/wp\/v2\/posts\/340313\/revisions"}],"wp:featuredmedia":[{"embeddable":true,"href":"https:\/\/www.europesays.com\/fi\/wp-json\/wp\/v2\/media\/340314"}],"wp:attachment":[{"href":"https:\/\/www.europesays.com\/fi\/wp-json\/wp\/v2\/media?parent=340313"}],"wp:term":[{"taxonomy":"category","embeddable":true,"href":"https:\/\/www.europesays.com\/fi\/wp-json\/wp\/v2\/categories?post=340313"},{"taxonomy":"post_tag","embeddable":true,"href":"https:\/\/www.europesays.com\/fi\/wp-json\/wp\/v2\/tags?post=340313"}],"curies":[{"name":"wp","href":"https:\/\/api.w.org\/{rel}","templated":true}]}}