{"id":340315,"date":"2026-09-03T11:01:15","date_gmt":"2026-09-03T11:01:15","guid":{"rendered":"https:\/\/www.europesays.com\/fi\/340315\/"},"modified":"2026-09-03T11:01:15","modified_gmt":"2026-09-03T11:01:15","slug":"toisesta-paadysta-tata-puurakennusta-ei-uskoisi-suomen-korkeimmaksi-mutta-katolta-nakee-tallinnaan-asti-kotimaa","status":"publish","type":"post","link":"https:\/\/www.europesays.com\/fi\/340315\/","title":{"rendered":"Toisesta p\u00e4\u00e4dyst\u00e4 t\u00e4t\u00e4 puurakennusta ei uskoisi Suomen korkeimmaksi, mutta katolta n\u00e4kee Tallinnaan asti | Kotimaa"},"content":{"rendered":"<ul class=\"aw__sc-1yb43iq-0 gFXHv yle__article__list yle__article__list--ul\">\n<li class=\"aw__sc-1yb43iq-1 gVAzbt\">Espoon Keilaniemeen on valmistunut Suomen korkein puurakennus. Toimistotalo on 56 metri\u00e4 korkea.<\/li>\n<li class=\"aw__sc-1yb43iq-1 gVAzbt\">Ty\u00f6el\u00e4keyhti\u00f6 Varman omistaman talon hiilijalanj\u00e4lki on 50 prosenttia pienempi kuin betonitalon.<\/li>\n<li class=\"aw__sc-1yb43iq-1 gVAzbt\">Uuteen taloon oli moninkertainen kysynt\u00e4. Mets\u00e4 Group muuttaa p\u00e4\u00e4konttorinsa sinne syksyll\u00e4.<\/li>\n<li class=\"aw__sc-1yb43iq-1 gVAzbt\">Espoo uskoo rakennuksen vahvistavan Keilaniemen vetovoimaa.<\/li>\n<\/ul>\n<p class=\"aw__sc-1qwuw0s-0 aw__sc-ngllmo-0 epAWpq fzYpjk yle__article__paragraph\">Espoon Keilaniemeen on noussut uusi maamerkki, joka erottuu alueen muista rakennuksista monin tavoin.<\/p>\n<p class=\"aw__sc-1qwuw0s-0 aw__sc-ngllmo-0 epAWpq fzYpjk yle__article__paragraph\">Rakennus on tehty puusta ja sen muoto on poikkeava: talo on pitk\u00e4, kapea ja kalteva.<\/p>\n<p class=\"aw__sc-1qwuw0s-0 aw__sc-ngllmo-0 epAWpq fzYpjk yle__article__paragraph\">Se on my\u00f6s Suomen korkein puurakennus, jonka harjakorkeus on per\u00e4ti 56 metri\u00e4. Se on kuusi metri\u00e4 enemm\u00e4n kuin aiemmalla enn\u00e4tyksen haltijalla, 14-kerroksisella Lighthouse Joensuulla.<\/p>\n<p class=\"aw__sc-1qwuw0s-0 aw__sc-ngllmo-0 epAWpq fzYpjk yle__article__paragraph\">Keilaniemen toimistotalossa on 13 kerrosta ja kattoterassi, josta n\u00e4kee kirkkaalla s\u00e4\u00e4ll\u00e4 Tallinnaan asti, kertoo p\u00e4\u00e4suunnittelija, arkkitehti <strong class=\"aw__sc-ngllmo-2 gdRrun yle__article__strong\">Arndt Heinzmann<\/strong> ARCO-arkkitehtitoimistosta.<\/p>\n<p>Keilaniemen portti on rakennettu Microsoftin, Fortumin ja hissiyhti\u00f6 Koneen naapuriin. Video: Ronnie Holmberg \/ YleTalo seisoo puupilareiden varassa<\/p>\n<p class=\"aw__sc-1qwuw0s-0 aw__sc-ngllmo-0 epAWpq fzYpjk yle__article__paragraph\">Talon julkisivun materiaali on kuusi. Se on k\u00e4sitelty kellert\u00e4v\u00e4n v\u00e4riseksi, jotta se muistuttaisi lehtikuusta.<\/p>\n<p class=\"aw__sc-1qwuw0s-0 aw__sc-ngllmo-0 epAWpq fzYpjk yle__article__paragraph\">\u2013 Alun perin talo piti verhoilla lehtikuusella, mutta sen saatavuus oli Ven\u00e4j\u00e4n hy\u00f6kk\u00e4yssodan takia huono, kertoo Heinzmann.<\/p>\n<p class=\"aw__sc-1qwuw0s-0 aw__sc-ngllmo-0 epAWpq fzYpjk yle__article__paragraph\">Rakennuksen suunnittelussa ensisijaisena asiana oli ekologisuus, Heinzmann kertoo. H\u00e4nen mukaansa talon hiilijalanj\u00e4lki on runsaan puunk\u00e4yt\u00f6n ja kierr\u00e4tysmateriaalien vuoksi 50 prosenttia pienempi kuin betonista rakennetun vastaavanlaisen toimistotalon.<\/p>\n<p class=\"aw__sc-1qwuw0s-0 aw__sc-ngllmo-0 epAWpq fzYpjk yle__article__paragraph\">Talossa on k\u00e4ytetty puun lis\u00e4ksi v\u00e4h\u00e4hiilist\u00e4 ter\u00e4st\u00e4 ja kierr\u00e4tetty\u00e4 alumiinia. Tekstiilimatotkin on tehty kierr\u00e4tysmateriaaleista.<\/p>\n<p><img decoding=\"async\" alt=\"Henkil\u00f6kunnan oleskelutila seitsem\u00e4nness\u00e4 kerroksessa.\" src=\"https:\/\/www.europesays.com\/fi\/wp-content\/uploads\/2026\/09\/1788182284.jpeg\" loading=\"lazy\" class=\"aw__sc-dklauk-0 LPzKX\"\/><\/p>\n<p>Avaa kuvien katselu<\/p>\n<p>My\u00f6s sis\u00e4tilojen pintamateriaalit ovat p\u00e4\u00e4osin puuta. Kuva: Ronnie Holmberg \/ Yle<img decoding=\"async\" alt=\"Puuraput yhdess\u00e4 palassa.\" src=\"https:\/\/www.europesays.com\/fi\/wp-content\/uploads\/2026\/09\/1788182264.jpeg\" class=\"aw__sc-dklauk-0 LPzKX\"\/><\/p>\n<p>Avaa kuvien katselu<\/p>\n<p><img decoding=\"async\" alt=\"Alakerran ravintolan puurakenteita.\" src=\"https:\/\/www.europesays.com\/fi\/wp-content\/uploads\/2026\/09\/1788182273.jpeg\" class=\"aw__sc-dklauk-0 LPzKX\"\/><\/p>\n<p>Avaa kuvien katselu<\/p>\n<p><img decoding=\"async\" alt=\"Hissin infotaulu on tehty puusta.\" src=\"https:\/\/www.europesays.com\/fi\/wp-content\/uploads\/2026\/09\/1788182187.jpeg\" class=\"aw__sc-dklauk-0 LPzKX\"\/><\/p>\n<p>Avaa kuvien katselu<\/p>\n<p><img decoding=\"async\" alt=\"Seitsem\u00e4nnen kerroksen ikkunasta n\u00e4kyy naapuritalojen lasisisa julkisivuja.\" src=\"https:\/\/www.europesays.com\/fi\/wp-content\/uploads\/2026\/09\/1788182254.jpeg\" class=\"aw__sc-dklauk-0 LPzKX\"\/><\/p>\n<p>Avaa kuvien katselu<\/p>\n<p class=\"aw__sc-1qwuw0s-0 aw__sc-ngllmo-0 epAWpq fzYpjk yle__article__paragraph\">Sis\u00e4ll\u00e4 pist\u00e4\u00e4 silm\u00e4\u00e4n se, ett\u00e4 pintoja ei ole juurikaan maalattu. Hissikuilun betonisissa seiniss\u00e4 n\u00e4kyy muotin j\u00e4lki.<\/p>\n<p class=\"aw__sc-1qwuw0s-0 aw__sc-ngllmo-0 epAWpq fzYpjk yle__article__paragraph\">\u2013 Ajatuksena oli aidot materiaalit. Ett\u00e4 puu n\u00e4ytt\u00e4\u00e4 puulta, ter\u00e4s ter\u00e4kselt\u00e4 ja betoni betonilta, Heinzmann sanoo.<\/p>\n<p class=\"aw__sc-1qwuw0s-0 aw__sc-ngllmo-0 epAWpq fzYpjk yle__article__paragraph\">Poikkeuksellisen rakennuksen p\u00e4\u00e4idea syntyi ajatuksesta jatkaa vihre\u00e4\u00e4 rantavy\u00f6hykett\u00e4 saaristomerelt\u00e4 kattoa pitkin yl\u00f6s.<\/p>\n<p class=\"aw__sc-1qwuw0s-0 aw__sc-ngllmo-0 epAWpq fzYpjk yle__article__paragraph\">T\u00e4m\u00e4 toteutuu rakennuksen kaltevana muotona ja viherkattona. Katolla kasvaa maksaruohoa ja l\u00e4hialueen rantojen kasveja. Katon korkeimmassa osassa on aurinkopaneelit.<\/p>\n<p class=\"aw__sc-1qwuw0s-0 aw__sc-ngllmo-0 epAWpq fzYpjk yle__article__paragraph\">Toimistotalojen rakentaminen puusta ei ole arkkitehti Heinzmannin mukaan yleistym\u00e4ss\u00e4 Suomessa, mutta h\u00e4n uskoo, ett\u00e4 Keilaniemen portti voi olla yksi suunnann\u00e4ytt\u00e4jist\u00e4.<\/p>\n<p><img decoding=\"async\" alt=\"Suomen korkein puurakennus kuvattuna ilmasta.\" src=\"https:\/\/www.europesays.com\/fi\/wp-content\/uploads\/2026\/09\/1788268679.jpeg\" loading=\"lazy\" class=\"aw__sc-dklauk-0 LPzKX\"\/><\/p>\n<p>Avaa kuvien katselu<\/p>\n<p>Toimistotalo on my\u00f6s yksi Euroopan korkeimmista puutaloista. Kuva: Ronnie Holmberg \/ Yle<img decoding=\"async\" alt=\"Keilaniemen portin aurinkopanelit rakennuksen katolla.\" src=\"https:\/\/www.europesays.com\/fi\/wp-content\/uploads\/2026\/09\/1788182170.jpeg\" class=\"aw__sc-dklauk-0 LPzKX\"\/><\/p>\n<p>Avaa kuvien katselu<\/p>\n<p><img decoding=\"async\" alt=\"Tupakointi kielletty kyltti kolmannentoista kerroksen ulkoterassilla.\" src=\"https:\/\/www.europesays.com\/fi\/wp-content\/uploads\/2026\/09\/1788433274_889_1788182264.jpeg\" class=\"aw__sc-dklauk-0 LPzKX\"\/><\/p>\n<p>Avaa kuvien katselu<\/p>\n<p class=\"aw__sc-1qwuw0s-0 aw__sc-ngllmo-0 epAWpq fzYpjk yle__article__paragraph\">Rajoittavana tekij\u00e4n\u00e4 on Heinzmannin mukaan kuitenkin paloturvallisuus.<\/p>\n<p class=\"aw__sc-1qwuw0s-0 aw__sc-ngllmo-0 epAWpq fzYpjk yle__article__paragraph\">Keilaniemen portti on rakennettu palom\u00e4\u00e4r\u00e4ysten vuoksi kahdeksi eri rakennukseksi, jotka k\u00e4yt\u00e4nn\u00f6ss\u00e4 ovat kiinni toisissaan ja muodostavat ik\u00e4\u00e4n kuin yhden rakennuksen.<\/p>\n<p>Keilaniemen porttiin oli tunkua<\/p>\n<p class=\"aw__sc-1qwuw0s-0 aw__sc-ngllmo-0 epAWpq fzYpjk yle__article__paragraph\">Talon omistaa ty\u00f6el\u00e4keyhti\u00f6 Varma. Yhti\u00f6 investoi puurakentamiseen, koska sille on nyt toimitilapuolella kysynt\u00e4\u00e4.<\/p>\n<p class=\"aw__sc-1qwuw0s-0 aw__sc-ngllmo-0 epAWpq fzYpjk yle__article__paragraph\">\u2013 Meill\u00e4 on tahtotilana tukea ymp\u00e4rist\u00f6asioita. Vuokralaiset ovat my\u00f6s kertoneet haluavansa sijoittua nykyaikaisiin ja ymp\u00e4rist\u00f6yst\u00e4v\u00e4llisiin kohteisiin, kertoo kiinteist\u00f6ist\u00e4 vastaava sijoitusjohtaja <strong class=\"aw__sc-ngllmo-2 gdRrun yle__article__strong\">Sampsa Ratia<\/strong> Varmasta.<\/p>\n<p class=\"aw__sc-1qwuw0s-0 aw__sc-ngllmo-0 epAWpq fzYpjk yle__article__paragraph\">H\u00e4nen mukaansa Keilaniemen puutaloon olisi ollut moninkertaisesti enemm\u00e4n tulijoita.<\/p>\n<p><img decoding=\"async\" alt=\"Keilaniemen portin aulassa kasvaa sarviketapani.\" src=\"https:\/\/www.europesays.com\/fi\/wp-content\/uploads\/2026\/09\/1788182233.jpeg\" loading=\"lazy\" class=\"aw__sc-dklauk-0 LPzKX\"\/><\/p>\n<p>Avaa kuvien katselu<\/p>\n<p>Keilaniemen portin aulassa kasvaa sarviketapani. Kuva: Ronnie Holmberg \/ Yle<\/p>\n<p class=\"aw__sc-1qwuw0s-0 aw__sc-ngllmo-0 epAWpq fzYpjk yle__article__paragraph\">Yhti\u00f6 aikoo Ratian mukaan jatkossakin rakennuttaa toimitiloja my\u00f6s puusta. Sijaintivaihtoehtoja seuraavalle puurakenteiselle toimistotalolle on paljon, h\u00e4n sanoo.<\/p>\n<p class=\"aw__sc-1qwuw0s-0 aw__sc-ngllmo-0 epAWpq fzYpjk yle__article__paragraph\">\u2013 Vuokramarkkina on ollut useamman vuoden haasteellinen ja polarisoitunut: heikompitasoisia rakennuksia on paljon tyhjill\u00e4\u00e4n, mutta t\u00e4llaisiin uusiin kohteisiin syntyy jonoa ovelle, sijoitusjohtaja Ratia sanoo.<\/p>\n<p>Puutaloon tulee mets\u00e4alan suuryritys<\/p>\n<p class=\"aw__sc-1qwuw0s-0 aw__sc-ngllmo-0 epAWpq fzYpjk yle__article__paragraph\">Taloon asettuu vuokralaiseksi kaksi kotimaista yhti\u00f6t\u00e4: Mets\u00e4 Group ja CSC Finland.<\/p>\n<p class=\"aw__sc-1qwuw0s-0 aw__sc-ngllmo-0 epAWpq fzYpjk yle__article__paragraph\">Keilaniemen portti toimii Mets\u00e4 Groupin p\u00e4\u00e4konttorina. Yhti\u00f6n 600 ty\u00f6ntekij\u00e4\u00e4 muuttavat syksyn aikana Tapiolasta Keilaniemeen.<\/p>\n<p class=\"aw__sc-1qwuw0s-0 aw__sc-ngllmo-0 epAWpq fzYpjk yle__article__paragraph\">\u2013 T\u00e4\u00e4ll\u00e4 on k\u00e4ytetty paljon meid\u00e4n omia tuotteita sek\u00e4 rakenteissa ett\u00e4 ulko- ja sis\u00e4seiniss\u00e4. Sit\u00e4 kautta kohde oli meille t\u00e4rke\u00e4 valinta, sanoo tutkimus- ja kehitysjohtaja <strong class=\"aw__sc-ngllmo-2 gdRrun yle__article__strong\">Jussi Bj\u00f6rman<\/strong> Mets\u00e4 Groupista.<\/p>\n<p class=\"aw__sc-1qwuw0s-0 aw__sc-ngllmo-0 epAWpq fzYpjk yle__article__paragraph\">Yhti\u00f6 on ensimm\u00e4inen mets\u00e4alan yritys Keilaniemess\u00e4, joka on tunnettu nimenomaan teknologia- ja energia-alan yrityksist\u00e4\u00e4n.<\/p>\n<p class=\"aw__sc-1qwuw0s-0 aw__sc-ngllmo-0 epAWpq fzYpjk yle__article__paragraph\">Onko mets\u00e4teollisuus nyt oikeassa paikassa?<\/p>\n<p class=\"aw__sc-1qwuw0s-0 aw__sc-ngllmo-0 epAWpq fzYpjk yle__article__paragraph\">\u2013 Ainakin maisemien puolesta toimisto on hyv\u00e4ll\u00e4 paikalla. Toki voimme ajatella, ett\u00e4 saamme kirityst\u00e4 muilta suurilta kotimaisilta toimijoilta ja yrit\u00e4mme, ettemme j\u00e4\u00e4 niiden varjoon, toteaa Bj\u00f6rman.<\/p>\n<p>L\u00e4hiaikoina alkanee my\u00f6s 23-kerroksisen hotellin rakentaminen<\/p>\n<p class=\"aw__sc-1qwuw0s-0 aw__sc-ngllmo-0 epAWpq fzYpjk yle__article__paragraph\">Puurakenteinen ja muodoltaan persoonallinen rakennus sopii hyvin Keilaniemeen, katsoo Keilaniemen projektinjohtaja <strong class=\"aw__sc-ngllmo-2 gdRrun yle__article__strong\">Antti M\u00e4kinen<\/strong> Espoon kaupungilta.<\/p>\n<p class=\"aw__sc-1qwuw0s-0 aw__sc-ngllmo-0 epAWpq fzYpjk yle__article__paragraph\">\u2013 Eih\u00e4n alueen ole tarkoituskaan olla yhten\u00e4inen, h\u00e4n sanoo.<\/p>\n<p class=\"aw__sc-1qwuw0s-0 aw__sc-ngllmo-0 epAWpq fzYpjk yle__article__paragraph\">M\u00e4kinen on ollut kehitt\u00e4m\u00e4ss\u00e4 Keilanieme\u00e4 useiden vuosien ajan. H\u00e4n on toiminut alueen projektijohtajana vuodesta 2009. H\u00e4n uskoo uuden rakennuksen vaikuttavan alueen kehitykseen ja imagoon my\u00f6nteisesti.<\/p>\n<p class=\"aw__sc-1qwuw0s-0 aw__sc-ngllmo-0 epAWpq fzYpjk yle__article__paragraph\">\u2013 Kahden uuden ison yrityksen sijoittuminen Keilaniemeen kertoo, ett\u00e4 t\u00e4m\u00e4 on vetovoimainen alue, M\u00e4kinen toteaa.<\/p>\n<p class=\"aw__sc-1qwuw0s-0 aw__sc-ngllmo-0 epAWpq fzYpjk yle__article__paragraph\">H\u00e4nen mukaansa esimerkiksi rantaan suunnitellun norjalaisen yhti\u00f6n hotelli- ja toimistorakennuksen toteuttamisen edellytykset parantuvat uuden toimistotalon my\u00f6t\u00e4.<\/p>\n<p class=\"aw__sc-1qwuw0s-0 aw__sc-ngllmo-0 epAWpq fzYpjk yle__article__paragraph\">Muun muassa Helsingin J\u00e4tk\u00e4saareen hotellin toteuttanut norjalainen AB Invest suunnittelee Keilaniemen rantaan t\u00e4ytt\u00f6maalle 23-kerroksista hotellia ja sen viereen 8-kerroksista toimistotaloa.<\/p>\n<p class=\"aw__sc-1qwuw0s-0 aw__sc-ngllmo-0 epAWpq fzYpjk yle__article__paragraph\">Rakennukset tulevat tontille, joka on viel\u00e4 v\u00e4h\u00e4n aikaan veden peitt\u00e4m\u00e4\u00e4 merenlahtea. Noin hehtaarin kokoisen tontin merit\u00e4ytt\u00f6 alkoi maanantaina.<\/p>\n<p class=\"aw__sc-1qwuw0s-0 aw__sc-ngllmo-0 epAWpq fzYpjk yle__article__paragraph\">\u2013 Minulla on vahva usko, ett\u00e4 hotellin rakentaminen alkaa ensi vuoden alussa, M\u00e4kinen sanoo.<\/p>\n<p class=\"aw__sc-1qwuw0s-0 aw__sc-ngllmo-0 epAWpq fzYpjk yle__article__paragraph\">Keilaniemen metroaseman vieress\u00e4 sijaitsevilta SRV:n asuntotonteilta kuljetetaan marraskuun loppuun menness\u00e4 mereen noin 85\u00a0000 kuutiota maata. Sen j\u00e4lkeen rakentaminen voisi alkaa.<\/p>\n<p><img decoding=\"async\" alt=\"Keilaniemen portti on rakennettu Koneen p\u00e4\u00e4konttorin l\u00e4heisyyteen.\" src=\"https:\/\/www.europesays.com\/fi\/wp-content\/uploads\/2026\/09\/1788182204.jpeg\" loading=\"lazy\" class=\"aw__sc-dklauk-0 LPzKX\"\/><\/p>\n<p>Avaa kuvien katselu<\/p>\n<p>Rakennuksen ulkoverhoilu on tehty kuusesta. Kuva: Ronnie Holmberg \/ Yle<\/p>\n","protected":false},"excerpt":{"rendered":"Espoon Keilaniemeen on valmistunut Suomen korkein puurakennus. Toimistotalo on 56 metri\u00e4 korkea. Ty\u00f6el\u00e4keyhti\u00f6 Varman omistaman talon hiilijalanj\u00e4lki on&hellip;\n","protected":false},"author":2,"featured_media":340316,"comment_status":"","ping_status":"","sticky":false,"template":"","format":"standard","meta":{"footnotes":"","_share_on_mastodon":"0"},"categories":[12],"tags":[1001,22,23,400,26,27,33,31,30,17,41963,71,24,25,28,29,3641,15,18,21,13223,3639,32,19,20,1168,16,17209],"class_list":["post-340315","post","type-post","status-publish","format-standard","has-post-thumbnail","category-suomi","tag-arkkitehtuuri","tag-breaking-news","tag-breakingnews","tag-espoo","tag-featured-news","tag-featurednews","tag-fi","tag-finland","tag-finnish","tag-headlines","tag-keilaniemi","tag-kotimaa","tag-latest-news","tag-latestnews","tag-main-news","tag-mainnews","tag-metsa-group","tag-news","tag-otsikot","tag-paauutiset","tag-puurakentaminen","tag-rakennukset","tag-suomi","tag-top-stories","tag-topstories","tag-uusimaa","tag-uutiset","tag-varma"],"share_on_mastodon":{"url":"https:\/\/pubeurope.com\/@fi\/117206771206823468","error":""},"_links":{"self":[{"href":"https:\/\/www.europesays.com\/fi\/wp-json\/wp\/v2\/posts\/340315","targetHints":{"allow":["GET"]}}],"collection":[{"href":"https:\/\/www.europesays.com\/fi\/wp-json\/wp\/v2\/posts"}],"about":[{"href":"https:\/\/www.europesays.com\/fi\/wp-json\/wp\/v2\/types\/post"}],"author":[{"embeddable":true,"href":"https:\/\/www.europesays.com\/fi\/wp-json\/wp\/v2\/users\/2"}],"replies":[{"embeddable":true,"href":"https:\/\/www.europesays.com\/fi\/wp-json\/wp\/v2\/comments?post=340315"}],"version-history":[{"count":0,"href":"https:\/\/www.europesays.com\/fi\/wp-json\/wp\/v2\/posts\/340315\/revisions"}],"wp:featuredmedia":[{"embeddable":true,"href":"https:\/\/www.europesays.com\/fi\/wp-json\/wp\/v2\/media\/340316"}],"wp:attachment":[{"href":"https:\/\/www.europesays.com\/fi\/wp-json\/wp\/v2\/media?parent=340315"}],"wp:term":[{"taxonomy":"category","embeddable":true,"href":"https:\/\/www.europesays.com\/fi\/wp-json\/wp\/v2\/categories?post=340315"},{"taxonomy":"post_tag","embeddable":true,"href":"https:\/\/www.europesays.com\/fi\/wp-json\/wp\/v2\/tags?post=340315"}],"curies":[{"name":"wp","href":"https:\/\/api.w.org\/{rel}","templated":true}]}}