{"id":340317,"date":"2026-09-03T11:02:16","date_gmt":"2026-09-03T11:02:16","guid":{"rendered":"https:\/\/www.europesays.com\/fi\/340317\/"},"modified":"2026-09-03T11:02:16","modified_gmt":"2026-09-03T11:02:16","slug":"espanjalaislehti-espanjan-viranomaisia-varoitettiin-ceutaa-uhkaavasta-rajakriisista-uutisia-lyhyesti","status":"publish","type":"post","link":"https:\/\/www.europesays.com\/fi\/340317\/","title":{"rendered":"Espanjalaislehti: Espanjan viranomaisia varoitettiin Ceutaa uhkaavasta rajakriisist\u00e4 | Uutisia lyhyesti"},"content":{"rendered":"<p class=\"aw__sc-1qwuw0s-0 aw__sc-1vg2sqm-0 epAWpq ecELkD yle__article__paragraph\">Espanjan p\u00e4\u00e4ministeri ja sis\u00e4ministeri ovat kiist\u00e4neet tiedot ennakkovaroituksista.<\/p>\n<p><img decoding=\"async\" alt=\"Poliisi valvoo rannalla k\u00e4velevien miesten jonoa.\" src=\"https:\/\/www.europesays.com\/fi\/wp-content\/uploads\/2026\/09\/1787405558.jpeg\" class=\"aw__sc-dklauk-0 LPzKX\"\/><\/p>\n<p>Avaa kuvien katselu<\/p>\n<p>Paikallinen poliisi saattoi Ceutaan tulleita tilap\u00e4iseen majoitukseen elokuun lopulla. Kuva: Reduan \/ EPA<\/p>\n<p class=\"aw__sc-1qwuw0s-0 aw__sc-ngllmo-0 epAWpq fzYpjk yle__article__paragraph\">Espanjan viranomaisille annettiin hein\u00e4kuun lopulla ainakin kaksi ennakkovaroitusta Ceutaa uhkaavasta rajakriisist\u00e4, kertoo espanjalaislehti <a class=\"aw__sc-ngllmo-1 bTDnwX yle__article__link\" href=\"https:\/\/www.elmundo.es\/espana\/2026\/09\/02\/6a986ccee9cf4af42a8b4591.html\" role=\"link\" rel=\"nofollow noopener\" target=\"_blank\">El Mundo<\/a>.<\/p>\n<p class=\"aw__sc-1qwuw0s-0 aw__sc-ngllmo-0 epAWpq fzYpjk yle__article__paragraph\">Lehti kertoo saaneensa k\u00e4siins\u00e4 kaksi tiedusteluraporttia, joissa viranomaisia varoitettiin asiasta. Ensimm\u00e4inen raporteista on lehden mukaan per\u00e4isin Espanjan sotilastiedustelusta ja toinen Espanjan kansallisen poliisin alaiselta maahanmuutto- ja rajavalvontakeskukselta.<\/p>\n<p class=\"aw__sc-1qwuw0s-0 aw__sc-ngllmo-0 epAWpq fzYpjk yle__article__paragraph\">Sotilastiedustelun raportissa Ceutaan kohdistuvaa ja todenn\u00e4k\u00f6isesti 30. hein\u00e4kuuta ajoittuvaa massiivista ihmisjoukon tuloa Ceutaan pidettiin \u201deritt\u00e4in todenn\u00e4k\u00f6isen\u00e4\u201d, El Mundo kertoo.<\/p>\n<p>Ministerit kiist\u00e4v\u00e4t tiedot ennakkovaroituksista<\/p>\n<p class=\"aw__sc-1qwuw0s-0 aw__sc-ngllmo-0 epAWpq fzYpjk yle__article__paragraph\">Espanjan sis\u00e4ministeri <strong class=\"aw__sc-ngllmo-2 gdRrun yle__article__strong\">Fernando Grande-Marlaska<\/strong> on julkisuudessa toistuvasti sanonut, etteiv\u00e4t maan <a class=\"aw__sc-ngllmo-1 bTDnwX yle__article__link\" href=\"https:\/\/yle.fi\/a\/74-20239203\" role=\"link\" rel=\"nofollow noopener\" target=\"_blank\">tiedusteluviranomaiset antaneet mink\u00e4\u00e4nlaista varoitusta<\/a> Ceutaa l\u00e4hestyv\u00e4st\u00e4 ihmisjoukosta maan sis\u00e4ministeri\u00f6lle. El Mundon mukaan Marlaska toisti kantansa my\u00f6s viime perjantaina Espanjan edustajainhuoneessa.<\/p>\n<p class=\"aw__sc-1qwuw0s-0 aw__sc-ngllmo-0 epAWpq fzYpjk yle__article__paragraph\">My\u00f6s Espanjan p\u00e4\u00e4ministeri <strong class=\"aw__sc-ngllmo-2 gdRrun yle__article__strong\">Pedro S\u00e1nchez<\/strong> sanoi torstaina puhuessaan Espanjan parlamentin t\u00e4ysistunnossa, ettei Espanjan hallitus saanut \u201dpoikkeuksellista varoitusta\u201d Ceutaa uhkaavasta raja\u00adkriisist\u00e4.<\/p>\n<p class=\"aw__sc-1qwuw0s-0 aw__sc-ngllmo-0 epAWpq fzYpjk yle__article__paragraph\">\u2013 Voin vakuuttaa teille, ett\u00e4 yksik\u00e4\u00e4n niist\u00e4 [varoituksista] ei mennyt pidemm\u00e4lle kuin tietojen ja rutiiniluonteisen varoituksen esitt\u00e4miseen, eik\u00e4 yksik\u00e4\u00e4n niist\u00e4 ennakoinut tapahtumien laajuutta tai todenn\u00e4k\u00f6isyytt\u00e4, S\u00e1nchez lis\u00e4si <a class=\"aw__sc-ngllmo-1 bTDnwX yle__article__link\" href=\"https:\/\/elpais.com\/espana\/2026-09-03\/ultima-hora-de-la-entrada-de-inmigrantes-a-ceuta-en-directo.html\" role=\"link\" rel=\"nofollow noopener\" target=\"_blank\">El Pa\u00edsin<\/a> mukaan.<\/p>\n<p>Ceutan tilanne on johtanut mielenosoituksiin<\/p>\n<p class=\"aw__sc-1qwuw0s-0 aw__sc-ngllmo-0 epAWpq fzYpjk yle__article__paragraph\">Kymmeni\u00e4 tuhansia ihmisi\u00e4 pyrki Marokosta Espanjalle kuuluvaan Ceutan kaupunkiin hein\u00e4-elokuun vaihteessa. Suurin osa ihmisist\u00e4 poistui Ceutasta pian tapahtuneen j\u00e4lkeen.<\/p>\n<p class=\"aw__sc-1qwuw0s-0 aw__sc-ngllmo-0 epAWpq fzYpjk yle__article__paragraph\">Kaupunkiin on arvioiden mukaan j\u00e4\u00e4nyt kuitenkin jopa 10 000 tulijaa, jotka ovat <a class=\"aw__sc-ngllmo-1 bTDnwX yle__article__link\" href=\"https:\/\/yle.fi\/a\/74-20242393\" role=\"link\" rel=\"nofollow noopener\" target=\"_blank\">odottaneet Espanjan p\u00e4\u00e4t\u00f6st\u00e4 tulevaisuudestaan<\/a>. Samaan aikaan paikalliset viranomaiset ovat kamppailleet majoitus- ja ruokapulan kanssa.<\/p>\n<p class=\"aw__sc-1qwuw0s-0 aw__sc-ngllmo-0 epAWpq fzYpjk yle__article__paragraph\">Eri puolilla Espanjaa on viime p\u00e4ivin\u00e4 <a class=\"aw__sc-ngllmo-1 bTDnwX yle__article__link\" href=\"https:\/\/cadenaser.com\/nacional\/2026\/09\/02\/sigue-en-directo-las-manifestaciones-por-ceuta-en-la-ciudad-autonoma-y-madrid-cadena-ser\/\" role=\"link\" rel=\"nofollow noopener\" target=\"_blank\">j\u00e4rjestetty mielenosoituksia<\/a>, joissa tuhannet mielenosoittajat ovat kritisoineet Ceutan pitkittynytt\u00e4 tilannetta.<\/p>\n","protected":false},"excerpt":{"rendered":"Espanjan p\u00e4\u00e4ministeri ja sis\u00e4ministeri ovat kiist\u00e4neet tiedot ennakkovaroituksista. Avaa kuvien katselu Paikallinen poliisi saattoi Ceutaan tulleita tilap\u00e4iseen majoitukseen&hellip;\n","protected":false},"author":2,"featured_media":340318,"comment_status":"","ping_status":"","sticky":false,"template":"","format":"standard","meta":{"footnotes":"","_share_on_mastodon":"0"},"categories":[5],"tags":[22,23,40222,1819,26,27,33,31,30,17,70,24,25,3244,28,29,15,18,21,6170,32,5658,19,20,56,16],"class_list":["post-340317","post","type-post","status-publish","format-standard","has-post-thumbnail","category-otsikot","tag-breaking-news","tag-breakingnews","tag-ceuta","tag-espanja","tag-featured-news","tag-featurednews","tag-fi","tag-finland","tag-finnish","tag-headlines","tag-kansainvalinen-politiikka","tag-latest-news","tag-latestnews","tag-maahanmuutto","tag-main-news","tag-mainnews","tag-news","tag-otsikot","tag-paauutiset","tag-siirtolaisuus","tag-suomi","tag-tiedustelu","tag-top-stories","tag-topstories","tag-ulkomaat","tag-uutiset"],"share_on_mastodon":{"url":"https:\/\/pubeurope.com\/@fi\/117206774543384474","error":""},"_links":{"self":[{"href":"https:\/\/www.europesays.com\/fi\/wp-json\/wp\/v2\/posts\/340317","targetHints":{"allow":["GET"]}}],"collection":[{"href":"https:\/\/www.europesays.com\/fi\/wp-json\/wp\/v2\/posts"}],"about":[{"href":"https:\/\/www.europesays.com\/fi\/wp-json\/wp\/v2\/types\/post"}],"author":[{"embeddable":true,"href":"https:\/\/www.europesays.com\/fi\/wp-json\/wp\/v2\/users\/2"}],"replies":[{"embeddable":true,"href":"https:\/\/www.europesays.com\/fi\/wp-json\/wp\/v2\/comments?post=340317"}],"version-history":[{"count":0,"href":"https:\/\/www.europesays.com\/fi\/wp-json\/wp\/v2\/posts\/340317\/revisions"}],"wp:featuredmedia":[{"embeddable":true,"href":"https:\/\/www.europesays.com\/fi\/wp-json\/wp\/v2\/media\/340318"}],"wp:attachment":[{"href":"https:\/\/www.europesays.com\/fi\/wp-json\/wp\/v2\/media?parent=340317"}],"wp:term":[{"taxonomy":"category","embeddable":true,"href":"https:\/\/www.europesays.com\/fi\/wp-json\/wp\/v2\/categories?post=340317"},{"taxonomy":"post_tag","embeddable":true,"href":"https:\/\/www.europesays.com\/fi\/wp-json\/wp\/v2\/tags?post=340317"}],"curies":[{"name":"wp","href":"https:\/\/api.w.org\/{rel}","templated":true}]}}