{"id":340321,"date":"2026-09-03T11:15:09","date_gmt":"2026-09-03T11:15:09","guid":{"rendered":"https:\/\/www.europesays.com\/fi\/340321\/"},"modified":"2026-09-03T11:15:09","modified_gmt":"2026-09-03T11:15:09","slug":"sastamalan-uimahallille-tulevan-veistoksen-toteuttaa-tunnettu-kuvanveistaja-alueviesti","status":"publish","type":"post","link":"https:\/\/www.europesays.com\/fi\/340321\/","title":{"rendered":"Sastamalan uimahallille tulevan veistoksen toteuttaa tunnettu kuvanveist\u00e4j\u00e4 &#8211; Alueviesti"},"content":{"rendered":"<p><img data-lazyloaded=\"1\" fetchpriority=\"high\" decoding=\"async\" class=\"size-large wp-image-221499\" src=\"https:\/\/www.europesays.com\/fi\/wp-content\/uploads\/2026\/09\/sastamala-uimahalli-nakyma-pohjoisesta-1024x724-1-758x536.jpg\" alt=\"\" width=\"758\" height=\"536\"  data-\/>Uimahalli-liikuntahallin rakentaminen Sylv\u00e4\u00e4n tontilla on jo vauhdissa. Havainnekuva: Sastamalan kaupunki.<\/p>\n<p>Sastamalan uimahallille taideteoksen toteuttaa kuvanveist\u00e4j\u00e4 <strong>Kimmo Schroderus<\/strong>. Avoin haku on ratkennut.<\/p>\n<p>Kimmo Schroderus vakuutti ty\u00f6ryhm\u00e4n korkeatasoisella, laajalla ja ammatillisesti vahvalla portfoliollaan. H\u00e4nen aikaisemmat teoksensa osoittavat vahvaa ammattitaitoa sek\u00e4 uskottavaa kyky\u00e4 toteuttaa vaativa julkisen taiteen teos itsen\u00e4isesti ja sovitussa aikataulussa.<\/p>\n<p>Ty\u00f6ryhm\u00e4 piti taiteilijan teoksia kiinnostavina ja taiteellista ajatteluaan tuoreena. Erityisesti materiaalien k\u00e4ytt\u00f6, teosten suhde paikkaan ja ymp\u00e4rist\u00f6\u00f6n sek\u00e4 kokonaisuuksien harkittu toteutus n\u00e4htiin vahvuuksina. Portfolion perusteella ty\u00f6ryhm\u00e4 arvioi, ett\u00e4 taiteilijalla on hyv\u00e4t edellytykset luoda uimahallin p\u00e4\u00e4sis\u00e4\u00e4nk\u00e4ynnin yhteyteen teos, joka muodostaa kiinnostavan ja luontevan kokonaisuuden rakennuksen, ymp\u00e4r\u00f6iv\u00e4n tilan ja sen k\u00e4ytt\u00e4jien kanssa.<\/p>\n<p>Valinnassa otettiin huomioon hankkeen keskeiset k\u00e4yt\u00e4nn\u00f6lliset tavoitteet, eli teoksen pitk\u00e4ik\u00e4isyys, turvallisuus ja huoltovapaus. Ty\u00f6ryhm\u00e4 piti t\u00e4rke\u00e4n\u00e4, ett\u00e4 taiteellinen laatu, paikkaan sopivuus ja k\u00e4yt\u00e4nn\u00f6n toteutettavuus tukevat toisiaan.<\/p>\n<p>Hakemuksia saapui yhteens\u00e4 62. Ty\u00f6ryhm\u00e4n j\u00e4senet arvioivat portfoliot itsen\u00e4isesti ennen kokousta. J\u00e4senten antamat pisteet koottiin yhteen yhteist\u00e4 k\u00e4sittely\u00e4 varten ja kokouksessa k\u00e4ytiin yhdess\u00e4 l\u00e4pi eniten pisteit\u00e4 saaneita portfolioita.<\/p>\n<p>Ty\u00f6ryhm\u00e4\u00e4n kuuluvat kaupungin hallintojohtaja <strong>Tapio Rautava<\/strong>, tekninen johtaja <strong>Kimmo Toukoniemi<\/strong>, kulttuuriasian neuvottelukunnan puheenjohtaja, kulttuurisuunnittelija, kuvataiteilija <strong>Kati Juurikka<\/strong>, kulttuuriasian neuvottelukunnan j\u00e4sen, Sastamala Gregorianan festivaalijohtaja <strong>Johannes Rantanen<\/strong> ja Suomen Taiteilijaseuran nime\u00e4m\u00e4 taiteilijaj\u00e4sen, kuvataiteilija <strong>Simo Ripatti<\/strong>.<\/p>\n<p>Kuvanveist\u00e4j\u00e4 Kimmo Schroderuksen kanssa solmitaan luonnos- ja tilaussopimus.<\/p>\n<p>Schroderus on syntyisin Jyv\u00e4skyl\u00e4st\u00e4 ja asuu nykyisin Salossa. H\u00e4nelle my\u00f6nnettiin Ars Fennica -palkinto vuonna 2004. Ars Fennica on yksi Pohjoismaiden arvostetuimmista ja suurimmista nykytaidepalkinnoista.<\/p>\n<p>Kimmo Schroderuksen t\u00f6it\u00e4 voi n\u00e4hd\u00e4 <a href=\"https:\/\/www.kimmoschroderus.com\/\" target=\"_blank\" rel=\"noopener nofollow\">T\u00c4ST\u00c4<\/a><\/p>\n<p>Veistoksen hankintaan on budjetoitu 50 000 euroa ja se kustannetaan pitk\u00e4lti perint\u00f6varoista, jotka on osoitettu Sastamalan kaupungille Valtionkonttorin p\u00e4\u00e4t\u00f6ksell\u00e4 kulttuuriin k\u00e4ytett\u00e4v\u00e4ksi.<\/p>\n<p>Lis\u00e4tty klo 10.40 maininta kustannuksista ja perint\u00f6varoista.<\/p>\n<p>\u00a0<\/p>\n","protected":false},"excerpt":{"rendered":"Uimahalli-liikuntahallin rakentaminen Sylv\u00e4\u00e4n tontilla on jo vauhdissa. Havainnekuva: Sastamalan kaupunki. Sastamalan uimahallille taideteoksen toteuttaa kuvanveist\u00e4j\u00e4 Kimmo Schroderus. Avoin&hellip;\n","protected":false},"author":2,"featured_media":340322,"comment_status":"","ping_status":"","sticky":false,"template":"","format":"standard","meta":{"footnotes":"","_share_on_mastodon":"0"},"categories":[135],"tags":[389,387,388,390,137,33,31,30,32,394,393,391,392,109],"class_list":["post-340321","post","type-post","status-publish","format-standard","has-post-thumbnail","category-taiteet-ja-suunnittelu","tag-arts","tag-arts-and-design","tag-artsanddesign","tag-design","tag-entertainment","tag-fi","tag-finland","tag-finnish","tag-suomi","tag-suunnittelu","tag-taiteet","tag-taiteet-ja-suunnittelu","tag-taiteetsuunnittelu","tag-viihde"],"share_on_mastodon":{"url":"https:\/\/pubeurope.com\/@fi\/117206825771666716","error":""},"_links":{"self":[{"href":"https:\/\/www.europesays.com\/fi\/wp-json\/wp\/v2\/posts\/340321","targetHints":{"allow":["GET"]}}],"collection":[{"href":"https:\/\/www.europesays.com\/fi\/wp-json\/wp\/v2\/posts"}],"about":[{"href":"https:\/\/www.europesays.com\/fi\/wp-json\/wp\/v2\/types\/post"}],"author":[{"embeddable":true,"href":"https:\/\/www.europesays.com\/fi\/wp-json\/wp\/v2\/users\/2"}],"replies":[{"embeddable":true,"href":"https:\/\/www.europesays.com\/fi\/wp-json\/wp\/v2\/comments?post=340321"}],"version-history":[{"count":0,"href":"https:\/\/www.europesays.com\/fi\/wp-json\/wp\/v2\/posts\/340321\/revisions"}],"wp:featuredmedia":[{"embeddable":true,"href":"https:\/\/www.europesays.com\/fi\/wp-json\/wp\/v2\/media\/340322"}],"wp:attachment":[{"href":"https:\/\/www.europesays.com\/fi\/wp-json\/wp\/v2\/media?parent=340321"}],"wp:term":[{"taxonomy":"category","embeddable":true,"href":"https:\/\/www.europesays.com\/fi\/wp-json\/wp\/v2\/categories?post=340321"},{"taxonomy":"post_tag","embeddable":true,"href":"https:\/\/www.europesays.com\/fi\/wp-json\/wp\/v2\/tags?post=340321"}],"curies":[{"name":"wp","href":"https:\/\/api.w.org\/{rel}","templated":true}]}}