{"id":340323,"date":"2026-09-03T11:21:14","date_gmt":"2026-09-03T11:21:14","guid":{"rendered":"https:\/\/www.europesays.com\/fi\/340323\/"},"modified":"2026-09-03T11:21:14","modified_gmt":"2026-09-03T11:21:14","slug":"kiekkolegendan-vaimo-haukkui-nhl-tahden-lyttyyn-sitten-tuli-jaatava-vastaus-yhdella-kuvalla","status":"publish","type":"post","link":"https:\/\/www.europesays.com\/fi\/340323\/","title":{"rendered":"Kiekkolegendan vaimo haukkui NHL-t\u00e4hden lyttyyn \u2013 Sitten tuli j\u00e4\u00e4t\u00e4v\u00e4 vastaus yhdell\u00e4 kuvalla"},"content":{"rendered":"<p>Evander Kane julkaisi mielenkiintoisen viestiketjun.<\/p>\n<p><img decoding=\"async\" class=\"image image-show image-preview\" src=\"https:\/\/www.europesays.com\/fi\/wp-content\/uploads\/2026\/09\/53061e97dd5504375c46ae2cf5dcba652b487dd27d493b45b2979fe7018446e0.jpg\" alt=\"\"\/><img decoding=\"async\" class=\"image image-show\" src=\"https:\/\/www.europesays.com\/fi\/wp-content\/uploads\/2026\/09\/1788434474_638_53061e97dd5504375c46ae2cf5dcba652b487dd27d493b45b2979fe7018446e0.jpg\" alt=\"\"\/><\/p>\n<p>Evander Kane on j\u00e4lleen kohun keskell\u00e4. AOP<\/p>\n<p class=\"paragraph\">San Jose Sharksin entinen pelaaja <strong>Kurtis Gabriel<\/strong> haukkui San Jose Hockey Now -podcastissa <strong>Evander Kanea<\/strong> surkeaksi joukkuetoveriksi.<\/p>\n<p class=\"paragraph\">Kaksikko pelasi Sharksissa kaudella 2020\u20132021.<\/p>\n<p class=\"paragraph\">Gabrielin mukaan Kane my\u00f6h\u00e4steli joukkueen palavereista, ei noudattanut pukukoodia, kiusasi joukkuekavereitaan ja pelotteli heit\u00e4 fyysisyydell\u00e4\u00e4n.<\/p>\n<p class=\"paragraph\">Gabrielin mukaan Sharksin seuralegenda Patrick Marleaukaan ei pit\u00e4nyt Kanesta. Todisteeksi t\u00e4st\u00e4 Gabriel julkaisi kuvan, jossa Marleaun vaimo <strong>Christina Marleau<\/strong> kertoo asiasta yksityisviestill\u00e4 Gabrielille.<\/p>\n<p class=\"paragraph\">\u2013 Patrick ei p\u00e4\u00e4st\u00e4nyt poikiamme pukuhuoneeseen, jos Evander oli siell\u00e4. P ei vihaa ket\u00e4\u00e4n, mutta h\u00e4n tuntee uskomattoman voimakasta inhoa \u200b\u200btuota poikaa kohtaan.<\/p>\n<p class=\"paragraph\">Gabriel painotti viel\u00e4 julkaisun yhteydess\u00e4, ett\u00e4 h\u00e4n sai Christina Marleaulta luvan julkaista kuvan heid\u00e4n v\u00e4lisest\u00e4\u00e4n viestiketjusta, jossa nainen haukkui Kanen.<\/p>\n<p class=\"paragraph\">Nyt Kane on vastannut syytteisiin viestipalvelu X:ss\u00e4. H\u00e4n julkaisi siell\u00e4 kuvan viestiketjusta, jossa Patrick Marleau pyysi Kanelta apua poikansa kouluprojektiin. Kane auttoi Marleaun poikaa siin\u00e4 ja sai suuret kiitokset Sharks-legendalta.<\/p>\n<p class=\"paragraph\">\u2013 Kiitos todella paljon, ett\u00e4 teit sen! Et voi edes kuvitella, miten iloiseksi teit poikani ja h\u00e4nen projektiparinsa. Olen todella kiitollinen, ett\u00e4 annoit heille aikaasi, Marleau kirjoitti.<\/p>\n<p class=\"paragraph\">Kuvakaappauksen yhteyteen Kane kirjoitti viel\u00e4 oman kommenttinsa.<\/p>\n<p class=\"paragraph\">\u2013 \u201dVoimakasta inhoa?\u201d Mielenkiintoinen tapa kuvailla henkil\u00f6\u00e4, jolla ei ollut ongelmia ottaa minuun yhteytt\u00e4, kun h\u00e4n tarvitsi apua poikansa kouluprojektiin. Autoin h\u00e4nt\u00e4 yst\u00e4v\u00e4llisesti, ja miehesi oli niin kiitollinen minulle, ett\u00e4 l\u00e4hetti j\u00e4lkeenp\u00e4in mukavan kiitoksen. Eli joko h\u00e4nen \u201dvoimakas inhonsa\u201d katoaa, kun olen h\u00e4nelle hy\u00f6dyksi tai sitten tarinasi ei aivan vastaa todellisuutta, Kane kirjoitti.<\/p>\n<p class=\"paragraph\">Kane, 35, on ollut vuosien saatossa monien kohujen keskell\u00e4.<\/p>\n<p class=\"paragraph\">H\u00e4n on ajautunut henkil\u00f6kohtaiseen konkurssiin uhkapelivelkojen vuoksi ja ollut syytettyn\u00e4 perhev\u00e4kivallasta. Lis\u00e4ksi Kane on v\u00e4\u00e4rent\u00e4nyt koronarokotetodistuksen ja ollut syytettyn\u00e4 my\u00f6s naisen pahoinpitelyst\u00e4.<\/p>\n<p class=\"paragraph\">Kane pelasi viime kaudella 71 peli\u00e4 Vancouver Canucksin paidassa ja teki 31 (13+18) pistett\u00e4. H\u00e4nell\u00e4 ei ole viel\u00e4 sopimusta mink\u00e4\u00e4n joukkueen kanssa ensi kaudesta.<\/p>\n<p class=\"paragraph\">Laitahy\u00f6kk\u00e4\u00e4j\u00e4 on pelannut NHL:ss\u00e4 yhteens\u00e4 1\u202f001 runkosarjapeli\u00e4 ja tehnyt niiss\u00e4 648 (339+309) pistett\u00e4.<\/p>\n<p class=\"paragraph\">Jos Kanen julkaisema viestiketju ei n\u00e4y laitteellasi, voit katsoa sen <a href=\"https:\/\/x.com\/evanderkane\/status\/2095014885193376016\" target=\"_blank\" rel=\"noopener nofollow\">t\u00e4\u00e4lt\u00e4<\/a>.<\/p>\n","protected":false},"excerpt":{"rendered":"Evander Kane julkaisi mielenkiintoisen viestiketjun. Evander Kane on j\u00e4lleen kohun keskell\u00e4. AOP San Jose Sharksin entinen pelaaja Kurtis&hellip;\n","protected":false},"author":2,"featured_media":340324,"comment_status":"","ping_status":"","sticky":false,"template":"","format":"standard","meta":{"footnotes":"","_share_on_mastodon":"0"},"categories":[158],"tags":[35,1144,33,31,30,1143,41,1146,159,32,1145,160],"class_list":["post-340323","post","type-post","status-publish","format-standard","has-post-thumbnail","category-urheilu","tag-24h","tag-ammattilaisjaakiekko","tag-fi","tag-finland","tag-finnish","tag-jaakiekko","tag-liikunta-ja-urheilu","tag-miesten-jaakiekko","tag-sports","tag-suomi","tag-talviurheilu","tag-urheilu"],"share_on_mastodon":{"url":"https:\/\/pubeurope.com\/@fi\/117206849542118635","error":""},"_links":{"self":[{"href":"https:\/\/www.europesays.com\/fi\/wp-json\/wp\/v2\/posts\/340323","targetHints":{"allow":["GET"]}}],"collection":[{"href":"https:\/\/www.europesays.com\/fi\/wp-json\/wp\/v2\/posts"}],"about":[{"href":"https:\/\/www.europesays.com\/fi\/wp-json\/wp\/v2\/types\/post"}],"author":[{"embeddable":true,"href":"https:\/\/www.europesays.com\/fi\/wp-json\/wp\/v2\/users\/2"}],"replies":[{"embeddable":true,"href":"https:\/\/www.europesays.com\/fi\/wp-json\/wp\/v2\/comments?post=340323"}],"version-history":[{"count":0,"href":"https:\/\/www.europesays.com\/fi\/wp-json\/wp\/v2\/posts\/340323\/revisions"}],"wp:featuredmedia":[{"embeddable":true,"href":"https:\/\/www.europesays.com\/fi\/wp-json\/wp\/v2\/media\/340324"}],"wp:attachment":[{"href":"https:\/\/www.europesays.com\/fi\/wp-json\/wp\/v2\/media?parent=340323"}],"wp:term":[{"taxonomy":"category","embeddable":true,"href":"https:\/\/www.europesays.com\/fi\/wp-json\/wp\/v2\/categories?post=340323"},{"taxonomy":"post_tag","embeddable":true,"href":"https:\/\/www.europesays.com\/fi\/wp-json\/wp\/v2\/tags?post=340323"}],"curies":[{"name":"wp","href":"https:\/\/api.w.org\/{rel}","templated":true}]}}