{"id":340339,"date":"2026-09-03T11:46:13","date_gmt":"2026-09-03T11:46:13","guid":{"rendered":"https:\/\/www.europesays.com\/fi\/340339\/"},"modified":"2026-09-03T11:46:13","modified_gmt":"2026-09-03T11:46:13","slug":"tama-tauti-kaataa-nyt-petiin-nain-se-tarttuu","status":"publish","type":"post","link":"https:\/\/www.europesays.com\/fi\/340339\/","title":{"rendered":"T\u00e4m\u00e4 tauti kaataa nyt petiin \u2013 N\u00e4in se tarttuu"},"content":{"rendered":"<p>Nuhakuumetta poteva on tartuttavimmillaan taudin alkuvaiheessa, jolloin oireet ovat voimakkaimmillaan. Nyt liikkeell\u00e4 oleva rinovirusinfektio tarttuu helposti k\u00e4sien v\u00e4lityksell\u00e4. Monilla ty\u00f6paikoilla onkin havahduttu syksyn flunssakauden jo jyll\u00e4\u00e4v\u00e4n.<\/p>\n<p><img decoding=\"async\" class=\"image image-show image-preview\" src=\"https:\/\/www.europesays.com\/fi\/wp-content\/uploads\/2026\/09\/a85bf653d229774299b2d63b48c712d16f69a90e891ebef9ad19a24eddaadbae.jpg\" alt=\"\"\/><img decoding=\"async\" class=\"image image-show\" src=\"https:\/\/www.europesays.com\/fi\/wp-content\/uploads\/2026\/09\/1788435973_113_a85bf653d229774299b2d63b48c712d16f69a90e891ebef9ad19a24eddaadbae.jpg\" alt=\"\"\/><\/p>\n<p>K\u00e4sienpesu esimerkiksi niist\u00e4misen j\u00e4lkeen poistaa likaa ja mikrobeja iholta. Timur Yilmaz<\/p>\n<p class=\"paragraph\">Kes\u00e4 on ollut normaaliin tapaan rauhallinen hengitystievirusten osalta. Husin infektiosairauksien ylil\u00e4\u00e4k\u00e4ri <strong>Ville Holmberg<\/strong> kertoi viime viikolla <a href=\"https:\/\/www.iltalehti.fi\/terveysuutiset\/5efb3fb5-778c-456e-b863-4655fe5ac6ce\" rel=\"nofollow noopener\" target=\"_blank\">Iltalehdelle<\/a>, ett\u00e4 syksyn alussa muutama viikko koulujen alkamisen j\u00e4lkeen on tyypillist\u00e4, ett\u00e4 tavalliset flunssavirukset, esimerkiksi rinovirus, lis\u00e4\u00e4ntyv\u00e4t.<\/p>\n<p class=\"paragraph\">Hengitystieinfektiot tarttuvat herkemmin, kun ihmiset viett\u00e4v\u00e4t enemm\u00e4n aikaa sis\u00e4tiloissa l\u00e4hell\u00e4 toisiaan.<\/p>\n<p class=\"paragraph\">\u2013 Tyypillisesti rinovirus ehk\u00e4 keskeisimp\u00e4n\u00e4 niist\u00e4, mutta on kymmeni\u00e4 eri flunssaviruksia, Holmberg kertoo.<\/p>\n<p class=\"paragraph\">Varsinainen flunssakausi alkaa tavallisesti syyskuun aikana.<\/p>\n<p class=\"paragraph\">\u2013 Viel\u00e4 ei ole merkkej\u00e4 siit\u00e4, ett\u00e4 syksyn flunssa-aalto olisi kovin voimakkaasti alkanut.<\/p>\n<p class=\"paragraph\">Kovin luotettavia tilastoja siit\u00e4 ei saada, koska flunssaviruksia testataan hyvin v\u00e4h\u00e4n.<\/p>\n<p>LUE MY\u00d6S<\/p>\n<p class=\"paragraph\"><strong>Influenssakausi alkaa joulukuussa<\/strong><\/p>\n<ul>\n<li>On odotettavissa, ett\u00e4 influenssakausi alkaa joulukuussa ja on pahimmillaan joulun ja hiihtoloman v\u00e4lill\u00e4.<\/li>\n<li>Tavallisista hengitystieviruksista vakavimmat oireet aiheuttaa influenssa.<\/li>\n<li>Influenssa aiheuttaa selv\u00e4sti eniten sairaalahoidon tarvetta.<\/li>\n<li>Riskiryhmiin kuuluvat ihmiset saavat maksuttoman rokotteen omalta hyvinvointialueeltaan lokakuusta marraskuuhun.<\/li>\n<li>Riskiryhm\u00e4\u00e4 ovat yli 65-vuotiaat sek\u00e4 esimerkiksi keuhko- tai syd\u00e4nsairaat.<\/li>\n<\/ul>\n<p class=\"paragraph\"><strong>Mik\u00e4 rino?<\/strong><\/p>\n<p class=\"paragraph\">Rinovirus aiheuttaa aikuisella yleens\u00e4 liev\u00e4oireisen, nuhapainotteisen hengitystieinfektion. Rinoviruksia tunnetaan yli 150 virustyyppi\u00e4. Infektiot ovat yleisimpi\u00e4 pienill\u00e4 lapsilla, mutta niit\u00e4 esiintyy kaikenik\u00e4isill\u00e4, erityisesti kev\u00e4ttalvisin ja syksyisin.<\/p>\n<p class=\"paragraph\">Rinovirusinfektio tarttuu helposti k\u00e4sien v\u00e4lityksell\u00e4. Virus siirtyy hengitystie-eritteist\u00e4 k\u00e4siin, k\u00e4sist\u00e4 toisiin ihmisiin ja edelleen k\u00e4sien kautta suun tai nen\u00e4n limakalvolle. My\u00f6s rinon pisaratartunta on mahdollinen.<\/p>\n<p class=\"paragraph\">Suurin osa rinovirusten aiheuttamista infektioista on oireettomia tai hyvin v\u00e4h\u00e4oireisia.<\/p>\n<p class=\"paragraph\">Rinovirus aiheuttaa yleens\u00e4 ylempien hengitysteiden infektion, jonka oireita ovat:<\/p>\n<ul>\n<li>nuha<\/li>\n<li>kurkkukipu<\/li>\n<li>mahdollisesti l\u00e4mp\u00f6ily<\/li>\n<li>Joskus poskiontelotulehdus tai v\u00e4likorvantulehdus.<\/li>\n<\/ul>\n<p>Flunssa paranee ajan kanssa, mutta sen oireita voi ja kannattaa helpottaa. Timur Yilmaz<\/p>\n<p class=\"paragraph\">Nuhakuumetta poteva on tartuttavimmillaan taudin alkuvaiheessa, jolloin oireet ovat voimakkaimmillaan. Ei tartuttavuus lopu sen j\u00e4lkeenk\u00e4\u00e4n, mutta se on v\u00e4h\u00e4isemp\u00e4\u00e4, kun p\u00e4rskit\u00e4\u00e4n v\u00e4hemm\u00e4n ja virusm\u00e4\u00e4r\u00e4tkin laskevat nopeasti.<\/p>\n<p class=\"paragraph\">Et\u00e4isyyden pit\u00e4minen ja ihmiskontaktien v\u00e4ltt\u00e4minen ovat merkityksellisimm\u00e4t ehk\u00e4isykeinot tautiin.<\/p>\n<p class=\"paragraph\">My\u00f6s korona-ajan opeista, kuten k\u00e4sien pesusta, desinfioinnista ja oikeaoppisesta aivastamis- ja yskimistekniikasta, on hy\u00f6ty\u00e4 tartuntariskin v\u00e4hent\u00e4misess\u00e4.<\/p>\n","protected":false},"excerpt":{"rendered":"Nuhakuumetta poteva on tartuttavimmillaan taudin alkuvaiheessa, jolloin oireet ovat voimakkaimmillaan. Nyt liikkeell\u00e4 oleva rinovirusinfektio tarttuu helposti k\u00e4sien v\u00e4lityksell\u00e4.&hellip;\n","protected":false},"author":2,"featured_media":340340,"comment_status":"","ping_status":"","sticky":false,"template":"","format":"standard","meta":{"footnotes":"","_share_on_mastodon":"0"},"categories":[165],"tags":[35,33,31,30,166,954,766,764,32,767,765,167,769],"class_list":["post-340339","post","type-post","status-publish","format-standard","has-post-thumbnail","category-terveys","tag-24h","tag-fi","tag-finland","tag-finnish","tag-health","tag-hengitystieinfektiot","tag-koronavirus","tag-sairaudet","tag-suomi","tag-tartuntataudit","tag-taudit-ja-hairiot","tag-terveys","tag-virussairaudet"],"share_on_mastodon":{"url":"https:\/\/pubeurope.com\/@fi\/117206947636013424","error":""},"_links":{"self":[{"href":"https:\/\/www.europesays.com\/fi\/wp-json\/wp\/v2\/posts\/340339","targetHints":{"allow":["GET"]}}],"collection":[{"href":"https:\/\/www.europesays.com\/fi\/wp-json\/wp\/v2\/posts"}],"about":[{"href":"https:\/\/www.europesays.com\/fi\/wp-json\/wp\/v2\/types\/post"}],"author":[{"embeddable":true,"href":"https:\/\/www.europesays.com\/fi\/wp-json\/wp\/v2\/users\/2"}],"replies":[{"embeddable":true,"href":"https:\/\/www.europesays.com\/fi\/wp-json\/wp\/v2\/comments?post=340339"}],"version-history":[{"count":0,"href":"https:\/\/www.europesays.com\/fi\/wp-json\/wp\/v2\/posts\/340339\/revisions"}],"wp:featuredmedia":[{"embeddable":true,"href":"https:\/\/www.europesays.com\/fi\/wp-json\/wp\/v2\/media\/340340"}],"wp:attachment":[{"href":"https:\/\/www.europesays.com\/fi\/wp-json\/wp\/v2\/media?parent=340339"}],"wp:term":[{"taxonomy":"category","embeddable":true,"href":"https:\/\/www.europesays.com\/fi\/wp-json\/wp\/v2\/categories?post=340339"},{"taxonomy":"post_tag","embeddable":true,"href":"https:\/\/www.europesays.com\/fi\/wp-json\/wp\/v2\/tags?post=340339"}],"curies":[{"name":"wp","href":"https:\/\/api.w.org\/{rel}","templated":true}]}}