{"id":340341,"date":"2026-09-03T11:47:15","date_gmt":"2026-09-03T11:47:15","guid":{"rendered":"https:\/\/www.europesays.com\/fi\/340341\/"},"modified":"2026-09-03T11:47:15","modified_gmt":"2026-09-03T11:47:15","slug":"is-aleksi-valavuorella-on-yha-yli-900-000-euroa-maksamattomia-verovelkoja","status":"publish","type":"post","link":"https:\/\/www.europesays.com\/fi\/340341\/","title":{"rendered":"IS: Aleksi Valavuorella on yh\u00e4 yli 900 000 euroa maksamattomia verovelkoja"},"content":{"rendered":"<p><strong>Aleksi Valavuori<\/strong> kertoi elokuussa maksaneensa verottajalle vanhoja velkojaan 1 074 093,30 euroa. Urheiluvaikuttaja julkaisi maksukuitista my\u00f6s kuvan sosiaalisessa mediassa. <a href=\"https:\/\/www.is.fi\/urheilu\/art-2000012249197.html\" target=\"_blank\" rel=\"noreferrer noopener nofollow\">Ilta-Sanomien<\/a> hankkima tuore ulosottorekisteri kertoo kuitenkin muuta.<\/p>\n<p>Syyskuun 2. p\u00e4iv\u00e4n\u00e4 p\u00e4iv\u00e4tty ulosottorekisteri paljastaa lehden mukaan, ett\u00e4 Valavuorella on yh\u00e4 maksamattomia verovelkoja l\u00e4hes 949 000 euroa.<\/p>\n<p>T\u00e4m\u00e4n lis\u00e4ksi rekisteriss\u00e4 n\u00e4kyy esimerkiksi noin 153 000 euron vahingonkorvaussaatava, jonka karhuamisen verottaja lopetti kev\u00e4\u00e4ll\u00e4 2025 Valavuoren varattomuuden vuoksi.<\/p>\n<p>Elokuussa Valavuori on maksanut saatavia todellisuudessa vain noin 27 000 euroa, muun muassa pankille ja autokaupalle.<\/p>\n<p>Valavuoren j\u00e4ttim\u00e4iset velat juontavat juurensa vuosien takaisiin liiketoimiin ja talousrikoksiin.<\/p>\n<p>Valavuori tuomittiin joulukuussa 2024 yhden vuoden ja yhden kuukauden ehdolliseen vankeuteen t\u00f6rkeist\u00e4 veropetoksista ja kirjanpitorikoksesta. H\u00e4n sai my\u00f6s 40 tuntia yhdyskuntapalvelua ja liiketoimintakiellon joulukuuhun 2027 asti. Vastaavista rikoksista h\u00e4n sai kahden vuoden ehdollisen tuomion jo vuonna 2021.<\/p>\n<p>Suomalaisessa urheiluel\u00e4m\u00e4ss\u00e4 Valavuori muistetaan erityisesti koripallosta, jonka parissa h\u00e4n ty\u00f6skenteli muun muassa Espoon Hongassa, ToPossa ja Bisonsissa.<\/p>\n<p>Vuodesta 2022 l\u00e4htien ulkomailla asunut vaikuttaja on tehnyt nykyisin t\u00f6it\u00e4 muun muassa podcastin parissa. Kes\u00e4kuussa Valavuori n\u00e4htiin my\u00f6s nyrkkeilem\u00e4ss\u00e4 <strong>Kalle Palanderia<\/strong> vastaan. <\/p>\n<p><strong>LUE MY\u00d6S: <a href=\"https:\/\/www.suomiurheilu.com\/2026\/08\/aleksi-valavuori-julkaisi-pysayttavan-kuitin-koko-velka-on-maksettu-valtiolle\/\" rel=\"nofollow noopener\" target=\"_blank\">Aleksi Valavuori julkaisi pys\u00e4ytt\u00e4v\u00e4n kuitin \u2013 koko velka on maksettu valtiolle<\/a><\/strong><\/p>\n<p>\t\t\t\t\t\tLUE MY\u00d6S:\t\t\t\t<\/p>\n","protected":false},"excerpt":{"rendered":"Aleksi Valavuori kertoi elokuussa maksaneensa verottajalle vanhoja velkojaan 1 074 093,30 euroa. Urheiluvaikuttaja julkaisi maksukuitista my\u00f6s kuvan sosiaalisessa&hellip;\n","protected":false},"author":2,"featured_media":340342,"comment_status":"","ping_status":"","sticky":false,"template":"","format":"standard","meta":{"footnotes":"","_share_on_mastodon":"0"},"categories":[158],"tags":[33,31,30,159,32,160],"class_list":["post-340341","post","type-post","status-publish","format-standard","has-post-thumbnail","category-urheilu","tag-fi","tag-finland","tag-finnish","tag-sports","tag-suomi","tag-urheilu"],"share_on_mastodon":{"url":"https:\/\/pubeurope.com\/@fi\/117206951670783659","error":""},"_links":{"self":[{"href":"https:\/\/www.europesays.com\/fi\/wp-json\/wp\/v2\/posts\/340341","targetHints":{"allow":["GET"]}}],"collection":[{"href":"https:\/\/www.europesays.com\/fi\/wp-json\/wp\/v2\/posts"}],"about":[{"href":"https:\/\/www.europesays.com\/fi\/wp-json\/wp\/v2\/types\/post"}],"author":[{"embeddable":true,"href":"https:\/\/www.europesays.com\/fi\/wp-json\/wp\/v2\/users\/2"}],"replies":[{"embeddable":true,"href":"https:\/\/www.europesays.com\/fi\/wp-json\/wp\/v2\/comments?post=340341"}],"version-history":[{"count":0,"href":"https:\/\/www.europesays.com\/fi\/wp-json\/wp\/v2\/posts\/340341\/revisions"}],"wp:featuredmedia":[{"embeddable":true,"href":"https:\/\/www.europesays.com\/fi\/wp-json\/wp\/v2\/media\/340342"}],"wp:attachment":[{"href":"https:\/\/www.europesays.com\/fi\/wp-json\/wp\/v2\/media?parent=340341"}],"wp:term":[{"taxonomy":"category","embeddable":true,"href":"https:\/\/www.europesays.com\/fi\/wp-json\/wp\/v2\/categories?post=340341"},{"taxonomy":"post_tag","embeddable":true,"href":"https:\/\/www.europesays.com\/fi\/wp-json\/wp\/v2\/tags?post=340341"}],"curies":[{"name":"wp","href":"https:\/\/api.w.org\/{rel}","templated":true}]}}