{"id":340357,"date":"2026-09-03T12:17:12","date_gmt":"2026-09-03T12:17:12","guid":{"rendered":"https:\/\/www.europesays.com\/fi\/340357\/"},"modified":"2026-09-03T12:17:12","modified_gmt":"2026-09-03T12:17:12","slug":"mad-max-on-maailmanlopun-jalkeisten-elokuvien-avainteoksia","status":"publish","type":"post","link":"https:\/\/www.europesays.com\/fi\/340357\/","title":{"rendered":"Mad Max on maailmanlopun j\u00e4lkeisten elokuvien avainteoksia"},"content":{"rendered":"<p>\n  Maailmanlopun j\u00e4lkeiseen maailmaan sijoittuvan Mad Max -kulttisarjan ensimm\u00e4inen osa n\u00e4hd\u00e4\u00e4n nyt Suomessa ensi kertaa.<\/p>\n<p><strong>George Millerin\u00a0<\/strong>esikoisohjaus on romahduksen j\u00e4lkeist\u00e4 maailmaa kuvaavan post-apokalyptisen elokuvan avainteoksia.\u00a0<strong>Mel Gibsonin\u00a0<\/strong>esitt\u00e4m\u00e4n maantiepoliisin tarina sai kaksi laajasti levinnytt\u00e4 jatko-osaa, mutta Maxin debyytti n\u00e4hd\u00e4\u00e4n nyt Suomessa ensi kertaa. <\/p>\n<p>Millerin visioimassa l\u00e4hitulevaisuudessa yhteiskunta natisee liitoksistaan, mutta anarkia on vasta ovella. Max jahtaa poliisipareineen (<strong>Steve Bisley<\/strong>) aavikkoseutuja terrorisoivia maantiejengej\u00e4 aiheuttaen koston kierteen\u00a0Mad Maxissa\u00a0poliisit ja roistot muistuttavat kilpailevia jengej\u00e4, mik\u00e4 pohjustaa tulevaa heimoyhteiskunnan nousua. Vaikka Millerin maailma on ankara, se ei ole haudanvakava: hahmoissa on ilkikurista persoonallisuutta.<\/p>\n<p>Mad Max, torstai 2.9. klo 23.40, <a href=\"https:\/\/www.imdb.com\/title\/tt0079501\/\" target=\"_blank\" rel=\"noreferrer noopener nofollow\">TV5<\/a><\/p>\n<p><strong>\u272a\u272a\u272a1\/2<\/strong><\/p>\n<p><a href=\"https:\/\/seura.fi\/tv\/dark-winds\/\" target=\"_blank\" rel=\"noreferrer noopener nofollow\">Lue my\u00f6s: Dark Winds seuraa rikoksia ratkovia navajopoliiseja Amerikan alkuper\u00e4iskansojen sorron keskell\u00e4<\/a><\/p>\n","protected":false},"excerpt":{"rendered":"Maailmanlopun j\u00e4lkeiseen maailmaan sijoittuvan Mad Max -kulttisarjan ensimm\u00e4inen osa n\u00e4hd\u00e4\u00e4n nyt Suomessa ensi kertaa. George Millerin\u00a0esikoisohjaus on romahduksen&hellip;\n","protected":false},"author":2,"featured_media":340358,"comment_status":"","ping_status":"","sticky":false,"template":"","format":"standard","meta":{"footnotes":"","_share_on_mastodon":"0"},"categories":[131],"tags":[30143,155,137,33,173,31,30,5925,172,32,1080,2203,109],"class_list":["post-340357","post","type-post","status-publish","format-standard","has-post-thumbnail","category-elokuvat","tag-dystopia","tag-elokuvat","tag-entertainment","tag-fi","tag-film","tag-finland","tag-finnish","tag-mel-gibson","tag-movies","tag-suomi","tag-toimintaelokuvat","tag-tv-maailma","tag-viihde"],"share_on_mastodon":{"url":"https:\/\/pubeurope.com\/@fi\/117207069255974796","error":""},"_links":{"self":[{"href":"https:\/\/www.europesays.com\/fi\/wp-json\/wp\/v2\/posts\/340357","targetHints":{"allow":["GET"]}}],"collection":[{"href":"https:\/\/www.europesays.com\/fi\/wp-json\/wp\/v2\/posts"}],"about":[{"href":"https:\/\/www.europesays.com\/fi\/wp-json\/wp\/v2\/types\/post"}],"author":[{"embeddable":true,"href":"https:\/\/www.europesays.com\/fi\/wp-json\/wp\/v2\/users\/2"}],"replies":[{"embeddable":true,"href":"https:\/\/www.europesays.com\/fi\/wp-json\/wp\/v2\/comments?post=340357"}],"version-history":[{"count":0,"href":"https:\/\/www.europesays.com\/fi\/wp-json\/wp\/v2\/posts\/340357\/revisions"}],"wp:featuredmedia":[{"embeddable":true,"href":"https:\/\/www.europesays.com\/fi\/wp-json\/wp\/v2\/media\/340358"}],"wp:attachment":[{"href":"https:\/\/www.europesays.com\/fi\/wp-json\/wp\/v2\/media?parent=340357"}],"wp:term":[{"taxonomy":"category","embeddable":true,"href":"https:\/\/www.europesays.com\/fi\/wp-json\/wp\/v2\/categories?post=340357"},{"taxonomy":"post_tag","embeddable":true,"href":"https:\/\/www.europesays.com\/fi\/wp-json\/wp\/v2\/tags?post=340357"}],"curies":[{"name":"wp","href":"https:\/\/api.w.org\/{rel}","templated":true}]}}