{"id":340359,"date":"2026-09-03T12:19:14","date_gmt":"2026-09-03T12:19:14","guid":{"rendered":"https:\/\/www.europesays.com\/fi\/340359\/"},"modified":"2026-09-03T12:19:14","modified_gmt":"2026-09-03T12:19:14","slug":"jari-matti-latvalan-oikeudenkaynnista-uutta-tietoa","status":"publish","type":"post","link":"https:\/\/www.europesays.com\/fi\/340359\/","title":{"rendered":"Jari-Matti Latvalan oikeudenk\u00e4ynnist\u00e4 uutta tietoa"},"content":{"rendered":"<p>Jari-Matti Latvalan oikeudenk\u00e4ynti ei ole edennyt alkuper\u00e4isen suunnitelman mukaan.<\/p>\n<p class=\"paragraph\"><strong>Jari-Matti Latvalan<\/strong>, 41, veropetosoikeudenk\u00e4ynnist\u00e4 on saatu uutta tietoa.<\/p>\n<p class=\"paragraph\">Latvalan asianajaja <strong>Pekka Tuunainen<\/strong> kertoo Iltalehdelle, ett\u00e4 oikeudenk\u00e4ynti venyy alkuper\u00e4isest\u00e4 aikataulusta poiketen ensi viikolle. My\u00f6s kaikki todistajien kuulemiset siirtyv\u00e4t seuraavan viikon puolelle.<\/p>\n<p class=\"paragraph\">Seuraavan viikon oikeudenk\u00e4yntip\u00e4iv\u00e4t eiv\u00e4t olleet haastatteluhetkell\u00e4 tiedossa.<\/p>\n<p class=\"paragraph\">Latvalan oikeudenk\u00e4ynti alkoi Helsingin k\u00e4r\u00e4j\u00e4oikeudessa maanantaina. Entist\u00e4 rallikuljettajaa ja nyky\u00e4\u00e4n Toyotan tallip\u00e4\u00e4llikk\u00f6\u00e4 syytet\u00e4\u00e4n t\u00f6rke\u00e4st\u00e4 veropetoksesta. Asianomistajana on Verohallinto.<\/p>\n<p class=\"paragraph\">T\u00f6rke\u00e4st\u00e4 veropetoksesta voidaan tuomita v\u00e4hint\u00e4\u00e4n nelj\u00e4n kuukauden ja enint\u00e4\u00e4n nelj\u00e4n vuoden vankeuteen. Haastehakemuksen perusteella Etel\u00e4-Suomen syytt\u00e4j\u00e4alue vaatii Latvalalle v\u00e4hint\u00e4\u00e4n kolmen vuoden ehdotonta vankeusrangaistusta.<\/p>\n<p class=\"paragraph\">Syytteen mukaan rikos on tapahtunut 31. lokakuuta 2015 ja 31. lokakuuta 2018 v\u00e4lisen\u00e4 aikana. Verohallinnon mukaan virallisesti Monacossa asunut Latvala vietti edell\u00e4 mainittuna ajanjaksona liikaa aikaa Suomessa, joten h\u00e4nen olisi pit\u00e4nyt maksaa veronsa Suomeen.<\/p>\n<p class=\"paragraph\">Vuonna 2023 ex-rallikuljettaja maksoi 4,5 miljoonaa euroa veror\u00e4stej\u00e4, mutta nyt edess\u00e4 on rikosoikeudellinen k\u00e4sittely.<\/p>\n<p><img decoding=\"async\" class=\"image image-show image-preview\" src=\"https:\/\/www.europesays.com\/fi\/wp-content\/uploads\/2026\/09\/bbfbc640a2e5879f5b79255a213382e3d5a2005db37ae08f6390f73f5ce5c3b6.jpg\" alt=\"\"\/><img decoding=\"async\" class=\"image image-show\" src=\"https:\/\/www.europesays.com\/fi\/wp-content\/uploads\/2026\/09\/1788437954_612_bbfbc640a2e5879f5b79255a213382e3d5a2005db37ae08f6390f73f5ce5c3b6.jpg\" alt=\"\"\/><\/p>\n<p>Jari-Matti Latvala n\u00e4htiin t\u00e4ll\u00e4 viikolla Helsingin k\u00e4r\u00e4j\u00e4oikeudessa. Maarit Pohjanpalo<\/p>\n","protected":false},"excerpt":{"rendered":"Jari-Matti Latvalan oikeudenk\u00e4ynti ei ole edennyt alkuper\u00e4isen suunnitelman mukaan. Jari-Matti Latvalan, 41, veropetosoikeudenk\u00e4ynnist\u00e4 on saatu uutta tietoa. Latvalan&hellip;\n","protected":false},"author":2,"featured_media":340360,"comment_status":"","ping_status":"","sticky":false,"template":"","format":"standard","meta":{"footnotes":"","_share_on_mastodon":"0"},"categories":[158],"tags":[35,648,33,31,30,53,977,976,1726,159,32,160],"class_list":["post-340359","post","type-post","status-publish","format-standard","has-post-thumbnail","category-urheilu","tag-24h","tag-autot","tag-fi","tag-finland","tag-finnish","tag-laki-oikeus-ja-rikos","tag-oikeusistuimet","tag-oikeusprosessit","tag-rangaistukset","tag-sports","tag-suomi","tag-urheilu"],"share_on_mastodon":{"url":"https:\/\/pubeurope.com\/@fi\/117207077661141917","error":""},"_links":{"self":[{"href":"https:\/\/www.europesays.com\/fi\/wp-json\/wp\/v2\/posts\/340359","targetHints":{"allow":["GET"]}}],"collection":[{"href":"https:\/\/www.europesays.com\/fi\/wp-json\/wp\/v2\/posts"}],"about":[{"href":"https:\/\/www.europesays.com\/fi\/wp-json\/wp\/v2\/types\/post"}],"author":[{"embeddable":true,"href":"https:\/\/www.europesays.com\/fi\/wp-json\/wp\/v2\/users\/2"}],"replies":[{"embeddable":true,"href":"https:\/\/www.europesays.com\/fi\/wp-json\/wp\/v2\/comments?post=340359"}],"version-history":[{"count":0,"href":"https:\/\/www.europesays.com\/fi\/wp-json\/wp\/v2\/posts\/340359\/revisions"}],"wp:featuredmedia":[{"embeddable":true,"href":"https:\/\/www.europesays.com\/fi\/wp-json\/wp\/v2\/media\/340360"}],"wp:attachment":[{"href":"https:\/\/www.europesays.com\/fi\/wp-json\/wp\/v2\/media?parent=340359"}],"wp:term":[{"taxonomy":"category","embeddable":true,"href":"https:\/\/www.europesays.com\/fi\/wp-json\/wp\/v2\/categories?post=340359"},{"taxonomy":"post_tag","embeddable":true,"href":"https:\/\/www.europesays.com\/fi\/wp-json\/wp\/v2\/tags?post=340359"}],"curies":[{"name":"wp","href":"https:\/\/api.w.org\/{rel}","templated":true}]}}