{"id":340365,"date":"2026-09-03T12:24:13","date_gmt":"2026-09-03T12:24:13","guid":{"rendered":"https:\/\/www.europesays.com\/fi\/340365\/"},"modified":"2026-09-03T12:24:13","modified_gmt":"2026-09-03T12:24:13","slug":"venaja-valittaa-oikeuteen-norjan-takavarikoitua-aluksen-huippuvuorilla-yle","status":"publish","type":"post","link":"https:\/\/www.europesays.com\/fi\/340365\/","title":{"rendered":"Ven\u00e4j\u00e4 valittaa oikeuteen Norjan takavarikoitua aluksen Huippuvuorilla &#8211; Yle"},"content":{"rendered":"<ol>\n<li><a href=\"https:\/\/news.google.com\/rss\/articles\/CBMiUkFVX3lxTE53cVNKbmlqc1Rfb3dzZVA2alhtcUlEUU4zSzJQemkyR0dERDJvTm5ISTR6YkJqbUFEZkttSG5IYXQ3S1d4U1NzcFhzdVA0RkRjZmc?oc=5\" target=\"_blank\" rel=\"nofollow noopener\">Ven\u00e4j\u00e4 valittaa oikeuteen Norjan takavarikoitua aluksen Huippuvuorilla<\/a>&nbsp;&nbsp;Yle<\/li>\n<li><a href=\"https:\/\/news.google.com\/rss\/articles\/CBMiUkFVX3lxTE5FMUJIQVhJd3JWUXdYRTlUNEJVbnVRLTVyNUV4U3dGM1pUT3NNZUV6cEl2ajg2ekdUTGpmdHJ4UU8zSUVxbFpSWTRMNmVwT2UwNmc?oc=5\" target=\"_blank\" rel=\"nofollow noopener\">Ukrainan energiainfrastruktuuri vaurioitui Ven\u00e4j\u00e4n hy\u00f6kk\u00e4yksess\u00e4, kertoo p\u00e4\u00e4ministeri<\/a>&nbsp;&nbsp;Yle<\/li>\n<li><a href=\"https:\/\/news.google.com\/rss\/articles\/CBMiUkFVX3lxTFBjNDF1RDBhX0VhcWlhZC1od05jOWNfMGw1X0NwUGxrR3NJb0k0SW14OHVBeDJpQTVYVWd2ZVBnVWc1QVhONFU3ZkFNS0E5WU9CdHc?oc=5\" target=\"_blank\" rel=\"nofollow noopener\">Kiovassa tutkitaan turvallisuusjoukkojen v\u00e4list\u00e4 ampumistapausta<\/a>&nbsp;&nbsp;Yle<\/li>\n<li><a href=\"https:\/\/news.google.com\/rss\/articles\/CBMiUkFVX3lxTFBRa1NaZGpoTWJvbkxOcWxYdERMa0lSalZ4SXdDYUxRdURKWC1PbnlKYmo4bkhIbFFWY3NjYV9yb21tWXUzS2VvNF9IbTZkQzBXaHc?oc=5\" target=\"_blank\" rel=\"nofollow noopener\">Ven\u00e4j\u00e4n valtiovarainministeri teki yll\u00e4tysvierailun G20-kokoukseen<\/a>&nbsp;&nbsp;Yle<\/li>\n<li><a href=\"https:\/\/news.google.com\/rss\/articles\/CBMiUkFVX3lxTE5iLWFCbk1Eb2MxM1VfVW5xVE00VFNMSWFodmVMbENWczQydmdDSmMtZFlMNkQ3UWxZZC12bGNJMFc0U2I2Vloxd3NVUTBUTEpKbHc?oc=5\" target=\"_blank\" rel=\"nofollow noopener\">Viron ilmatilaan tuli drooneja<\/a>&nbsp;&nbsp;Yle<\/li>\n<\/ol>\n","protected":false},"excerpt":{"rendered":"Ven\u00e4j\u00e4 valittaa oikeuteen Norjan takavarikoitua aluksen Huippuvuorilla&nbsp;&nbsp;Yle Ukrainan energiainfrastruktuuri vaurioitui Ven\u00e4j\u00e4n hy\u00f6kk\u00e4yksess\u00e4, kertoo p\u00e4\u00e4ministeri&nbsp;&nbsp;Yle Kiovassa tutkitaan turvallisuusjoukkojen v\u00e4list\u00e4&hellip;\n","protected":false},"author":2,"featured_media":340366,"comment_status":"","ping_status":"","sticky":false,"template":"","format":"standard","meta":{"footnotes":"","_share_on_mastodon":"0"},"categories":[14],"tags":[22,23,26,27,33,31,30,17,70,24,25,28,29,15,18,21,32,19,20,1303,56,16,547,987,59,60,61],"class_list":["post-340365","post","type-post","status-publish","format-standard","has-post-thumbnail","category-ulkomaat","tag-breaking-news","tag-breakingnews","tag-featured-news","tag-featurednews","tag-fi","tag-finland","tag-finnish","tag-headlines","tag-kansainvalinen-politiikka","tag-latest-news","tag-latestnews","tag-main-news","tag-mainnews","tag-news","tag-otsikot","tag-paauutiset","tag-suomi","tag-top-stories","tag-topstories","tag-ukraina","tag-ulkomaat","tag-uutiset","tag-venaja","tag-venajan-hyokkays","tag-world","tag-world-news","tag-worldnews"],"share_on_mastodon":{"url":"https:\/\/pubeurope.com\/@fi\/117207097100165034","error":""},"_links":{"self":[{"href":"https:\/\/www.europesays.com\/fi\/wp-json\/wp\/v2\/posts\/340365","targetHints":{"allow":["GET"]}}],"collection":[{"href":"https:\/\/www.europesays.com\/fi\/wp-json\/wp\/v2\/posts"}],"about":[{"href":"https:\/\/www.europesays.com\/fi\/wp-json\/wp\/v2\/types\/post"}],"author":[{"embeddable":true,"href":"https:\/\/www.europesays.com\/fi\/wp-json\/wp\/v2\/users\/2"}],"replies":[{"embeddable":true,"href":"https:\/\/www.europesays.com\/fi\/wp-json\/wp\/v2\/comments?post=340365"}],"version-history":[{"count":0,"href":"https:\/\/www.europesays.com\/fi\/wp-json\/wp\/v2\/posts\/340365\/revisions"}],"wp:featuredmedia":[{"embeddable":true,"href":"https:\/\/www.europesays.com\/fi\/wp-json\/wp\/v2\/media\/340366"}],"wp:attachment":[{"href":"https:\/\/www.europesays.com\/fi\/wp-json\/wp\/v2\/media?parent=340365"}],"wp:term":[{"taxonomy":"category","embeddable":true,"href":"https:\/\/www.europesays.com\/fi\/wp-json\/wp\/v2\/categories?post=340365"},{"taxonomy":"post_tag","embeddable":true,"href":"https:\/\/www.europesays.com\/fi\/wp-json\/wp\/v2\/tags?post=340365"}],"curies":[{"name":"wp","href":"https:\/\/api.w.org\/{rel}","templated":true}]}}