{"id":340369,"date":"2026-09-03T12:26:13","date_gmt":"2026-09-03T12:26:13","guid":{"rendered":"https:\/\/www.europesays.com\/fi\/340369\/"},"modified":"2026-09-03T12:26:13","modified_gmt":"2026-09-03T12:26:13","slug":"kaapo-kuvasi-vaikuttavan-saailmion-lapinlahdella","status":"publish","type":"post","link":"https:\/\/www.europesays.com\/fi\/340369\/","title":{"rendered":"Kaapo kuvasi vaikuttavan s\u00e4\u00e4ilmi\u00f6n Lapinlahdella"},"content":{"rendered":"<p>Vy\u00f6rypilvi liittyy usein kuuro- ja ukkospilveen, kertoo Ilmatieteen laitos. <\/p>\n<p><img decoding=\"async\" class=\"image image-show image-preview\" src=\"https:\/\/www.europesays.com\/fi\/wp-content\/uploads\/2026\/09\/dafbc2fc01b6d38d22acc96dd14cc7e252b5bab60a61bd2af457cda950b8750c.jpg\" alt=\"\"\/><img decoding=\"async\" class=\"image image-show\" src=\"https:\/\/www.europesays.com\/fi\/wp-content\/uploads\/2026\/09\/1788438371_687_dafbc2fc01b6d38d22acc96dd14cc7e252b5bab60a61bd2af457cda950b8750c.jpg\" alt=\"\"\/><\/p>\n<p>Iltalehden lukija kuvasi vy\u00f6rypilven Lapinlahdella torstaiaamuna.  Lukijan kuva<\/p>\n<p class=\"paragraph\"><strong>Kaapo Bovellan<\/strong> kuvasi torstaiaamuna hienon luonnonilmi\u00f6n Lapinlahdella.<\/p>\n<p class=\"paragraph\">Lapinlahden kyl\u00e4n yll\u00e4 oli v\u00e4h\u00e4n ennen aamukahdeksaa niin sanottu vy\u00f6rypilvi. N\u00e4ky oli Bovellanin mukaan vaikuttava, koska vy\u00f6rypilvell\u00e4 oli niin selke\u00e4t rajat muihin pilviin verrattuna.<\/p>\n<p class=\"paragraph\"><a href=\"https:\/\/www.ilmatieteenlaitos.fi\/kummalliset-pilvet\" target=\"_blank\" rel=\"noopener nofollow\">Ilmatieteen laitoksen<\/a> mukaan vy\u00f6rypilvi on pitkulainen, rullamainen pilvi. Ilmatieteen laitos vertaa hitaasti py\u00f6riv\u00e4\u00e4 pilve\u00e4 rullalla olevaan mattoon. Se syntyy sellaiseen kohtaan pilve\u00e4, jossa pilvest\u00e4 ulos virtaava ilma kohtaa ymp\u00e4r\u00f6iv\u00e4n ilmamassan.<\/p>\n<p class=\"paragraph\">Kun Bovellan otti pilvest\u00e4 kuvan, oli s\u00e4\u00e4 viel\u00e4 melko vakaata, mutta hyvin pian n\u00e4kyi v\u00e4l\u00e4hdys, kuului jyrin\u00e4\u00e4 ja alkoi sataa.<\/p>\n<p class=\"paragraph\">\u2013 Sadetta jatkui varmaan 30\u201340 minuuttia.<\/p>\n<p class=\"paragraph\">Ilmatieteen laitoksen mukaan vy\u00f6rypilvi liittyykin tyypillisesti suureen kuuro- ja ukkospilveen.<\/p>\n<p><a href=\"https:\/\/www.iltalehti.fi\/parassaa?storeCampaign=ArticleBottomBanner\" rel=\"nofollow noopener\" target=\"_blank\"><img decoding=\"async\" src=\"https:\/\/www.europesays.com\/fi\/wp-content\/uploads\/2026\/09\/d0fd7860228df4fdd5fd0367e49d769aa09b08189080ddc5ccdd8c31ad63aca9.png\" alt=\"IL Paras S\u00e4\u00e4 - S\u00e4\u00e4tiedot ja s\u00e4\u00e4ennusteet\"\/><\/a><\/p>\n","protected":false},"excerpt":{"rendered":"Vy\u00f6rypilvi liittyy usein kuuro- ja ukkospilveen, kertoo Ilmatieteen laitos. Iltalehden lukija kuvasi vy\u00f6rypilven Lapinlahdella torstaiaamuna. Lukijan kuva Kaapo&hellip;\n","protected":false},"author":2,"featured_media":340370,"comment_status":"","ping_status":"","sticky":false,"template":"","format":"standard","meta":{"footnotes":"","_share_on_mastodon":"0"},"categories":[5],"tags":[35,22,23,26,27,33,31,30,17,24,25,28,29,715,15,18,21,710,714,32,719,538,19,20,16],"class_list":["post-340369","post","type-post","status-publish","format-standard","has-post-thumbnail","category-otsikot","tag-24h","tag-breaking-news","tag-breakingnews","tag-featured-news","tag-featurednews","tag-fi","tag-finland","tag-finnish","tag-headlines","tag-latest-news","tag-latestnews","tag-main-news","tag-mainnews","tag-meteorologia","tag-news","tag-otsikot","tag-paauutiset","tag-saa","tag-saaennustus","tag-suomi","tag-tiede-yleista","tag-tiede-ja-tekniikka","tag-top-stories","tag-topstories","tag-uutiset"],"share_on_mastodon":{"url":"https:\/\/pubeurope.com\/@fi\/117207104746074507","error":""},"_links":{"self":[{"href":"https:\/\/www.europesays.com\/fi\/wp-json\/wp\/v2\/posts\/340369","targetHints":{"allow":["GET"]}}],"collection":[{"href":"https:\/\/www.europesays.com\/fi\/wp-json\/wp\/v2\/posts"}],"about":[{"href":"https:\/\/www.europesays.com\/fi\/wp-json\/wp\/v2\/types\/post"}],"author":[{"embeddable":true,"href":"https:\/\/www.europesays.com\/fi\/wp-json\/wp\/v2\/users\/2"}],"replies":[{"embeddable":true,"href":"https:\/\/www.europesays.com\/fi\/wp-json\/wp\/v2\/comments?post=340369"}],"version-history":[{"count":0,"href":"https:\/\/www.europesays.com\/fi\/wp-json\/wp\/v2\/posts\/340369\/revisions"}],"wp:featuredmedia":[{"embeddable":true,"href":"https:\/\/www.europesays.com\/fi\/wp-json\/wp\/v2\/media\/340370"}],"wp:attachment":[{"href":"https:\/\/www.europesays.com\/fi\/wp-json\/wp\/v2\/media?parent=340369"}],"wp:term":[{"taxonomy":"category","embeddable":true,"href":"https:\/\/www.europesays.com\/fi\/wp-json\/wp\/v2\/categories?post=340369"},{"taxonomy":"post_tag","embeddable":true,"href":"https:\/\/www.europesays.com\/fi\/wp-json\/wp\/v2\/tags?post=340369"}],"curies":[{"name":"wp","href":"https:\/\/api.w.org\/{rel}","templated":true}]}}