{"id":340379,"date":"2026-09-03T12:53:11","date_gmt":"2026-09-03T12:53:11","guid":{"rendered":"https:\/\/www.europesays.com\/fi\/340379\/"},"modified":"2026-09-03T12:53:11","modified_gmt":"2026-09-03T12:53:11","slug":"konkurssiin-mennyt-taidekeskus-retretti-sai-uudet-omistajat-uutissuomalainen","status":"publish","type":"post","link":"https:\/\/www.europesays.com\/fi\/340379\/","title":{"rendered":"Konkurssiin mennyt taidekeskus Retretti sai uudet omistajat | Uutissuomalainen"},"content":{"rendered":"<p>Punkaharjulla sijaitsevan taide- ja tapahtumakeskus Retretin ovat ostaneet liikemies Thomas Zilliacus sek\u00e4 valo- ja \u00e4\u00e4nitaiteilija Marko H\u00e4kkinen.<\/p>\n<p>Uudet omistajat kertovat tiedotteessa tavoitteekseen rakentaa Punkaharjun alueesta ymp\u00e4rivuotinen kulttuuri- ja matkailukohde. Zilliacus on ostanut my\u00f6s hotelli Punkaharjun aiemmin t\u00e4n\u00e4 vuonna.<\/p>\n<p>H\u00e4kkinen suunnitteli Retrettiin t\u00e4n\u00e4 kes\u00e4n\u00e4 esill\u00e4 olleen immersiivisen Maan pulssi -teoksen, joka on n\u00e4ht\u00e4viss\u00e4 viel\u00e4 ainakin syyskuun ajan. Zilliacus vieraili n\u00e4yttelyss\u00e4 noin kuukausi sitten ja p\u00e4\u00e4tyi keskustelemaan taiteilijan kanssa taidekeskuksen tulevaisuudesta. Keskustelu johti lopulta taidekeskuksen ostamiseen.<\/p>\n<p>Retretti on haettu aiemmin kahdesti konkurssiin, viimeksi kolme vuotta sitten. Silloin syyksi kerrottiin muun muassa it\u00e4rajan sulkeutuminen ja matkailijoiden v\u00e4heneminen.<\/p>\n","protected":false},"excerpt":{"rendered":"Punkaharjulla sijaitsevan taide- ja tapahtumakeskus Retretin ovat ostaneet liikemies Thomas Zilliacus sek\u00e4 valo- ja \u00e4\u00e4nitaiteilija Marko H\u00e4kkinen. Uudet&hellip;\n","protected":false},"author":2,"featured_media":340380,"comment_status":"","ping_status":"","sticky":false,"template":"","format":"standard","meta":{"footnotes":"","_share_on_mastodon":"0"},"categories":[12],"tags":[22,23,2110,26,27,33,31,30,17,2353,108,763,24,25,28,29,923,15,18,21,32,397,484,398,19,20,16],"class_list":["post-340379","post","type-post","status-publish","format-standard","has-post-thumbnail","category-suomi","tag-breaking-news","tag-breakingnews","tag-elamantapa-ja-vapaa-aika","tag-featured-news","tag-featurednews","tag-fi","tag-finland","tag-finnish","tag-headlines","tag-hotellit-ja-majoitus","tag-kulttuuri","tag-kulttuuri-ja-viihde","tag-latest-news","tag-latestnews","tag-main-news","tag-mainnews","tag-matkustaminen","tag-news","tag-otsikot","tag-paauutiset","tag-suomi","tag-taide","tag-taiteellinen-ilmaisu-ja-mediat","tag-taiteilija","tag-top-stories","tag-topstories","tag-uutiset"],"share_on_mastodon":{"url":"","error":""},"_links":{"self":[{"href":"https:\/\/www.europesays.com\/fi\/wp-json\/wp\/v2\/posts\/340379","targetHints":{"allow":["GET"]}}],"collection":[{"href":"https:\/\/www.europesays.com\/fi\/wp-json\/wp\/v2\/posts"}],"about":[{"href":"https:\/\/www.europesays.com\/fi\/wp-json\/wp\/v2\/types\/post"}],"author":[{"embeddable":true,"href":"https:\/\/www.europesays.com\/fi\/wp-json\/wp\/v2\/users\/2"}],"replies":[{"embeddable":true,"href":"https:\/\/www.europesays.com\/fi\/wp-json\/wp\/v2\/comments?post=340379"}],"version-history":[{"count":0,"href":"https:\/\/www.europesays.com\/fi\/wp-json\/wp\/v2\/posts\/340379\/revisions"}],"wp:featuredmedia":[{"embeddable":true,"href":"https:\/\/www.europesays.com\/fi\/wp-json\/wp\/v2\/media\/340380"}],"wp:attachment":[{"href":"https:\/\/www.europesays.com\/fi\/wp-json\/wp\/v2\/media?parent=340379"}],"wp:term":[{"taxonomy":"category","embeddable":true,"href":"https:\/\/www.europesays.com\/fi\/wp-json\/wp\/v2\/categories?post=340379"},{"taxonomy":"post_tag","embeddable":true,"href":"https:\/\/www.europesays.com\/fi\/wp-json\/wp\/v2\/tags?post=340379"}],"curies":[{"name":"wp","href":"https:\/\/api.w.org\/{rel}","templated":true}]}}