{"id":340385,"date":"2026-09-03T13:15:10","date_gmt":"2026-09-03T13:15:10","guid":{"rendered":"https:\/\/www.europesays.com\/fi\/340385\/"},"modified":"2026-09-03T13:15:10","modified_gmt":"2026-09-03T13:15:10","slug":"huuhkajien-valmennustiimiin-suuri-muutos","status":"publish","type":"post","link":"https:\/\/www.europesays.com\/fi\/340385\/","title":{"rendered":"Huuhkajien valmennustiimiin suuri muutos"},"content":{"rendered":"<p>Dennis Neudahm vahvistaa Suomen maajoukkuetta.<\/p>\n<p><img decoding=\"async\" class=\"image image-show image-preview\" src=\"https:\/\/www.europesays.com\/fi\/wp-content\/uploads\/2026\/09\/fe9cdf2880805da46a21f9f86cc79ac2ec5a309b7de5fe50cb34ddbd31e6ed32.jpg\" alt=\"\"\/><img decoding=\"async\" class=\"image image-show\" src=\"https:\/\/www.europesays.com\/fi\/wp-content\/uploads\/2026\/09\/1788441310_408_fe9cdf2880805da46a21f9f86cc79ac2ec5a309b7de5fe50cb34ddbd31e6ed32.jpg\" alt=\"\"\/><\/p>\n<p>Dennis Neudahm siirtyy Suomen maajoukkueen valmennukseen. AOP<\/p>\n<p class=\"paragraph\">Suomen jalkapallomaajoukkue on nimitt\u00e4nyt uudeksi maalivahtivalmentajakseen <strong>Dennis Neudahmin<\/strong>. Saksalainen liittyy p\u00e4\u00e4valmentaja Jacob Friisin valmennustiimiin Jyri Niemisen tilalle.<\/p>\n<p class=\"paragraph\">Neudahm, 39, ty\u00f6skentelee seuratasolla Saksan 2. Bundesligassa pelaavan FC N\u00fcrnbergin riveiss\u00e4.<\/p>\n<p class=\"paragraph\">\u2013 Onneksi l\u00f6ysimme Denniksen, johon p\u00e4tev\u00e4t samat m\u00e4\u00e4ritelm\u00e4t kuin Jyriin: huippuammattilainen ja hyv\u00e4 tyyppi. Saimme paljon suosituksia eri puolilta ja keskustelujen aikana selvisi, ett\u00e4 Dennis tulee istumaan hyvin valmennustiimiimme. H\u00e4n on k\u00e4ynyt saksalaisen maalivahtivalmennuskoulun, joka on tunnetusti eritt\u00e4in korkealaatuinen. Olen eritt\u00e4in iloinen, ett\u00e4 Dennis tulee mukaan toteuttamaan yhteist\u00e4 tavoitettamme, Friis kertoo Suomen Palloliiton <a href=\"http:\/\/palloliitto.fi\/ajankohtaista\/dennis-neudahm-huuhkajien-maalivahtivalmentajaksi\" rel=\"noopener nofollow\" target=\"_blank\">tiedotteessa<\/a>.<\/p>\n<p class=\"paragraph\">Aiempi maalivahtivalmentaja Nieminen siirtyi kes\u00e4ll\u00e4 AS Monacon valmennusryhm\u00e4\u00e4n, eik\u00e4 h\u00e4n voi jatkaa maajoukkueen kanssa.<\/p>\n<p class=\"paragraph\">\u2013 Jyri Nieminen on superammattilainen ja hieno persoona. Harmi, ett\u00e4 h\u00e4n j\u00e4tt\u00e4\u00e4 meid\u00e4t, mutta sellaista on huippujalkapallo. H\u00e4n otti ison askeleen omalla urallaan ja kunnioitamme sit\u00e4. Olemme todella kiitollisia, ett\u00e4 Jyri oli mukanamme, Friis kommentoi tiedotteessa.<\/p>\n<p class=\"paragraph\">Neudahm ty\u00f6skentelee N\u00fcrnbergiss\u00e4 yhdess\u00e4 saksalaislegenda Miroslav Klosen kanssa, joka on seuran p\u00e4\u00e4valmentaja. Seuraa edustaa my\u00f6s Huuhkajien keskikent\u00e4ll\u00e4 n\u00e4hty Adam Marhiev.<\/p>\n<p class=\"paragraph\">Saksalaisluotsi n\u00e4hd\u00e4\u00e4n maajoukkueen kanssa tositoimissa ensimm\u00e4ist\u00e4 kertaa 26. syyskuuta, jolloin Suomi kohtaa Uefan Kansojen liigan ottelussa San Marinon.<\/p>\n","protected":false},"excerpt":{"rendered":"Dennis Neudahm vahvistaa Suomen maajoukkuetta. Dennis Neudahm siirtyy Suomen maajoukkueen valmennukseen. AOP Suomen jalkapallomaajoukkue on nimitt\u00e4nyt uudeksi maalivahtivalmentajakseen&hellip;\n","protected":false},"author":2,"featured_media":340386,"comment_status":"","ping_status":"","sticky":false,"template":"","format":"standard","meta":{"footnotes":"","_share_on_mastodon":"0"},"categories":[158],"tags":[35,33,31,30,43,42,1745,1984,41,159,32,160],"class_list":["post-340385","post","type-post","status-publish","format-standard","has-post-thumbnail","category-urheilu","tag-24h","tag-fi","tag-finland","tag-finnish","tag-jalkapallo","tag-jalkapalloon-perustuvat-lajit","tag-jalkapallopelaajat","tag-jalkapallopelaajat-miehet","tag-liikunta-ja-urheilu","tag-sports","tag-suomi","tag-urheilu"],"share_on_mastodon":{"url":"https:\/\/pubeurope.com\/@fi\/117207298116579050","error":""},"_links":{"self":[{"href":"https:\/\/www.europesays.com\/fi\/wp-json\/wp\/v2\/posts\/340385","targetHints":{"allow":["GET"]}}],"collection":[{"href":"https:\/\/www.europesays.com\/fi\/wp-json\/wp\/v2\/posts"}],"about":[{"href":"https:\/\/www.europesays.com\/fi\/wp-json\/wp\/v2\/types\/post"}],"author":[{"embeddable":true,"href":"https:\/\/www.europesays.com\/fi\/wp-json\/wp\/v2\/users\/2"}],"replies":[{"embeddable":true,"href":"https:\/\/www.europesays.com\/fi\/wp-json\/wp\/v2\/comments?post=340385"}],"version-history":[{"count":0,"href":"https:\/\/www.europesays.com\/fi\/wp-json\/wp\/v2\/posts\/340385\/revisions"}],"wp:featuredmedia":[{"embeddable":true,"href":"https:\/\/www.europesays.com\/fi\/wp-json\/wp\/v2\/media\/340386"}],"wp:attachment":[{"href":"https:\/\/www.europesays.com\/fi\/wp-json\/wp\/v2\/media?parent=340385"}],"wp:term":[{"taxonomy":"category","embeddable":true,"href":"https:\/\/www.europesays.com\/fi\/wp-json\/wp\/v2\/categories?post=340385"},{"taxonomy":"post_tag","embeddable":true,"href":"https:\/\/www.europesays.com\/fi\/wp-json\/wp\/v2\/tags?post=340385"}],"curies":[{"name":"wp","href":"https:\/\/api.w.org\/{rel}","templated":true}]}}