{"id":340407,"date":"2026-09-03T13:47:12","date_gmt":"2026-09-03T13:47:12","guid":{"rendered":"https:\/\/www.europesays.com\/fi\/340407\/"},"modified":"2026-09-03T13:47:12","modified_gmt":"2026-09-03T13:47:12","slug":"karmea-loyto-kanariansaarten-edustalla-ajelehtineesta-laivasta","status":"publish","type":"post","link":"https:\/\/www.europesays.com\/fi\/340407\/","title":{"rendered":"Karmea l\u00f6yt\u00f6 Kanariansaarten edustalla ajelehtineesta laivasta"},"content":{"rendered":"<p>Vene oli ollut merell\u00e4 27 p\u00e4iv\u00e4\u00e4.<\/p>\n<p class=\"font-(family-name:--picture-caption-font-family) text-(length:--picture-caption-font-size) leading-(--picture-caption-leading) font-(--picture-caption-font-weight) text-(color:--picture-caption-color)\">Veneest\u00e4 l\u00f6ytyi viisi ruumista ja 44 eloonj\u00e4\u00e4nytt\u00e4. Video:\u00a0Reuters<\/p>\n<p class=\"article-body mb-(--paragraph-margin-b) px-nof-16\">Yli 80 ihmisen, mukaan lukien vauvan, pel\u00e4t\u00e4\u00e4n kuolleen cayuco-veneess\u00e4, joka l\u00e4hti Gambiasta kohti Kanariansaaria 27 p\u00e4iv\u00e4\u00e4 sitten,<a class=\"underline underline-offset-[0.12em] [text-decoration-thickness:var(--generic-link-underline-thickness)] [text-decoration-color:var(--generic-link-underline-color)] [text-decoration-skip-ink:var(--generic-link-underline-skip-ink)] break-words\" href=\"https:\/\/efe.com\/espana\/2026-09-03\/cayuco-canarias-muertos\/\" rel=\"nofollow noopener\" target=\"_blank\"> kertoo espanjalainen uutistoimisto Efe<\/a>.<\/p>\n<p class=\"article-body mb-(--paragraph-margin-b) px-nof-16\">Veneess\u00e4 oli 127 matkustajaa. Vene l\u00f6ydettiin torstaiaamuna ajelehtimasta Kanariansaarten etel\u00e4puolella, jolloin elossa oli en\u00e4\u00e4 44 ihmist\u00e4, kaikki miehi\u00e4.<\/p>\n<p class=\"article-body mb-(--paragraph-margin-b) px-nof-16\">Vene paikannettiin keskiviikkona noin kello 18.40 (paikallista aikaa) 120 kilometrin p\u00e4\u00e4ss\u00e4 Gran Canariasta lentokoneen avulla. Alus sai apua Guardamar Urania -alukselta keskiy\u00f6ll\u00e4.<\/p>\n<p><img decoding=\"async\" src=\"https:\/\/www.europesays.com\/fi\/wp-content\/uploads\/2026\/09\/1788443232_341_468.jpg\" alt=\"Rannikkovartiosto pelasti ihmisi\u00e4 veneest\u00e4 y\u00f6ll\u00e4.\" class=\"_Img_1rerz_1\" style=\"aspect-ratio:1920\/1282\" loading=\"eager\"\/><\/p>\n<p class=\"font-(family-name:--picture-caption-font-family) text-(length:--picture-caption-font-size) leading-(--picture-caption-leading) font-(--picture-caption-font-weight) text-(color:--picture-caption-color) picture-with-caption__caption picture-with-caption__caption--default-full\">Rannikkovartiosto pelasti ihmisi\u00e4 veneest\u00e4 y\u00f6ll\u00e4. Kuva:\u00a0Borja Suarez \/ Reuters<\/p>\n<p class=\"article-body mb-(--paragraph-margin-b) px-nof-16\">Pelastajat joutuivat j\u00e4tt\u00e4m\u00e4\u00e4n veneest\u00e4 l\u00f6ydetyt viisi ruumista, sill\u00e4 merenk\u00e4ynti teki pelastusoperaatiosta vaikean.<\/p>\n<p class=\"article-body mb-(--paragraph-margin-b) px-nof-16\">Meripelastusviranomaiset l\u00e4hettiv\u00e4t kolme selviytyj\u00e4\u00e4 alukselta helikopterilla Las Palmasin sairaalaan.<\/p>\n<p class=\"article-body mb-(--paragraph-margin-b) px-nof-16\">Muut saapuivat maihin noin kello 3.30 aamulla uupuneina ja tuskin pystyss\u00e4. Heit\u00e4 hoitaneen humanitaarisen avustusryhm\u00e4n j\u00e4senet ovat kertoneet EFE:lle, ett\u00e4 selviytyj\u00e4t kaatuivat p\u00f6yd\u00e4lle, kun poliisi istutti heid\u00e4t alas kirjoittamaan nimens\u00e4 ja kotipaikkansa.<\/p>\n<p class=\"nof-ui-body-medium break-words mb-(--paragraph-margin-b) px-nof-16\">Oikaisu 3.9.2026 klo 15.09: Jutussa kerrottiin aiemmin, ett\u00e4 veneest\u00e4 olisi l\u00f6ydetty 80 ruumista. Todellisuudessa veneest\u00e4 l\u00f6ydettiin viisi ruumista, mutta kaiken kaikkiaan 80 ihmisen pel\u00e4t\u00e4\u00e4n kuolleen veneell\u00e4.<\/p>\n","protected":false},"excerpt":{"rendered":"Vene oli ollut merell\u00e4 27 p\u00e4iv\u00e4\u00e4. Veneest\u00e4 l\u00f6ytyi viisi ruumista ja 44 eloonj\u00e4\u00e4nytt\u00e4. Video:\u00a0Reuters Yli 80 ihmisen, mukaan&hellip;\n","protected":false},"author":2,"featured_media":340408,"comment_status":"","ping_status":"","sticky":false,"template":"","format":"standard","meta":{"footnotes":"","_share_on_mastodon":"0"},"categories":[14],"tags":[22,23,26,27,33,31,30,17,34,24,25,28,29,15,18,21,32,19,20,56,16,59,60,61],"class_list":["post-340407","post","type-post","status-publish","format-standard","has-post-thumbnail","category-ulkomaat","tag-breaking-news","tag-breakingnews","tag-featured-news","tag-featurednews","tag-fi","tag-finland","tag-finnish","tag-headlines","tag-ilta-sanomat","tag-latest-news","tag-latestnews","tag-main-news","tag-mainnews","tag-news","tag-otsikot","tag-paauutiset","tag-suomi","tag-top-stories","tag-topstories","tag-ulkomaat","tag-uutiset","tag-world","tag-world-news","tag-worldnews"],"share_on_mastodon":{"url":"https:\/\/pubeurope.com\/@fi\/117207423385345153","error":""},"_links":{"self":[{"href":"https:\/\/www.europesays.com\/fi\/wp-json\/wp\/v2\/posts\/340407","targetHints":{"allow":["GET"]}}],"collection":[{"href":"https:\/\/www.europesays.com\/fi\/wp-json\/wp\/v2\/posts"}],"about":[{"href":"https:\/\/www.europesays.com\/fi\/wp-json\/wp\/v2\/types\/post"}],"author":[{"embeddable":true,"href":"https:\/\/www.europesays.com\/fi\/wp-json\/wp\/v2\/users\/2"}],"replies":[{"embeddable":true,"href":"https:\/\/www.europesays.com\/fi\/wp-json\/wp\/v2\/comments?post=340407"}],"version-history":[{"count":0,"href":"https:\/\/www.europesays.com\/fi\/wp-json\/wp\/v2\/posts\/340407\/revisions"}],"wp:featuredmedia":[{"embeddable":true,"href":"https:\/\/www.europesays.com\/fi\/wp-json\/wp\/v2\/media\/340408"}],"wp:attachment":[{"href":"https:\/\/www.europesays.com\/fi\/wp-json\/wp\/v2\/media?parent=340407"}],"wp:term":[{"taxonomy":"category","embeddable":true,"href":"https:\/\/www.europesays.com\/fi\/wp-json\/wp\/v2\/categories?post=340407"},{"taxonomy":"post_tag","embeddable":true,"href":"https:\/\/www.europesays.com\/fi\/wp-json\/wp\/v2\/tags?post=340407"}],"curies":[{"name":"wp","href":"https:\/\/api.w.org\/{rel}","templated":true}]}}