{"id":340409,"date":"2026-09-03T13:48:11","date_gmt":"2026-09-03T13:48:11","guid":{"rendered":"https:\/\/www.europesays.com\/fi\/340409\/"},"modified":"2026-09-03T13:48:11","modified_gmt":"2026-09-03T13:48:11","slug":"suuria-poikkeusjarjestelyita-luvassa-valtatie-suljetaan","status":"publish","type":"post","link":"https:\/\/www.europesays.com\/fi\/340409\/","title":{"rendered":"Suuria poikkeusj\u00e4rjestelyit\u00e4 luvassa \u2013 Valtatie suljetaan"},"content":{"rendered":"<p>Ilmavoimien iso harjoitus sulkee valtatien numero 9 ja aiheuttaa runsaasti rajoituksia liikkumiseen Kuopion ymp\u00e4rist\u00f6ss\u00e4 marraskuussa.<\/p>\n<p><img decoding=\"async\" class=\"image image-show image-preview\" src=\"https:\/\/www.europesays.com\/fi\/wp-content\/uploads\/2026\/09\/717093bce2dbf4454565460420fd43985691e6526ea465632d4d1e1ce7c1be69.jpg\" alt=\"\"\/><img decoding=\"async\" class=\"image image-show\" src=\"https:\/\/www.europesays.com\/fi\/wp-content\/uploads\/2026\/09\/1788443291_425_717093bce2dbf4454565460420fd43985691e6526ea465632d4d1e1ce7c1be69.jpg\" alt=\"\"\/><\/p>\n<p>Kuopion lentokent\u00e4n l\u00e4helle perustettava maantietukikohta aiheuttaa poikkeusj\u00e4rjestelyj\u00e4 liikkumiselle marraskuussa. puolustusvoimat<\/p>\n<p class=\"paragraph\">Ilmavoimien valtakunnallinen Protective Fence 26 -harjoitus aiheuttaa poikkeuksellisia liikennej\u00e4rjestelyj\u00e4 ja liikkumisrajoituksia Kuopion lentokent\u00e4n l\u00e4hell\u00e4 Siilinj\u00e4rvell\u00e4 marraskuun lopulla.<\/p>\n<p class=\"paragraph\">Ilmavoimien mukaan valtatiell\u00e4 9 sijaitseva J\u00e4nnevirran varalaskupaikka ja Karjalan lennoston Rissalan tukikohdan l\u00e4hialueet otetaan harjoitusk\u00e4ytt\u00f6\u00f6n 18.\u201225. marraskuuta.<\/p>\n<p class=\"paragraph\">Ilmavoimat kertoo tiedotteessa, ett\u00e4 valtatie 9 suljetaan liikenteelt\u00e4 harjoituksen ajaksi Toivalantien ja Joensuuntien risteyksen ja J\u00e4nnevirran sillan it\u00e4puolen v\u00e4lilt\u00e4. Lis\u00e4ksi maantie 562 eli Lentokent\u00e4ntie suljetaan valtatie 9:n sek\u00e4 Rantatien risteyksen v\u00e4lill\u00e4. T\u00e4m\u00e4n johdosta liikenne Kuopion lentokent\u00e4lle on ohjattu pohjoisen kautta.<\/p>\n<p class=\"paragraph\">Teiden sulkemisten lis\u00e4ksi kahden maantien k\u00e4ytt\u00f6\u00e4 rajoitetaan harjoituksen aikana. T\u00e4ll\u00f6in teill\u00e4 voivat liikkua ainoastaan Puolustusvoimien, harjoitusalueen kiinteist\u00f6jen sek\u00e4 pelastusviranomaisten ja erillisen luvan saaneet. Kyseess\u00e4 ovat maantie numero 16339 eli Ranta-Toivalantie ja maantie 16340 eli Uuhilahdentie.<\/p>\n<p class=\"paragraph\">Ilmavoimat aikoo j\u00e4rjest\u00e4\u00e4 lokakuun alussa paikallisille asukkaille suunnatun tiedotustilaisuuden harjoituksen j\u00e4rjestelyist\u00e4. Tilaisuus pidet\u00e4\u00e4n keskiviikkona 7. lokakuuta kylpyl\u00e4hotelli Kunnonpaikassa Siilinj\u00e4rvell\u00e4.<\/p>\n<p class=\"paragraph\">J\u00e4nnevirran varalaskupaikkaa k\u00e4ytt\u00e4v\u00e4t harjoituksessa F\/A-18 Hornet -h\u00e4vitt\u00e4j\u00e4t ja muut lentokoneet. Ilmavoimien mukaan Protective Fence 26 -harjoituksen tavoitteena on yll\u00e4pit\u00e4\u00e4 ja kehitt\u00e4\u00e4 Suomen ilmapuolustuksen valmiutta. Harjoituksessa k\u00e4ytet\u00e4\u00e4n useita tukikohtia eri puolilla maata Ilmavoimien liikkuvan ja hajautetun taistelutavan mukaisesti.<\/p>\n<p>Ilmavoimien julkaisemassa kartassa n\u00e4kyv\u00e4t marraskuun harjoituksen aikaiset poikkeukselliset liikennej\u00e4rjestelyt. Ilmavoimat<\/p>\n<p>Rajoituksia my\u00f6s syyskuussa<\/p>\n<p class=\"paragraph\">Karjalan lennosto kertoo suojausyksikk\u00f6ns\u00e4 j\u00e4rjest\u00e4v\u00e4n syksyn aikana my\u00f6s suojausharjoituksia Rissalan tukikohdassa ja sen l\u00e4hialueilla. Ensimm\u00e4inen suojausharjoitus pidet\u00e4\u00e4n 22.\u201225. syyskuuta Uuhim\u00e4ki-Honkam\u00e4ki-alueella sek\u00e4 Rissalan tukikohdan alueella. Harjoitukseen osallistuu Karjalan lennoston henkil\u00f6st\u00f6\u00e4 ja varusmiehi\u00e4.<\/p>\n<p class=\"paragraph\">Karjalan lennoston mukaan tukikohdan ulkopuolisella Uuhim\u00e4ki-Honkam\u00e4ki-alueella Puolustusvoimat voi sulkea tilap\u00e4isesti pieni\u00e4 teit\u00e4, jotta ulkopuoliset eiv\u00e4t altistu paukkupatruunoiden aiheuttamalle melulle. Harjoitukseen kuulumattomien henkil\u00f6iden liikkumista saatetaan my\u00f6s rajoittaa alueella, mutta alueen asukkaiden liikenn\u00f6intiin ei aiheudu rajoituksia.<\/p>\n<p>Kulkuluvista ohjeita<\/p>\n<ul>\n<li>Karjalan lennosto kertoo, ett\u00e4 ohjeet kulkuluvan hakemiseen marraskuun harjoituksen alueella asuville ja asioiville p\u00e4ivittyv\u00e4t <a href=\"https:\/\/ilmavoimat.fi\/karjalan-lennosto\" rel=\"noopener nofollow\" target=\"_blank\">lennoston verkkosivuille<\/a> viikolla 39.<\/li>\n<li>Harjoitusalueen asukkaille ja medialle j\u00e4rjestet\u00e4\u00e4n my\u00f6s tiedotustilaisuus keskiviikkona 7. lokakuuta kello 17.00 alkaen kylpyl\u00e4hotelli Kunnonpaikassa Siilinj\u00e4rvell\u00e4.<\/li>\n<li>Ilmavoimien mukaan lis\u00e4tietoja marraskuun harjoituksesta ja sen liikennej\u00e4rjestelyist\u00e4 p\u00e4ivitet\u00e4\u00e4n <a href=\"https:\/\/ilmavoimat.fi\/etusivu\" rel=\"noopener nofollow\" target=\"_blank\">Ilmavoimien verkkosivuille<\/a>.<\/li>\n<\/ul>\n<p>Karjalan lennoston suojausjoukot harjoittelevat syyskuun lopussa Rissalan tukikohdassa ja sen l\u00e4hialueella. puolustusvoimat<\/p>\n","protected":false},"excerpt":{"rendered":"Ilmavoimien iso harjoitus sulkee valtatien numero 9 ja aiheuttaa runsaasti rajoituksia liikkumiseen Kuopion ymp\u00e4rist\u00f6ss\u00e4 marraskuussa. Kuopion lentokent\u00e4n l\u00e4helle&hellip;\n","protected":false},"author":2,"featured_media":340410,"comment_status":"","ping_status":"","sticky":false,"template":"","format":"standard","meta":{"footnotes":"","_share_on_mastodon":"0"},"categories":[12],"tags":[35,802,22,23,26,27,33,31,30,17,3220,24,25,2910,121,28,29,15,18,21,878,32,19,20,16],"class_list":["post-340409","post","type-post","status-publish","format-standard","has-post-thumbnail","category-suomi","tag-24h","tag-armeijat-ja-aseelliset-joukot","tag-breaking-news","tag-breakingnews","tag-featured-news","tag-featurednews","tag-fi","tag-finland","tag-finnish","tag-headlines","tag-ilmakulkuneuvot","tag-latest-news","tag-latestnews","tag-lentoliikenne-ilmaliikenne","tag-liikenne-ja-kuljetus","tag-main-news","tag-mainnews","tag-news","tag-otsikot","tag-paauutiset","tag-puolustus-ja-rajavalvonta-maanpuolustus","tag-suomi","tag-top-stories","tag-topstories","tag-uutiset"],"share_on_mastodon":{"url":"https:\/\/pubeurope.com\/@fi\/117207427642253384","error":""},"_links":{"self":[{"href":"https:\/\/www.europesays.com\/fi\/wp-json\/wp\/v2\/posts\/340409","targetHints":{"allow":["GET"]}}],"collection":[{"href":"https:\/\/www.europesays.com\/fi\/wp-json\/wp\/v2\/posts"}],"about":[{"href":"https:\/\/www.europesays.com\/fi\/wp-json\/wp\/v2\/types\/post"}],"author":[{"embeddable":true,"href":"https:\/\/www.europesays.com\/fi\/wp-json\/wp\/v2\/users\/2"}],"replies":[{"embeddable":true,"href":"https:\/\/www.europesays.com\/fi\/wp-json\/wp\/v2\/comments?post=340409"}],"version-history":[{"count":0,"href":"https:\/\/www.europesays.com\/fi\/wp-json\/wp\/v2\/posts\/340409\/revisions"}],"wp:featuredmedia":[{"embeddable":true,"href":"https:\/\/www.europesays.com\/fi\/wp-json\/wp\/v2\/media\/340410"}],"wp:attachment":[{"href":"https:\/\/www.europesays.com\/fi\/wp-json\/wp\/v2\/media?parent=340409"}],"wp:term":[{"taxonomy":"category","embeddable":true,"href":"https:\/\/www.europesays.com\/fi\/wp-json\/wp\/v2\/categories?post=340409"},{"taxonomy":"post_tag","embeddable":true,"href":"https:\/\/www.europesays.com\/fi\/wp-json\/wp\/v2\/tags?post=340409"}],"curies":[{"name":"wp","href":"https:\/\/api.w.org\/{rel}","templated":true}]}}