{"id":340411,"date":"2026-09-03T13:49:10","date_gmt":"2026-09-03T13:49:10","guid":{"rendered":"https:\/\/www.europesays.com\/fi\/340411\/"},"modified":"2026-09-03T13:49:10","modified_gmt":"2026-09-03T13:49:10","slug":"huuto-repesi-vmn-laskelmasta-tata-tosiasiaa-orpo-ei-kehdannut-itsekaan-myontaa","status":"publish","type":"post","link":"https:\/\/www.europesays.com\/fi\/340411\/","title":{"rendered":"Huuto repesi VM:n laskelmasta \u2013 \u201dT\u00e4t\u00e4 tosiasiaa Orpo ei kehdannut itsek\u00e4\u00e4n my\u00f6nt\u00e4\u00e4\u201d"},"content":{"rendered":"<p>Kokoomus vastaa kritiikkiin valtiovarainministeri\u00f6n kohulaskelmasta: \u201dT\u00e4ss\u00e4 menee nyt kaksi eri asiaa sekaisin\u201d, sanoo Jukka Kopra.<\/p>\n<p><img decoding=\"async\" class=\"image image-show image-preview\" src=\"https:\/\/www.europesays.com\/fi\/wp-content\/uploads\/2026\/09\/832a9a57d417ccb0097fdb8ff140b3811bb1bb1dfdd8710d77eceab361cb8a02.jpg\" alt=\"\"\/><img decoding=\"async\" class=\"image image-show\" src=\"https:\/\/www.europesays.com\/fi\/wp-content\/uploads\/2026\/09\/1788443350_884_832a9a57d417ccb0097fdb8ff140b3811bb1bb1dfdd8710d77eceab361cb8a02.jpg\" alt=\"\"\/><\/p>\n<p>Kokoomuksen eduskuntaryhm\u00e4n puheenjohtaja Jukka Kopra katsoo, ett\u00e4 esiin nostettu VM:n arvio j\u00e4tt\u00e4\u00e4 huomiotta vaalikauden kokonaiskuvan. Kuvassa Kopra elokuussa 2026. Timur Yilmaz<\/p>\n<p class=\"paragraph\">Kokoomuksen eduskuntaryhm\u00e4n puheenjohtaja <strong>Jukka Kopra<\/strong> vastaa arvosteluun siit\u00e4, ett\u00e4 hallituksen ensi vuoden budjettiesitys heikent\u00e4\u00e4 julkista taloutta ensi vuonna.<\/p>\n<p class=\"paragraph\"><a href=\"https:\/\/yle.fi\/a\/74-20244145\" rel=\"noopener nofollow\" target=\"_blank\">Yle<\/a> ja <a href=\"https:\/\/www.hs.fi\/politiikka\/art-2000012248106.html\" rel=\"noopener nofollow\" target=\"_blank\">Helsingin Sanomat<\/a> uutisoivat keskiviikkona valtiovarainministeri\u00f6n (VM) laskemasta hallituksen toimien nettovaikutuksesta ensi vuonna. VM arvioi, ett\u00e4 hallituksen p\u00e4\u00e4t\u00f6kset heikent\u00e4v\u00e4t julkista taloutta ensi vuonna 0,1 miljardia euroa tai 0,35 miljardia euroa, jos huomioidaan sosiaaliturvarahastojen muutokset.<\/p>\n<p class=\"paragraph\">Oppositiosta arvosteltiin hallitusta keskiviikkona kovin sanoin. SDP:n kansanedustaja <strong>Joona R\u00e4s\u00e4nen<\/strong> katsoi, ett\u00e4 \u201dhallituksen budjettiriihen todellinen yll\u00e4tys n\u00e4ytt\u00e4\u00e4 olevan se, ett\u00e4 hallituksen p\u00e4\u00e4t\u00f6sper\u00e4iset toimet heikent\u00e4v\u00e4t julkista taloutta vuonna 2027\u201d.<\/p>\n<p class=\"paragraph\">\u2013 Kun uusia sopeutustoimia ensi vuoden budjettiesityksess\u00e4 on alle miljardi ja vastaavasti pelk\u00e4t veronalennukset nousevat yli miljardiin, n\u00e4ytt\u00e4\u00e4 lopputulos olevan velkaantumista kiihdytt\u00e4v\u00e4, sivalsi my\u00f6s SDP:n puheenjohtaja <strong>Antti Lindtman<\/strong> <a href=\"https:\/\/www.facebook.com\/anttilindtmantekija\/posts\/oikeistohallituksen-viimeisest%C3%A4-budjettiriihest%C3%A4-tuli-kassanry%C3%B6st%C3%B6-vastuuton-yht\/1533574255262959\/\" rel=\"noopener nofollow\" target=\"_blank\">Facebookissa<\/a>.<\/p>\n<p class=\"paragraph\">\u2013 T\u00e4m\u00e4 ei ole vastuullista talouspolitiikkaa, vaan h\u00e4peilem\u00e4t\u00f6n kassanry\u00f6st\u00f6. Maksajiksi laitetaan tavalliset suomalaiset.<\/p>\n<p>\u201dJ\u00e4ljell\u00e4 vain m\u00e4rk\u00e4 l\u00e4ntti\u201d<\/p>\n<p class=\"paragraph\">Vihre\u00e4n eduskuntaryhm\u00e4n varapuheenjohtaja <strong>Saara Hyrkk\u00f6<\/strong> katsoo, ett\u00e4 kokoomuksen \u201dhinku jakaa rahaa ja veroetuja rikkaimmille ja suuryrityksille ajaa yli kaiken huolen julkisesta taloudesta\u201d ja Orpon hallituksen j\u00e4ljilt\u00e4 \u201dtuleville sukupolville j\u00e4\u00e4 historialliseksi paisunut velkavuori, reik\u00e4inen hyvinvointivaltio, matalaksi painettu kansalaisyhteiskunta ja roihuava ilmastokriisi\u201d.<\/p>\n<p class=\"paragraph\">Kuten SDP:n edustajat, my\u00f6s Hyrkk\u00f6 arvostelee yhteis\u00f6veron alentamista, joka on h\u00e4nen mukaansa \u201dtalouspoliittisesti j\u00e4rjet\u00f6n ja yhteiskunnan kannalta ep\u00e4oikeudenmukainen p\u00e4\u00e4t\u00f6s\u201d. H\u00e4n vaatii yh\u00e4 hallitusta per\u00e4\u00e4ntym\u00e4\u00e4n \u201dh\u00f6veleist\u00e4 veroalennuksista\u201d.<\/p>\n<p class=\"paragraph\">\u2013 Vajaa miljardin aukko veropohjassa on yksinkertaisesti j\u00e4rjet\u00f6n teko, joka hallituksen olisi pit\u00e4nyt t\u00e4ss\u00e4 riihess\u00e4 j\u00e4tt\u00e4\u00e4 tekem\u00e4tt\u00e4, Hyrkk\u00f6 sanoo yhteis\u00f6veroalesta.<\/p>\n<p class=\"paragraph\">\u2013 Voisi sanoa, ett\u00e4 hallitus ottaa v\u00e4livuoden vastuullisesta talouspolitiikasta, mutta ei sit\u00e4 vastuullisena ole voinut pit\u00e4\u00e4 t\u00e4h\u00e4nk\u00e4\u00e4n asti. Kaiken huippuna on nyt julkista taloutta heikent\u00e4v\u00e4 viimeinen budjetti. T\u00e4t\u00e4 tosiasiaa p\u00e4\u00e4ministeri <strong>Orpo <\/strong>ei kehdannut itsek\u00e4\u00e4n eilisess\u00e4 tiedotustilaisuudessa my\u00f6nt\u00e4\u00e4. Kokoomuksen taloususkottavuudesta on j\u00e4ljell\u00e4 vain m\u00e4rk\u00e4 l\u00e4ntti.<\/p>\n<p class=\"paragraph\">P\u00e4\u00e4ministeri Petteri Orpo (kok) ja valtiovarainministeri <strong>Riikka Purra<\/strong> (ps) kiersiv\u00e4t kysymykset nettosopeutuksesta tiistain tiedotustilaisuudessa. Iltalehden mukaan Purra ei my\u00f6sk\u00e4\u00e4n <a href=\"https:\/\/www.iltalehti.fi\/politiikka\/2f53c533-3791-4de9-8e99-dcb662d9cd80\" rel=\"nofollow noopener\" target=\"_blank\">keskiviikkona eduskunnassa<\/a> ottanut suoraan kantaa siihen, mik\u00e4 nettosopeutus ensi vuonna on. Purran mukaan yksitt\u00e4isist\u00e4 luvuista ei t\u00e4ss\u00e4 vaiheessa voi viel\u00e4 sanoa ja esimerkiksi VM:n ja Valtiontalouden tarkastusviraston laskentatavat eroavat toisistaan.<\/p>\n<p>N\u00e4in Kopra puolustautuu<\/p>\n<p class=\"paragraph\">Kokoomuksen Kopra huomauttaa, ett\u00e4 VM:n arvio j\u00e4tt\u00e4\u00e4 huomiotta vaalikauden kokonaiskuvan: hallituksen p\u00e4\u00e4t\u00f6kset koko hallituskauden ajalta huomioiden julkinen talous on vuonna 2027 yli kolme miljardia euroa vahvempi kuin ilman hallituksen p\u00e4\u00e4t\u00f6ksi\u00e4. Se on eri asia kuin ensi vuonna voimaan tulevien uusien p\u00e4\u00e4t\u00f6sten nettovaikutus, Kopra painottaa.<\/p>\n<p class=\"paragraph\">\u2013 T\u00e4ss\u00e4 menee nyt kaksi eri asiaa sekaisin, Kopra sanoo tiedotteessa.<\/p>\n<p class=\"paragraph\">\u2013 T\u00e4ss\u00e4 SDP:n talouspopulismi taas nostaa p\u00e4\u00e4t\u00e4\u00e4n rumalla tavalla. Kun hallitus s\u00e4\u00e4st\u00e4\u00e4, SDP syytt\u00e4\u00e4 hyvinvointivaltion romuttamisesta. Kun hallitus ei tee uusia yll\u00e4tt\u00e4vi\u00e4 leikkauksia, SDP vaatii lis\u00e4\u00e4 sopeutusta. Samalla se vastustaa kasvutoimia, joilla Suomen alkanutta talouskasvua pyrit\u00e4\u00e4n tukemaan. Koettakaa p\u00e4\u00e4tt\u00e4\u00e4.<\/p>\n<p class=\"paragraph\">Kopran mukaan VM:n arvioon vaikuttavat muun muassa yhteis\u00f6veroale, ty\u00f6n verotuksen kevennykset sek\u00e4 ty\u00f6tt\u00f6myysvakuutusmaksun alentaminen. Ilman ty\u00f6tt\u00f6myysvakuutusmaksun muutosta, johon hallitus ei varsinaisesti vaikuta, vuoden 2027 nettovaikutus on 100 miljoonaa euroa heikent\u00e4v\u00e4, h\u00e4n laskee.<\/p>\n<p class=\"paragraph\">Esimerkiksi yhteis\u00f6veroalesta p\u00e4\u00e4tettiin jo hallituksen puoliv\u00e4liriihess\u00e4, jolloin linjattiin my\u00f6s uusia sopeutustoimia kasvutoimien rahoittamiseksi, Kopra muistuttaa. Osa sopeutuksista tuli voimaan jo t\u00e4n\u00e4 vuonna, joten ne eiv\u00e4t n\u00e4y VM:n ensi vuotta koskevassa laskelmassa.<\/p>\n<p class=\"paragraph\">\u2013 Jos yhteis\u00f6veron alennus kirjautuu laskelmassa vuodelle 2027, mutta sen rahoittamiseksi tehty s\u00e4\u00e4st\u00f6 on tullut voimaan jo vuotta aiemmin, ei ensimm\u00e4ist\u00e4 voi tarkastella irrallaan j\u00e4lkimm\u00e4isest\u00e4 ja p\u00e4\u00e4tell\u00e4, ett\u00e4 hallitus olisi yht\u00e4kki\u00e4 luopunut talouden tasapainottamisesta. Kyse on p\u00e4\u00e4t\u00f6sten erilaisesta ajoittumisesta, Kopra katsoo.<\/p>\n","protected":false},"excerpt":{"rendered":"Kokoomus vastaa kritiikkiin valtiovarainministeri\u00f6n kohulaskelmasta: \u201dT\u00e4ss\u00e4 menee nyt kaksi eri asiaa sekaisin\u201d, sanoo Jukka Kopra. Kokoomuksen eduskuntaryhm\u00e4n puheenjohtaja&hellip;\n","protected":false},"author":2,"featured_media":340412,"comment_status":"","ping_status":"","sticky":false,"template":"","format":"standard","meta":{"footnotes":"","_share_on_mastodon":"0"},"categories":[5],"tags":[22,23,26,27,33,31,30,863,17,24,25,28,29,15,18,21,637,886,885,887,32,19,20,16],"class_list":["post-340411","post","type-post","status-publish","format-standard","has-post-thumbnail","category-otsikot","tag-breaking-news","tag-breakingnews","tag-featured-news","tag-featurednews","tag-fi","tag-finland","tag-finnish","tag-hallitus","tag-headlines","tag-latest-news","tag-latestnews","tag-main-news","tag-mainnews","tag-news","tag-otsikot","tag-paauutiset","tag-politiikka","tag-puolueet","tag-suomen-poliittiset-puolueet","tag-suomen-politiikka","tag-suomi","tag-top-stories","tag-topstories","tag-uutiset"],"share_on_mastodon":{"url":"https:\/\/pubeurope.com\/@fi\/117207431055259406","error":""},"_links":{"self":[{"href":"https:\/\/www.europesays.com\/fi\/wp-json\/wp\/v2\/posts\/340411","targetHints":{"allow":["GET"]}}],"collection":[{"href":"https:\/\/www.europesays.com\/fi\/wp-json\/wp\/v2\/posts"}],"about":[{"href":"https:\/\/www.europesays.com\/fi\/wp-json\/wp\/v2\/types\/post"}],"author":[{"embeddable":true,"href":"https:\/\/www.europesays.com\/fi\/wp-json\/wp\/v2\/users\/2"}],"replies":[{"embeddable":true,"href":"https:\/\/www.europesays.com\/fi\/wp-json\/wp\/v2\/comments?post=340411"}],"version-history":[{"count":0,"href":"https:\/\/www.europesays.com\/fi\/wp-json\/wp\/v2\/posts\/340411\/revisions"}],"wp:featuredmedia":[{"embeddable":true,"href":"https:\/\/www.europesays.com\/fi\/wp-json\/wp\/v2\/media\/340412"}],"wp:attachment":[{"href":"https:\/\/www.europesays.com\/fi\/wp-json\/wp\/v2\/media?parent=340411"}],"wp:term":[{"taxonomy":"category","embeddable":true,"href":"https:\/\/www.europesays.com\/fi\/wp-json\/wp\/v2\/categories?post=340411"},{"taxonomy":"post_tag","embeddable":true,"href":"https:\/\/www.europesays.com\/fi\/wp-json\/wp\/v2\/tags?post=340411"}],"curies":[{"name":"wp","href":"https:\/\/api.w.org\/{rel}","templated":true}]}}