{"id":340415,"date":"2026-09-03T14:08:09","date_gmt":"2026-09-03T14:08:09","guid":{"rendered":"https:\/\/www.europesays.com\/fi\/340415\/"},"modified":"2026-09-03T14:08:09","modified_gmt":"2026-09-03T14:08:09","slug":"huuhkajat-loysi-jyri-niemiselle-korvaajan-saksan-kakkostasolta-urheilu","status":"publish","type":"post","link":"https:\/\/www.europesays.com\/fi\/340415\/","title":{"rendered":"Huuhkajat l\u00f6ysi Jyri Niemiselle korvaajan Saksan kakkostasolta | Urheilu"},"content":{"rendered":"<p>Saksalainen Dennis Neudahm on valittu Suomen miesten jalkapallomaajoukkueen uudeksi maalivahtivalmentajaksi, kertoo Palloliitto.<\/p>\n<p>Neudahm, 39, korvaa Huuhkajien valmennusryhm\u00e4ss\u00e4 Jyri Niemisen, joka siirtyi kes\u00e4ll\u00e4 Ranskan liigassa pelaavan Monacon maalivahtivalmentajaksi. Nieminen ehti ty\u00f6skennell\u00e4 maajoukkueessa p\u00e4\u00e4valmentaja Jacob Friisin johtamassa valmennusryhm\u00e4ss\u00e4 noin vuoden.<\/p>\n<p>Neudahm jatkaa maajoukkueteht\u00e4v\u00e4ns\u00e4 ohella ty\u00f6t\u00e4\u00e4n Saksan 2. Bundesliigassa pelaavan N\u00fcrnbergin maalivahtivalmentajana. Huuhkajien pelaajista N\u00fcrnbergi\u00e4 edustaa Adam Marhiev.<\/p>\n<p>\u2013\u2009Ty\u00f6skentely maajoukkuetasolla on minulle uusi haaste ja erinomainen tilaisuus saada uusia kokemuksia sek\u00e4 kehitty\u00e4 edelleen maalivahtivalmentajana, Neudahm sanoi Palloliiton <a href=\"https:\/\/www.palloliitto.fi\/ajankohtaista\/dennis-neudahm-huuhkajien-maalivahtivalmentajaksi\" rel=\"nofollow noopener\" target=\"_blank\">tiedotteessa<\/a>.<\/p>\n<p>Huuhkajat pelaa syksyll\u00e4 Kansojen liigan C-liigassa. Maajoukkue kohtaa lohkoavauksessaan San Marinon vieraskent\u00e4ll\u00e4 26. syyskuuta.<\/p>\n","protected":false},"excerpt":{"rendered":"Saksalainen Dennis Neudahm on valittu Suomen miesten jalkapallomaajoukkueen uudeksi maalivahtivalmentajaksi, kertoo Palloliitto. Neudahm, 39, korvaa Huuhkajien valmennusryhm\u00e4ss\u00e4 Jyri&hellip;\n","protected":false},"author":2,"featured_media":340416,"comment_status":"","ping_status":"","sticky":false,"template":"","format":"standard","meta":{"footnotes":"","_share_on_mastodon":"0"},"categories":[158],"tags":[33,31,30,43,42,1745,1984,41,159,32,939,160,161],"class_list":["post-340415","post","type-post","status-publish","format-standard","has-post-thumbnail","category-urheilu","tag-fi","tag-finland","tag-finnish","tag-jalkapallo","tag-jalkapalloon-perustuvat-lajit","tag-jalkapallopelaajat","tag-jalkapallopelaajat-miehet","tag-liikunta-ja-urheilu","tag-sports","tag-suomi","tag-tyo","tag-urheilu","tag-urheilutapahtumat"],"share_on_mastodon":{"url":"https:\/\/pubeurope.com\/@fi\/117207505818886280","error":""},"_links":{"self":[{"href":"https:\/\/www.europesays.com\/fi\/wp-json\/wp\/v2\/posts\/340415","targetHints":{"allow":["GET"]}}],"collection":[{"href":"https:\/\/www.europesays.com\/fi\/wp-json\/wp\/v2\/posts"}],"about":[{"href":"https:\/\/www.europesays.com\/fi\/wp-json\/wp\/v2\/types\/post"}],"author":[{"embeddable":true,"href":"https:\/\/www.europesays.com\/fi\/wp-json\/wp\/v2\/users\/2"}],"replies":[{"embeddable":true,"href":"https:\/\/www.europesays.com\/fi\/wp-json\/wp\/v2\/comments?post=340415"}],"version-history":[{"count":0,"href":"https:\/\/www.europesays.com\/fi\/wp-json\/wp\/v2\/posts\/340415\/revisions"}],"wp:featuredmedia":[{"embeddable":true,"href":"https:\/\/www.europesays.com\/fi\/wp-json\/wp\/v2\/media\/340416"}],"wp:attachment":[{"href":"https:\/\/www.europesays.com\/fi\/wp-json\/wp\/v2\/media?parent=340415"}],"wp:term":[{"taxonomy":"category","embeddable":true,"href":"https:\/\/www.europesays.com\/fi\/wp-json\/wp\/v2\/categories?post=340415"},{"taxonomy":"post_tag","embeddable":true,"href":"https:\/\/www.europesays.com\/fi\/wp-json\/wp\/v2\/tags?post=340415"}],"curies":[{"name":"wp","href":"https:\/\/api.w.org\/{rel}","templated":true}]}}