{"id":340421,"date":"2026-09-03T14:13:08","date_gmt":"2026-09-03T14:13:08","guid":{"rendered":"https:\/\/www.europesays.com\/fi\/340421\/"},"modified":"2026-09-03T14:13:08","modified_gmt":"2026-09-03T14:13:08","slug":"venalaismedia-televisiokanavien-johtajille-ja-juontajille-lisattiin-henkivartijoita-yle","status":"publish","type":"post","link":"https:\/\/www.europesays.com\/fi\/340421\/","title":{"rendered":"Ven\u00e4l\u00e4ismedia: Televisiokanavien johtajille ja juontajille lis\u00e4ttiin henkivartijoita &#8211; Yle"},"content":{"rendered":"<ol>\n<li><a href=\"https:\/\/news.google.com\/rss\/articles\/CBMiUkFVX3lxTFB3eTcyWG9sQTlVaGp6R0JmUXRtNFN6MjBRWENvVlFZUXUzLTFESEJQd3AtUHlKaDhUZ3JDa1BKZEhIUzhlSU5VYnROSzhGbzN3QUE?oc=5\" target=\"_blank\" rel=\"nofollow noopener\">Ven\u00e4l\u00e4ismedia: Televisiokanavien johtajille ja juontajille lis\u00e4ttiin henkivartijoita<\/a>&nbsp;&nbsp;Yle<\/li>\n<li><a href=\"https:\/\/news.google.com\/rss\/articles\/CBMiUkFVX3lxTFBjNDF1RDBhX0VhcWlhZC1od05jOWNfMGw1X0NwUGxrR3NJb0k0SW14OHVBeDJpQTVYVWd2ZVBnVWc1QVhONFU3ZkFNS0E5WU9CdHc?oc=5\" target=\"_blank\" rel=\"nofollow noopener\">Kiovassa tutkitaan turvallisuusjoukkojen v\u00e4list\u00e4 ampumistapausta<\/a>&nbsp;&nbsp;Yle<\/li>\n<li><a href=\"https:\/\/news.google.com\/rss\/articles\/CBMiUkFVX3lxTFA3YmxOSUF2MDBFOV9CWUljX0VQb0NLMzhDM0lwTXZxck1tTzNZeHdEbC1sS0NvYWxoSGh2YWdBYlYwNzk3RC1YWno1amJLTDRQd0E?oc=5\" target=\"_blank\" rel=\"nofollow noopener\">Ven\u00e4j\u00e4n ilmaisku vahingoitti kerrostaloa Odessassa<\/a>&nbsp;&nbsp;Yle<\/li>\n<li><a href=\"https:\/\/news.google.com\/rss\/articles\/CBMiUkFVX3lxTE5CeDdvYUpkUVdHbkNMbWw3MGE0ODJBLWdVbXFSNExzSjVleHVWWWYxN0Jsd2NDVnBLZlNGLXBZb0VkU0RENDVvQVJWamhLWFRxUEE?oc=5\" target=\"_blank\" rel=\"nofollow noopener\">Zelenskyi vaihtoi maajoukkojen komentajaa<\/a>&nbsp;&nbsp;Yle<\/li>\n<li><a href=\"https:\/\/news.google.com\/rss\/articles\/CBMiUkFVX3lxTFBRa1NaZGpoTWJvbkxOcWxYdERMa0lSalZ4SXdDYUxRdURKWC1PbnlKYmo4bkhIbFFWY3NjYV9yb21tWXUzS2VvNF9IbTZkQzBXaHc?oc=5\" target=\"_blank\" rel=\"nofollow noopener\">Ven\u00e4j\u00e4n valtiovarainministeri teki yll\u00e4tysvierailun G20-kokoukseen<\/a>&nbsp;&nbsp;Yle<\/li>\n<\/ol>\n","protected":false},"excerpt":{"rendered":"Ven\u00e4l\u00e4ismedia: Televisiokanavien johtajille ja juontajille lis\u00e4ttiin henkivartijoita&nbsp;&nbsp;Yle Kiovassa tutkitaan turvallisuusjoukkojen v\u00e4list\u00e4 ampumistapausta&nbsp;&nbsp;Yle Ven\u00e4j\u00e4n ilmaisku vahingoitti kerrostaloa Odessassa&nbsp;&nbsp;Yle Zelenskyi&hellip;\n","protected":false},"author":2,"featured_media":340422,"comment_status":"","ping_status":"","sticky":false,"template":"","format":"standard","meta":{"footnotes":"","_share_on_mastodon":"0"},"categories":[14],"tags":[22,23,26,27,33,31,30,17,70,24,25,28,29,15,18,21,32,19,20,1303,56,16,547,987,59,60,61],"class_list":["post-340421","post","type-post","status-publish","format-standard","has-post-thumbnail","category-ulkomaat","tag-breaking-news","tag-breakingnews","tag-featured-news","tag-featurednews","tag-fi","tag-finland","tag-finnish","tag-headlines","tag-kansainvalinen-politiikka","tag-latest-news","tag-latestnews","tag-main-news","tag-mainnews","tag-news","tag-otsikot","tag-paauutiset","tag-suomi","tag-top-stories","tag-topstories","tag-ukraina","tag-ulkomaat","tag-uutiset","tag-venaja","tag-venajan-hyokkays","tag-world","tag-world-news","tag-worldnews"],"share_on_mastodon":{"url":"https:\/\/pubeurope.com\/@fi\/117207525306224540","error":""},"_links":{"self":[{"href":"https:\/\/www.europesays.com\/fi\/wp-json\/wp\/v2\/posts\/340421","targetHints":{"allow":["GET"]}}],"collection":[{"href":"https:\/\/www.europesays.com\/fi\/wp-json\/wp\/v2\/posts"}],"about":[{"href":"https:\/\/www.europesays.com\/fi\/wp-json\/wp\/v2\/types\/post"}],"author":[{"embeddable":true,"href":"https:\/\/www.europesays.com\/fi\/wp-json\/wp\/v2\/users\/2"}],"replies":[{"embeddable":true,"href":"https:\/\/www.europesays.com\/fi\/wp-json\/wp\/v2\/comments?post=340421"}],"version-history":[{"count":0,"href":"https:\/\/www.europesays.com\/fi\/wp-json\/wp\/v2\/posts\/340421\/revisions"}],"wp:featuredmedia":[{"embeddable":true,"href":"https:\/\/www.europesays.com\/fi\/wp-json\/wp\/v2\/media\/340422"}],"wp:attachment":[{"href":"https:\/\/www.europesays.com\/fi\/wp-json\/wp\/v2\/media?parent=340421"}],"wp:term":[{"taxonomy":"category","embeddable":true,"href":"https:\/\/www.europesays.com\/fi\/wp-json\/wp\/v2\/categories?post=340421"},{"taxonomy":"post_tag","embeddable":true,"href":"https:\/\/www.europesays.com\/fi\/wp-json\/wp\/v2\/tags?post=340421"}],"curies":[{"name":"wp","href":"https:\/\/api.w.org\/{rel}","templated":true}]}}