{"id":340433,"date":"2026-09-03T14:35:20","date_gmt":"2026-09-03T14:35:20","guid":{"rendered":"https:\/\/www.europesays.com\/fi\/340433\/"},"modified":"2026-09-03T14:35:20","modified_gmt":"2026-09-03T14:35:20","slug":"maria-ja-reino-nordin-juhlivat-18-vuotista-avioliittoaan-avoin-kertomus-yla-ja-alamaista","status":"publish","type":"post","link":"https:\/\/www.europesays.com\/fi\/340433\/","title":{"rendered":"Maria ja Reino Nordin juhlivat 18-vuotista avioliittoaan \u2013 avoin kertomus yl\u00e4- ja alam\u00e4ist\u00e4"},"content":{"rendered":"<p>\n            20241127 HELSINKI. TENNISPALATSI. Levonto Tuhkimo -elokuvan ensi-ilta. Maria ja Reino Nordin. KUVA: ATTE KAJOVA<br \/>\n            ATTE KAJOVA\n        <\/p>\n<p class=\"subtitle \">Maria Nordin luetteli h\u00e4\u00e4p\u00e4iv\u00e4n kunniaksi suhteen hyvi\u00e4 hetki\u00e4 ja kipukohtia.<\/p>\n<p class=\"article-content article-content-width !bg-background\">Sosiaalisen median vaikuttaja ja yritt\u00e4j\u00e4 , 43, ja laulaja , 43, viettiv\u00e4t suurta merkkip\u00e4iv\u00e4\u00e4 keskiviikkona 2. syyskuuta.<\/p>\n<p class=\"font-weight-bold m-font-weight-bold article-content article-content-width !bg-background\">Video: Maria Nordin hovioikeudessa.\u00a0<\/p>\n<p class=\"article-content article-content-width !bg-background\">Pariskunta on ollut naimisissa per\u00e4ti 18 vuotta. Maria jakoi p\u00e4iv\u00e4n kunniaksi nelj\u00e4 yhteiskuvaa h\u00e4nest\u00e4 ja Reinosta Instagramissa.<\/p>\n<p class=\"article-content article-content-width !bg-background\">Julkaisun yhdess\u00e4 Maria muisteli avioparin pitk\u00e4\u00e4 yhteist\u00e4 taivalta ja nosti esiin sek\u00e4 yl\u00e4- ett\u00e4 alam\u00e4ki\u00e4 vuosien varrelta.<\/p>\n<p class=\"article-content article-content-width !bg-background\">\u2013 Oltiin niin nuoria kun tavattiin&#8230; tanssittiin alasti ja ajettiin py\u00f6rill\u00e4 makasiineille bileisiin, Maria kirjoittaa kuvatekstiss\u00e4.\u00a0<\/p>\n<p>        <a itemprop=\"url\" href=\"https:\/\/www.seiska.fi\/kotimaa\/maria-nordin-poseeraa-rohkeassa-raskauskuvassa\/2201570\" rel=\"nofollow noopener\" target=\"_blank\"><\/p>\n<p>\nAlasti veneess\u00e4\n<\/p>\n<p class=\"section-date\">\n        <strong class=\"article-section\" data-section=\"kotimaa\"><br \/>\n            kotimaa<br \/>\n        <\/strong><br \/>\n        7.7. 20:30\n    <\/p>\n<p>Maria Nordin poseeraa rohkeassa raskauskuvassa!\n    <\/p>\n<p itemprop=\"description\" class=\"subtitle \">\n    Marian raskauskuvat her\u00e4ttiv\u00e4t valtavasti ihastelua.\n<\/p>\n<p>        <\/a><\/p>\n<p>\u201cEi vain hauskanpitoa\u201d<\/p>\n<p class=\"article-content article-content-width !bg-background\">Taaksep\u00e4in katsoessaan Maria kertoo avoimesti, ettei suhde ole ollut pelkk\u00e4\u00e4 ruusuilla tanssimista.<\/p>\n<p class=\"article-content article-content-width !bg-background\">\u2013 K\u00e4vi kuitenkin ilmi et avioliitto ei ole vain hauskanpitoa. Saadaan nimitt\u00e4in aika hyvin nostettua toisissamme esiin kipupisteit\u00e4. HUUH! Onneksi vuosien varrella on henkinen ty\u00f6kalupakki karttunut ja ollaan opittu niin paljon. Ja hitsi ollaan kasvettu yhdess\u00e4.<\/p>\n<p class=\"article-content article-content-width !bg-background\">\u2013 Tiukkoja tilanteita on ollut ja l\u00e4hell\u00e4 oltu ett\u00e4 erotaan. Vaikeiden hetkien j\u00e4lkeen ollaan aina uudelleen osattu nauraa itsellemme, toisillemme, meille. My\u00f6t\u00e4tunnolla, Maria kirjoittaa.<\/p>\n<p class=\"article-content article-content-width !bg-background\">Maria ja Reino ovat kertoneet avoimesti avioliittonsa haasteista. Vuonna 2025 pari vieraili  <a href=\"https:\/\/podimo.com\/fi\/shows\/sami-kuronen-iltanuotiolla\" target=\"_blank\" rel=\"nofollow noopener\">Iltanuotiolla-<\/a>podcastissa, jossa he puhuivat Reinon p\u00e4ihdeongelmasta, joka syveni parin ensimm\u00e4isen lapsen syntym\u00e4n my\u00f6t\u00e4.<\/p>\n<p>        <a itemprop=\"url\" href=\"https:\/\/www.seiska.fi\/kotimaa\/raskaana-oleva-maria-nordin-vietti-juhannusta-erillaan-reinosta\/2187153\" rel=\"nofollow noopener\" target=\"_blank\"><\/p>\n<p>\nRaskaana oleva Maria Nordin\n<\/p>\n<p class=\"section-date\">\n        <strong class=\"article-section\" data-section=\"kotimaa\"><br \/>\n            kotimaa<br \/>\n        <\/strong><br \/>\n        22.6. 20:00\n    <\/p>\n<p>Raskaana oleva Maria Nordin vietti juhannusta erill\u00e4\u00e4n Reinosta\n    <\/p>\n<p itemprop=\"description\" class=\"subtitle \">\n    Kohuvaikuttajana tunnettu Maria heitti juhannuskokkoon muutakin kuin klapeja.\n<\/p>\n<p>        <\/a><\/p>\n<p>J\u00e4rkyttyi raskaudesta<\/p>\n<p class=\"article-content article-content-width !bg-background\">Avioparin ensimm\u00e4inen lapsi syntyi vuonna 2010. Nyky\u00e4\u00e4n parilla on nelj\u00e4 yhteist\u00e4 lasta, ja nyt Maria odottaa viidett\u00e4. Tulevan vauvan laskettu aika on lokakuussa.<\/p>\n<p class=\"article-content article-content-width !bg-background\">\u2013 My\u00f6nn\u00e4n ett\u00e4 olin j\u00e4rkyttynyt kun sain tiet\u00e4\u00e4 olevani raskaana. Mutta sitten mietin t\u00e4t\u00e4 meid\u00e4n el\u00e4m\u00e4\u00e4 ja tilaa t\u00e4ss\u00e4 meid\u00e4n v\u00e4liss\u00e4\u2026 ei ihme ett\u00e4 t\u00e4nne on tunkua. Rakkautta on, ja vapautta, hassuttelua, syv\u00e4llisi\u00e4 keskusteluita, huolenpitoa\u2026 Maria tunnelmoi rehellisesti.\u00a0<\/p>\n<p class=\"article-content article-content-width !bg-background\">Reino ei ollut ainakaan viel\u00e4 jakanut omalla Instagram-tilill\u00e4\u00e4n mit\u00e4\u00e4n parin h\u00e4\u00e4p\u00e4iv\u00e4n kunniaksi.<\/p>\n<p>        <a itemprop=\"url\" href=\"https:\/\/www.seiska.fi\/kotimaa\/maria-nordinista-tehtiin-huoli-ilmoitus\/2143110\" rel=\"nofollow noopener\" target=\"_blank\"><\/p>\n<p>\nMaria Nordin\n<\/p>\n<p class=\"section-date\">\n        <strong class=\"article-section\" data-section=\"kotimaa\"><br \/>\n            kotimaa<br \/>\n        <\/strong><br \/>\n        4.5. 17:34\n    <\/p>\n<p>Maria Nordinista tehtiin huoli-ilmoitus\n    <\/p>\n<p itemprop=\"description\" class=\"subtitle \">\n    Maria Nordin odottaa parhaillaan viidett\u00e4 lastaan.\n<\/p>\n<p>        <\/a><\/p>\n","protected":false},"excerpt":{"rendered":"20241127 HELSINKI. TENNISPALATSI. Levonto Tuhkimo -elokuvan ensi-ilta. Maria ja Reino Nordin. KUVA: ATTE KAJOVA ATTE KAJOVA Maria Nordin&hellip;\n","protected":false},"author":2,"featured_media":340434,"comment_status":"","ping_status":"","sticky":false,"template":"","format":"standard","meta":{"footnotes":"","_share_on_mastodon":"0"},"categories":[130],"tags":[1075,137,33,31,30,12707,98,5184,32,109],"class_list":["post-340433","post","type-post","status-publish","format-standard","has-post-thumbnail","category-viihde","tag-avioliitto","tag-entertainment","tag-fi","tag-finland","tag-finnish","tag-maria-nordin","tag-perhe","tag-reino-nordin","tag-suomi","tag-viihde"],"share_on_mastodon":{"url":"https:\/\/pubeurope.com\/@fi\/117207611667416230","error":""},"_links":{"self":[{"href":"https:\/\/www.europesays.com\/fi\/wp-json\/wp\/v2\/posts\/340433","targetHints":{"allow":["GET"]}}],"collection":[{"href":"https:\/\/www.europesays.com\/fi\/wp-json\/wp\/v2\/posts"}],"about":[{"href":"https:\/\/www.europesays.com\/fi\/wp-json\/wp\/v2\/types\/post"}],"author":[{"embeddable":true,"href":"https:\/\/www.europesays.com\/fi\/wp-json\/wp\/v2\/users\/2"}],"replies":[{"embeddable":true,"href":"https:\/\/www.europesays.com\/fi\/wp-json\/wp\/v2\/comments?post=340433"}],"version-history":[{"count":0,"href":"https:\/\/www.europesays.com\/fi\/wp-json\/wp\/v2\/posts\/340433\/revisions"}],"wp:featuredmedia":[{"embeddable":true,"href":"https:\/\/www.europesays.com\/fi\/wp-json\/wp\/v2\/media\/340434"}],"wp:attachment":[{"href":"https:\/\/www.europesays.com\/fi\/wp-json\/wp\/v2\/media?parent=340433"}],"wp:term":[{"taxonomy":"category","embeddable":true,"href":"https:\/\/www.europesays.com\/fi\/wp-json\/wp\/v2\/categories?post=340433"},{"taxonomy":"post_tag","embeddable":true,"href":"https:\/\/www.europesays.com\/fi\/wp-json\/wp\/v2\/tags?post=340433"}],"curies":[{"name":"wp","href":"https:\/\/api.w.org\/{rel}","templated":true}]}}