{"id":340443,"date":"2026-09-03T14:41:13","date_gmt":"2026-09-03T14:41:13","guid":{"rendered":"https:\/\/www.europesays.com\/fi\/340443\/"},"modified":"2026-09-03T14:41:13","modified_gmt":"2026-09-03T14:41:13","slug":"mansen-tahdet-konsertti-on-peruttu","status":"publish","type":"post","link":"https:\/\/www.europesays.com\/fi\/340443\/","title":{"rendered":"Mansen t\u00e4hdet -konsertti on peruttu"},"content":{"rendered":"<p>Konserttiin oli osallistumassa l\u00e4hes 20 artistia ja Tampereen Filharmonia.<\/p>\n<p><img decoding=\"async\" src=\"https:\/\/www.europesays.com\/fi\/wp-content\/uploads\/2026\/09\/1788446473_395_468.jpg\" alt=\"Nokia-areenalla j\u00e4rjestettiin hein\u00e4kuussa Pauli \u201dPate\u201d Mustaj\u00e4rven muistokonsertti.\" class=\"_Img_1rerz_1\" style=\"aspect-ratio:1920\/1080\" loading=\"eager\"\/><\/p>\n<p class=\"font-(family-name:--picture-caption-font-family) text-(length:--picture-caption-font-size) leading-(--picture-caption-leading) font-(--picture-caption-font-weight) text-(color:--picture-caption-color)\">Nokia-areenalla j\u00e4rjestettiin hein\u00e4kuussa Pauli \u201dPate\u201d Mustaj\u00e4rven muistokonsertti. Kuva:\u00a0Eeva Valtokari \/ IS<\/p>\n<p class=\"article-body mb-(--paragraph-margin-b) px-nof-16\">Nokia-areenan Mansen t\u00e4hdet -konsertti on peruttu. Lippu.fi-sivustolla kerrotaan, ett\u00e4 perumisen syy on huono lipunmyynti. Nokia-areenan sivuilla kerrotaan, ett\u00e4 perumisen takana on tapahtumaj\u00e4rjest\u00e4j\u00e4n p\u00e4\u00e4t\u00f6s.<\/p>\n<p class=\"article-body mb-(--paragraph-margin-b) px-nof-16\">Tapahtuman takana oli julkkispromoottori <a class=\"font-bold underline-offset-[0.12em] [text-decoration:var(--person-link-text-decoration)] [text-decoration-color:var(--person-link-text-decoration-color)]!\" href=\"https:\/\/www.is.fi\/haku\/?query=Kalle%20Keskisen\" rel=\"nofollow noopener\" target=\"_blank\">Kalle Keskisen<\/a> Loud\u2019n Live Promotions. Konsertista tiedotettiin huhtikuussa, ja se oli m\u00e4\u00e4r\u00e4 j\u00e4rjest\u00e4\u00e4 24. lokakuuta.<\/p>\n<p class=\"article-body mb-(--paragraph-margin-b) px-nof-16\">Lippurahoja voi hakea takaisin 1. marraskuuta asti Lippu.fin ohjeistuksen mukaisesti.<\/p>\n<p class=\"article-body mb-(--paragraph-margin-b) px-nof-16\">Asiasta uutisoi ensin <a class=\"underline underline-offset-[0.12em] [text-decoration-thickness:var(--generic-link-underline-thickness)] [text-decoration-color:var(--generic-link-underline-color)] [text-decoration-skip-ink:var(--generic-link-underline-skip-ink)] break-words\" href=\"https:\/\/www.aamulehti.fi\/musiikki\/art-2000012249904.html\" rel=\"nofollow noopener\" target=\"_blank\">Aamulehti<\/a>. Niin kutsuttua manserockia liippaavaa konserttitarjontaa on lehden mukaan ollut t\u00e4n\u00e4 vuonna Tampereella poikkeuksellisen runsaasti.<\/p>\n<p class=\"article-body mb-(--paragraph-margin-b) px-nof-16\">Kes\u00e4ll\u00e4 Nokia-areenassa j\u00e4rjestettiin Pate Mustaj\u00e4rven muistokonsertti ja Tammelan stadionilla Manserock stadionilla -konsertti. Ratinassa oli Eppu Normaalin kolme keikkaa Ratinassa elokuun alussa.<\/p>\n<p class=\"article-body mb-(--paragraph-margin-b) px-nof-16\">Konsertti olisi ollut kattaukseltaan harvinaisuus, sill\u00e4 lavalle oli nousemassa l\u00e4hes kaksikymment\u00e4 Tampereelta kotoisin olevaa artistia sek\u00e4 Tampereen Filharmonia. Mansen t\u00e4hdet -konsertin artisteiksi olivat varmistuneet muun muassa <a class=\"font-bold underline-offset-[0.12em] [text-decoration:var(--person-link-text-decoration)] [text-decoration-color:var(--person-link-text-decoration-color)]!\" href=\"https:\/\/www.is.fi\/haku\/?query=Jarkko%20Ahola\" rel=\"nofollow noopener\" target=\"_blank\">Jarkko Ahola<\/a>, <a class=\"font-bold underline-offset-[0.12em] [text-decoration:var(--person-link-text-decoration)] [text-decoration-color:var(--person-link-text-decoration-color)]!\" href=\"https:\/\/www.is.fi\/haku\/?query=Pauli%20Hanhiniemi\" rel=\"nofollow noopener\" target=\"_blank\">Pauli Hanhiniemi<\/a>, <a class=\"font-bold underline-offset-[0.12em] [text-decoration:var(--person-link-text-decoration)] [text-decoration-color:var(--person-link-text-decoration-color)]!\" href=\"https:\/\/www.is.fi\/haku\/?query=Costello%20Hautam%C3%A4ki\" rel=\"nofollow noopener\" target=\"_blank\">Costello Hautam\u00e4ki<\/a>, <a class=\"font-bold underline-offset-[0.12em] [text-decoration:var(--person-link-text-decoration)] [text-decoration-color:var(--person-link-text-decoration-color)]!\" href=\"https:\/\/www.is.fi\/haku\/?query=Sami%20Saari\" rel=\"nofollow noopener\" target=\"_blank\">Sami Saari<\/a>, <a class=\"font-bold underline-offset-[0.12em] [text-decoration:var(--person-link-text-decoration)] [text-decoration-color:var(--person-link-text-decoration-color)]!\" href=\"https:\/\/www.is.fi\/haku\/?query=Laura%20Voutilainen\" rel=\"nofollow noopener\" target=\"_blank\">Laura Voutilainen<\/a>, <a class=\"font-bold underline-offset-[0.12em] [text-decoration:var(--person-link-text-decoration)] [text-decoration-color:var(--person-link-text-decoration-color)]!\" href=\"https:\/\/www.is.fi\/haku\/?query=Herra%20Ylpp%C3%B6\" rel=\"nofollow noopener\" target=\"_blank\">Herra Ylpp\u00f6<\/a> ja <a class=\"font-bold underline-offset-[0.12em] [text-decoration:var(--person-link-text-decoration)] [text-decoration-color:var(--person-link-text-decoration-color)]!\" href=\"https:\/\/www.is.fi\/haku\/?query=Jenni%20Mustaj%C3%A4rvi\" rel=\"nofollow noopener\" target=\"_blank\">Jenni Mustaj\u00e4rvi<\/a>.<\/p>\n","protected":false},"excerpt":{"rendered":"Konserttiin oli osallistumassa l\u00e4hes 20 artistia ja Tampereen Filharmonia. Nokia-areenalla j\u00e4rjestettiin hein\u00e4kuussa Pauli \u201dPate\u201d Mustaj\u00e4rven muistokonsertti. Kuva:\u00a0Eeva Valtokari&hellip;\n","protected":false},"author":2,"featured_media":340444,"comment_status":"","ping_status":"","sticky":false,"template":"","format":"standard","meta":{"footnotes":"","_share_on_mastodon":"0"},"categories":[5],"tags":[22,23,26,27,33,31,30,17,34,24,25,28,29,15,18,21,32,19,20,16],"class_list":["post-340443","post","type-post","status-publish","format-standard","has-post-thumbnail","category-otsikot","tag-breaking-news","tag-breakingnews","tag-featured-news","tag-featurednews","tag-fi","tag-finland","tag-finnish","tag-headlines","tag-ilta-sanomat","tag-latest-news","tag-latestnews","tag-main-news","tag-mainnews","tag-news","tag-otsikot","tag-paauutiset","tag-suomi","tag-top-stories","tag-topstories","tag-uutiset"],"share_on_mastodon":{"url":"https:\/\/pubeurope.com\/@fi\/117207635850661154","error":""},"_links":{"self":[{"href":"https:\/\/www.europesays.com\/fi\/wp-json\/wp\/v2\/posts\/340443","targetHints":{"allow":["GET"]}}],"collection":[{"href":"https:\/\/www.europesays.com\/fi\/wp-json\/wp\/v2\/posts"}],"about":[{"href":"https:\/\/www.europesays.com\/fi\/wp-json\/wp\/v2\/types\/post"}],"author":[{"embeddable":true,"href":"https:\/\/www.europesays.com\/fi\/wp-json\/wp\/v2\/users\/2"}],"replies":[{"embeddable":true,"href":"https:\/\/www.europesays.com\/fi\/wp-json\/wp\/v2\/comments?post=340443"}],"version-history":[{"count":0,"href":"https:\/\/www.europesays.com\/fi\/wp-json\/wp\/v2\/posts\/340443\/revisions"}],"wp:featuredmedia":[{"embeddable":true,"href":"https:\/\/www.europesays.com\/fi\/wp-json\/wp\/v2\/media\/340444"}],"wp:attachment":[{"href":"https:\/\/www.europesays.com\/fi\/wp-json\/wp\/v2\/media?parent=340443"}],"wp:term":[{"taxonomy":"category","embeddable":true,"href":"https:\/\/www.europesays.com\/fi\/wp-json\/wp\/v2\/categories?post=340443"},{"taxonomy":"post_tag","embeddable":true,"href":"https:\/\/www.europesays.com\/fi\/wp-json\/wp\/v2\/tags?post=340443"}],"curies":[{"name":"wp","href":"https:\/\/api.w.org\/{rel}","templated":true}]}}