{"id":340459,"date":"2026-09-03T15:09:11","date_gmt":"2026-09-03T15:09:11","guid":{"rendered":"https:\/\/www.europesays.com\/fi\/340459\/"},"modified":"2026-09-03T15:09:11","modified_gmt":"2026-09-03T15:09:11","slug":"analyysi-tama-on-se-paperilappu-jonka-petteri-orpo-kaivoi-a-studiossa-povitaskustaan-talous","status":"publish","type":"post","link":"https:\/\/www.europesays.com\/fi\/340459\/","title":{"rendered":"Analyysi: T\u00e4m\u00e4 on se paperilappu, jonka Petteri Orpo kaivoi A-studiossa povitaskustaan | Talous"},"content":{"rendered":"<p class=\"aw__sc-1qwuw0s-0 aw__sc-1vg2sqm-0 epAWpq ecELkD yle__article__paragraph\">VM:n laskelman mukaan suurituloiset maksavat veroja aiempaa suuremman osan. Pari seikkaa on kuitenkin syyt\u00e4 huomioida, kirjoittaa talous\u00adtoimittaja Juha-Matti M\u00e4ntyl\u00e4.<\/p>\n<p><img decoding=\"async\" alt=\"Petteri Orpon A-studiossa esittelem\u00e4 paperinen dokumentti koskien ansioverotulojen jakautumista tulodesiileihin.\" src=\"https:\/\/www.europesays.com\/fi\/wp-content\/uploads\/2026\/09\/1788438601.jpeg\" class=\"aw__sc-dklauk-0 LPzKX\"\/><\/p>\n<p>Avaa kuvien katselu<\/p>\n<p>Eniten tienaava kymmenys suomalaisista maksaa yli 45 prosenttia ansiotuloveroista, laskee valtiovarainministeri\u00f6. Kuva: Eetu-Mikko Pietarinen \/ Yle<img decoding=\"async\" alt=\"Taloustoimittaja Juha-Matti M\u00e4ntyl\u00e4\" src=\"https:\/\/www.europesays.com\/fi\/wp-content\/uploads\/2026\/09\/1669730312.jpeg\" class=\"aw__sc-dklauk-0 LPzKX\"\/><\/p>\n<p>16:05\u2022P\u00e4ivitetty 17:46<\/p>\n<p class=\"aw__sc-1qwuw0s-0 aw__sc-ngllmo-0 epAWpq fzYpjk yle__article__paragraph\">P\u00e4\u00e4ministeri <strong class=\"aw__sc-ngllmo-2 gdRrun yle__article__strong\">Petteri Orpo<\/strong> (kok.) ja suurimman oppositiopuolueen SDP:n puheenjohtaja <strong class=\"aw__sc-ngllmo-2 gdRrun yle__article__strong\">Antti Lindtman<\/strong> <a class=\"aw__sc-ngllmo-1 bTDnwX yle__article__link\" href=\"https:\/\/yle.fi\/a\/74-20244296\" role=\"link\" rel=\"nofollow noopener\" target=\"_blank\">ottivat keskiviikkona toisistaan mittaa Ylen A-studiossa<\/a>. Aiheena oli hallituksen talouspolitiikka, jota SDP on kutsunut kassanry\u00f6st\u00f6ksi.<\/p>\n<p class=\"aw__sc-1qwuw0s-0 aw__sc-ngllmo-0 epAWpq fzYpjk yle__article__paragraph\">Orpo puolustautui ja kertoi, ett\u00e4 hallitus tekee ensi vuonna erityisesti pieni- ja keskituloisille suunnatun veronkevennyksen noin kahdella ja puolella sadalla miljoonalla eurolla.<\/p>\n<p class=\"aw__sc-1qwuw0s-0 aw__sc-ngllmo-0 epAWpq fzYpjk yle__article__paragraph\">\u2013 Niin mik\u00e4 siin\u00e4 on ry\u00f6st\u00e4mist\u00e4, jos me teemme t\u00e4m\u00e4n suomalaisille, Orpo tivasi.<\/p>\n<p class=\"aw__sc-1qwuw0s-0 aw__sc-ngllmo-0 epAWpq fzYpjk yle__article__paragraph\">Lindtman halusi katsoa koko vaalikauden veromuutoksia. H\u00e4nen mukaansa opettajalle tai myyj\u00e4lle j\u00e4\u00e4 verohelpotuksesta k\u00e4teen pari kymppi\u00e4 kuussa.<\/p>\n<p class=\"aw__sc-1qwuw0s-0 aw__sc-ngllmo-0 epAWpq fzYpjk yle__article__paragraph\">\u2013 Mutta p\u00e4\u00e4ministerin tuloluokassa se on jopa kahdeksan tonnia vuodessa, Lindtman sanoi.<\/p>\n<p class=\"aw__sc-1qwuw0s-0 aw__sc-ngllmo-0 epAWpq fzYpjk yle__article__paragraph\">\u2013 Ett\u00e4 siit\u00e4 v\u00e4h\u00e4n mittasuhteita, mit\u00e4 t\u00e4m\u00e4 hallituksen veropolitiikka on tarkoittanut.<\/p>\n<p class=\"aw__sc-1qwuw0s-0 aw__sc-ngllmo-0 epAWpq fzYpjk yle__article__paragraph\"><strong class=\"aw__sc-ngllmo-2 gdRrun yle__article__strong\">Katso, kun Orpo kaivoi keskiviikkona A-studiossa paperin esiin:<\/strong><\/p>\n<p class=\"aw__sc-1qwuw0s-0 aw__sc-ngllmo-0 epAWpq fzYpjk yle__article__paragraph\">Orpolla oli vastaus Lindtmanille valmiina. H\u00e4n kurotti povitaskuunsa ja veti esiin nelj\u00e4\u00e4n osaan taitetun paperiarkin. Sen saman, jonka n\u00e4et t\u00e4m\u00e4n artikkelin p\u00e4\u00e4kuvassa.<\/p>\n<p class=\"aw__sc-1qwuw0s-0 aw__sc-ngllmo-0 epAWpq fzYpjk yle__article__paragraph\">H\u00e4n kohdisti sanansa suoraan demaripuheenjohtajalle.<\/p>\n<p class=\"aw__sc-1qwuw0s-0 aw__sc-ngllmo-0 epAWpq fzYpjk yle__article__paragraph\">\u2013 Kun olet kolme vuotta nyt sanonut, ett\u00e4 hallituksen veropolitiikka on ep\u00e4onnistunutta, niin min\u00e4 pyysin valtiovarainministeri\u00f6st\u00e4 laskelman, Orpo sanoi.<\/p>\n<p class=\"aw__sc-1qwuw0s-0 aw__sc-ngllmo-0 epAWpq fzYpjk yle__article__paragraph\">\u2013 T\u00e4st\u00e4 n\u00e4kee, ett\u00e4 vuonna 2027 hyvin ansaitsevat maksavat suuremman osan palkkaveroista kuin vuonna 2023, jolloin te lopetitte.<\/p>\n<p class=\"aw__sc-1qwuw0s-0 aw__sc-ngllmo-0 epAWpq fzYpjk yle__article__paragraph\">Orpo toisti viestin, jotta se menisi l\u00e4pi kotisohville asti. Hyv\u00e4tuloiset \u2013 \u201dja keskituloisetkin\u201d \u2013 maksavat ensi vuonna isomman osan veroista kuin demareiden hallituskauden lopussa.<\/p>\n<p class=\"aw__sc-1qwuw0s-0 aw__sc-ngllmo-0 epAWpq fzYpjk yle__article__paragraph\">\u2013 Eli isossa kuvassa se, mit\u00e4 olet sanonut, ei pid\u00e4 paikkaansa. Piste.<\/p>\n<p>Suomalaiset jaettiin laskelmassa kymmeneen ryhm\u00e4\u00e4n<\/p>\n<p class=\"aw__sc-1qwuw0s-0 aw__sc-ngllmo-0 epAWpq fzYpjk yle__article__paragraph\">Yle n\u00e4ki Orpon paperin, ja piirsi sen pohjalta alla olevan kuvan. Kuvassa suomalaiset on jaettu ansiotulojen perusteella kymmeneen ryhm\u00e4\u00e4n, jossa kussakin on noin puoli miljoonaa henkil\u00f6\u00e4.<\/p>\n<p class=\"aw__sc-1qwuw0s-0 aw__sc-ngllmo-0 epAWpq fzYpjk yle__article__paragraph\">Tilastoihmiset kutsuvat noita joukkoja desiileiksi.<\/p>\n<p class=\"aw__sc-1qwuw0s-0 aw__sc-ngllmo-0 epAWpq fzYpjk yle__article__paragraph\">Ja todellakin, Orpo on oikeassa. Kolme suurituloisinta kymmenyst\u00e4 maksaa ensi vuonna suuremman osan koko Suomen ansioveropotista kuin mit\u00e4 he maksoivat vuonna 2023.<\/p>\n<p class=\"aw__sc-1qwuw0s-0 aw__sc-ngllmo-0 epAWpq fzYpjk yle__article__paragraph\">Ensimm\u00e4ist\u00e4 kuvaa katsoessa pit\u00e4\u00e4 sirist\u00e4\u00e4 silmi\u00e4\u00e4n, jotta muutos n\u00e4kyy. Toisessa kuvassa muutos n\u00e4kyy selvemmin.<\/p>\n<p class=\"aw__sc-1qwuw0s-0 aw__sc-ngllmo-0 epAWpq fzYpjk yle__article__paragraph\">T\u00e4m\u00e4 saattaa kuulostaa erikoiselta. Onhan Ylekin <a class=\"aw__sc-ngllmo-1 bTDnwX yle__article__link\" href=\"https:\/\/yle.fi\/a\/74-20244211\" role=\"link\" rel=\"nofollow noopener\" target=\"_blank\">viimeksi eilen<\/a> kertonut Veronmaksajien Keskusliiton laskelmista, joiden mukaan kaikkein suurituloisimmat ovat hy\u00f6tym\u00e4ss\u00e4 kaikkein eniten Orpon hallituksen veromuutoksista.<\/p>\n<p class=\"aw__sc-1qwuw0s-0 aw__sc-ngllmo-0 epAWpq fzYpjk yle__article__paragraph\">Miten on mahdollista, ett\u00e4 hyv\u00e4tuloisille on annettu suurin veroale \u2013 ja samaan aikaan hyv\u00e4tuloisten osuus koko ansioverotuksen potista on kasvanut?<\/p>\n<p class=\"aw__sc-1qwuw0s-0 aw__sc-ngllmo-0 epAWpq fzYpjk yle__article__paragraph\">Yle pyysi artikkelia varten lis\u00e4tietoja valtiovarainministeri\u00f6n vero-osastolta.<\/p>\n<p>Kaksi t\u00e4ysin eri tarkastelutapaa<\/p>\n<p class=\"aw__sc-1qwuw0s-0 aw__sc-ngllmo-0 epAWpq fzYpjk yle__article__paragraph\">Selitys ristiriitaan on lopulta yksinkertainen: hyv\u00e4tuloisuuden voi m\u00e4\u00e4ritell\u00e4 tilastoissa monin eri tavoin.<\/p>\n<p class=\"aw__sc-1qwuw0s-0 aw__sc-ngllmo-0 epAWpq fzYpjk yle__article__paragraph\">Veronmaksajien selvitys keskittyi 17 tuloluokkaan \u2013 skaala ylt\u00e4\u00e4 1\u00a0600 euron kuukausituloista 15\u00a0000 euron tuloihin. Jokaisessa tuloluokassa on eri m\u00e4\u00e4r\u00e4 suomalaisia.<\/p>\n<p class=\"aw__sc-1qwuw0s-0 aw__sc-ngllmo-0 epAWpq fzYpjk yle__article__paragraph\">Valtiovarainministeri\u00f6n Orpolle toimittamissa laskelmissa sen sijaan puhutaan desiileist\u00e4. Se tarkoittaa, ett\u00e4 jokaisessa tuloluokassa on suomalaisia yht\u00e4 paljon, eli noin puoli miljoonaa henkil\u00f6\u00e4.<\/p>\n<p class=\"aw__sc-1qwuw0s-0 aw__sc-ngllmo-0 epAWpq fzYpjk yle__article__paragraph\">Lis\u00e4ksi luokituksessa ei ollut alarajaa, mukana olivat my\u00f6s lapset, opiskelijat, joilla ei ole ansiotuloja ollenkaan. Sek\u00e4 esimerkiksi el\u00e4kel\u00e4iset.<\/p>\n<p class=\"aw__sc-1qwuw0s-0 aw__sc-ngllmo-0 epAWpq fzYpjk yle__article__paragraph\">T\u00e4st\u00e4 johtuen ylimp\u00e4\u00e4n tulokymmenykseen p\u00e4\u00e4si jo noin 5\u00a0000 euron kuukausituloilla. Tuossa puolen miljoonan suomalaisen joukossa oikeasti huipputuloisille suunnattu veroale \u2013 eli ylimm\u00e4n marginaaliveron lasku \u2013 ei juuri n\u00e4y.<\/p>\n<p class=\"aw__sc-1qwuw0s-0 aw__sc-ngllmo-0 epAWpq fzYpjk yle__article__paragraph\">Veronmaksajien mukaan yli 12\u00a0000 euroa kuukaudessa tienaavia suomalaisia oli toissa vuonna vain noin 32\u00a0000 henkil\u00f6\u00e4.<\/p>\n<p class=\"aw__sc-1qwuw0s-0 aw__sc-ngllmo-0 epAWpq fzYpjk yle__article__paragraph\">Valtiovarainministeri\u00f6n Orpolle toimittama laskelma ja Veronmaksajien taulukko ovat molemmat t\u00e4ysin p\u00e4tevi\u00e4 tapoja tarkastella verotusta, kunhan muistaa, mist\u00e4 kuvat kertovat.<\/p>\n<p class=\"aw__sc-1qwuw0s-0 aw__sc-ngllmo-0 epAWpq fzYpjk yle__article__paragraph\">Demareille hyv\u00e4tuloisten veroale on tietysti punainen vaate, vaikka sill\u00e4 ei olisikaan koko valtiontalouden kannalta suurta merkityst\u00e4.<\/p>\n<p class=\"aw__sc-1qwuw0s-0 aw__sc-ngllmo-0 epAWpq fzYpjk yle__article__paragraph\">17.15. Korjaus. El\u00e4kel\u00e4iset oli virheellisesti listattu lasten ja opiskelijoiden joukkoon, joilla ei v\u00e4ltt\u00e4m\u00e4tt\u00e4 ole verotettavia ansiotuloja.<\/p>\n","protected":false},"excerpt":{"rendered":"VM:n laskelman mukaan suurituloiset maksavat veroja aiempaa suuremman osan. Pari seikkaa on kuitenkin syyt\u00e4 huomioida, kirjoittaa talous\u00adtoimittaja Juha-Matti&hellip;\n","protected":false},"author":2,"featured_media":340460,"comment_status":"","ping_status":"","sticky":false,"template":"","format":"standard","meta":{"footnotes":"","_share_on_mastodon":"0"},"categories":[5],"tags":[22,23,26,27,33,31,30,17,24,25,28,29,15,18,21,32,20677,78,19,20,16,8666,2186],"class_list":["post-340459","post","type-post","status-publish","format-standard","has-post-thumbnail","category-otsikot","tag-breaking-news","tag-breakingnews","tag-featured-news","tag-featurednews","tag-fi","tag-finland","tag-finnish","tag-headlines","tag-latest-news","tag-latestnews","tag-main-news","tag-mainnews","tag-news","tag-otsikot","tag-paauutiset","tag-suomi","tag-suurituloiset","tag-talous","tag-top-stories","tag-topstories","tag-uutiset","tag-veronalennukset","tag-verotus"],"share_on_mastodon":{"url":"https:\/\/pubeurope.com\/@fi\/117207745670310401","error":""},"_links":{"self":[{"href":"https:\/\/www.europesays.com\/fi\/wp-json\/wp\/v2\/posts\/340459","targetHints":{"allow":["GET"]}}],"collection":[{"href":"https:\/\/www.europesays.com\/fi\/wp-json\/wp\/v2\/posts"}],"about":[{"href":"https:\/\/www.europesays.com\/fi\/wp-json\/wp\/v2\/types\/post"}],"author":[{"embeddable":true,"href":"https:\/\/www.europesays.com\/fi\/wp-json\/wp\/v2\/users\/2"}],"replies":[{"embeddable":true,"href":"https:\/\/www.europesays.com\/fi\/wp-json\/wp\/v2\/comments?post=340459"}],"version-history":[{"count":0,"href":"https:\/\/www.europesays.com\/fi\/wp-json\/wp\/v2\/posts\/340459\/revisions"}],"wp:featuredmedia":[{"embeddable":true,"href":"https:\/\/www.europesays.com\/fi\/wp-json\/wp\/v2\/media\/340460"}],"wp:attachment":[{"href":"https:\/\/www.europesays.com\/fi\/wp-json\/wp\/v2\/media?parent=340459"}],"wp:term":[{"taxonomy":"category","embeddable":true,"href":"https:\/\/www.europesays.com\/fi\/wp-json\/wp\/v2\/categories?post=340459"},{"taxonomy":"post_tag","embeddable":true,"href":"https:\/\/www.europesays.com\/fi\/wp-json\/wp\/v2\/tags?post=340459"}],"curies":[{"name":"wp","href":"https:\/\/api.w.org\/{rel}","templated":true}]}}