{"id":340461,"date":"2026-09-03T15:12:39","date_gmt":"2026-09-03T15:12:39","guid":{"rendered":"https:\/\/www.europesays.com\/fi\/340461\/"},"modified":"2026-09-03T15:12:39","modified_gmt":"2026-09-03T15:12:39","slug":"millaisia-ensimmaisen-reaalipaivan-kokeet-olivat-katso-abitreenien-yo-koelahetys-psykologian-historian-ja-fysiikan-kokeista-abitreenit","status":"publish","type":"post","link":"https:\/\/www.europesays.com\/fi\/340461\/","title":{"rendered":"Millaisia ensimm\u00e4isen reaalip\u00e4iv\u00e4n kokeet olivat? Katso Abitreenien yo-koel\u00e4hetys psykologian, historian ja fysiikan kokeista | Abitreenit"},"content":{"rendered":"<p>Artikkeli on yli 3 vuotta vanha<\/p>\n<p class=\"aw__sc-1qwuw0s-0 aw__sc-1vg2sqm-0 epAWpq ecELkD yle__article__paragraph\">Abitreenien yo-koel\u00e4hetyksess\u00e4 Ylioppilastutkintolautakunnan sensorit, aineenopettaja ja kokeen tehnyt abi k\u00e4yv\u00e4t p\u00e4iv\u00e4n yo-kokeita l\u00e4pi kohta kohdalta.<\/p>\n<p class=\"aw__sc-1qwuw0s-0 aw__sc-ngllmo-0 epAWpq fzYpjk yle__article__paragraph\">Abitreenien kev\u00e4\u00e4n kolmannessa suorassa yo-koel\u00e4hetyksess\u00e4 selvi\u00e4\u00e4, mihin ensimm\u00e4isen reaalip\u00e4iv\u00e4n ylioppilaskokeiden teht\u00e4vill\u00e4 pyrittiin ja millaista osaamista niill\u00e4 mitattiin. YTL:n sensoreille esitett\u00e4v\u00e4t kysymykset on ker\u00e4tty p\u00e4iv\u00e4n kokeen tehneilt\u00e4 lukiolaisilta \u2013 l\u00e4hetykseen voit osallistua my\u00f6s liven\u00e4 <a class=\"aw__sc-ngllmo-1 bTDnwX yle__article__link\" href=\"https:\/\/chat.yle.fi\/abitreenit\" role=\"link\" rel=\"nofollow noopener\" target=\"_blank\">Yle Chatissa<\/a>!<\/p>\n<p class=\"aw__sc-1qwuw0s-0 aw__sc-ngllmo-0 epAWpq fzYpjk yle__article__paragraph\">P\u00e4iv\u00e4n yo-kokeet ja hyv\u00e4n vastauksen piirteet julkaistaan jokaisena koep\u00e4iv\u00e4n\u00e4 Abitreenien sivuilla.<\/p>\n<p class=\"aw__sc-1qwuw0s-0 aw__sc-ngllmo-0 epAWpq fzYpjk yle__article__paragraph\"><strong class=\"aw__sc-ngllmo-2 gdRrun yle__article__strong\">L\u00e4hetysvieraina:<\/strong><\/p>\n<p class=\"aw__sc-1qwuw0s-0 aw__sc-ngllmo-0 epAWpq fzYpjk yle__article__paragraph\"><strong class=\"aw__sc-ngllmo-2 gdRrun yle__article__strong\">Psykologia<\/strong><\/p>\n<p class=\"aw__sc-1qwuw0s-0 aw__sc-ngllmo-0 epAWpq fzYpjk yle__article__paragraph\">Nils Sandman, YTL:n asiantuntija<br \/>Minka Kallio, opettaja<br \/>Tiia Sarvikivi, abi<\/p>\n<p class=\"aw__sc-1qwuw0s-0 aw__sc-ngllmo-0 epAWpq fzYpjk yle__article__paragraph\"><strong class=\"aw__sc-ngllmo-2 gdRrun yle__article__strong\">Historia<\/strong><\/p>\n<p class=\"aw__sc-1qwuw0s-0 aw__sc-ngllmo-0 epAWpq fzYpjk yle__article__paragraph\">Jussi Hanska, YTL:n asiantuntija<br \/>Suvi Rand\u00e9n , opettaja<br \/>Mimmi Jokinen, abi<\/p>\n<p class=\"aw__sc-1qwuw0s-0 aw__sc-ngllmo-0 epAWpq fzYpjk yle__article__paragraph\"><strong class=\"aw__sc-ngllmo-2 gdRrun yle__article__strong\">Fysiikka<\/strong><\/p>\n<p class=\"aw__sc-1qwuw0s-0 aw__sc-ngllmo-0 epAWpq fzYpjk yle__article__paragraph\">Ville Havu, YTL:n asiantuntija<br \/>Panu Viitanen, opettaja<br \/>Jade Silpo, abi<\/p>\n<p class=\"aw__sc-1qwuw0s-0 aw__sc-ngllmo-0 epAWpq fzYpjk yle__article__paragraph\">L\u00e4hetyksen juontaa <strong class=\"aw__sc-ngllmo-2 gdRrun yle__article__strong\">Inkeri Alatalo<\/strong>.<\/p>\n<p class=\"aw__sc-1qwuw0s-0 aw__sc-ngllmo-0 epAWpq fzYpjk yle__article__paragraph\">Katso kaikkien kev\u00e4\u00e4n yo-koel\u00e4hetysten aikataulut t\u00e4st\u00e4 <a class=\"aw__sc-ngllmo-1 bTDnwX yle__article__link\" href=\"https:\/\/yle.fi\/aihe\/a\/20-10004319\" role=\"link\" rel=\"nofollow noopener\" target=\"_blank\">artikkelista<\/a>. Kaikki l\u00e4hetykset ovat katsottavissa my\u00f6s j\u00e4lkik\u00e4teen <a class=\"aw__sc-ngllmo-1 bTDnwX yle__article__link\" href=\"https:\/\/areena.yle.fi\/tv\/ohjelmat\/57-zLLje9o9x\" role=\"link\" rel=\"nofollow noopener\" target=\"_blank\">Yle Areenasta<\/a>.<\/p>\n<p class=\"aw__sc-1qwuw0s-0 aw__sc-ngllmo-0 epAWpq fzYpjk yle__article__paragraph\"><strong class=\"aw__sc-ngllmo-2 gdRrun yle__article__strong\">Abitreenit<\/strong> tarjoaa monipuolisesti helpotusta koeurakkaan ja tsemppaa abeja koko kirjoitusten ajan. Suorien yo-koel\u00e4hetysten lis\u00e4ksi YTL:n sensorit vastaavat <a class=\"aw__sc-ngllmo-1 bTDnwX yle__article__link\" href=\"https:\/\/yle.fi\/aihe\/abitreenit\" role=\"link\" rel=\"nofollow noopener\" target=\"_blank\">Abitreenien sivuilla<\/a> kokelaiden kysymyksiin kirjallisesti useassa aineessa. Palvelussa voit my\u00f6s harjoitella aikaisemmilla yo-kokeilla ja testata osaamistasi.<\/p>\n","protected":false},"excerpt":{"rendered":"Artikkeli on yli 3 vuotta vanha Abitreenien yo-koel\u00e4hetyksess\u00e4 Ylioppilastutkintolautakunnan sensorit, aineenopettaja ja kokeen tehnyt abi k\u00e4yv\u00e4t p\u00e4iv\u00e4n yo-kokeita&hellip;\n","protected":false},"author":2,"featured_media":340462,"comment_status":"","ping_status":"","sticky":false,"template":"","format":"standard","meta":{"footnotes":"","_share_on_mastodon":"0"},"categories":[115],"tags":[794,1647,33,31,30,455,96,793,454,118,32,119,792,1777,1648,1200,1512],"class_list":["post-340461","post","type-post","status-publish","format-standard","has-post-thumbnail","category-fysiikka","tag-abitreenit","tag-abiturientit","tag-fi","tag-finland","tag-finnish","tag-fysiikka","tag-koulutus","tag-lukio","tag-physics","tag-science","tag-suomi","tag-tiede","tag-ylioppilaskirjoitukset","tag-ylioppilaskoe","tag-ylioppilastehtavat","tag-ylioppilastutkinto","tag-ylioppilastutkintolautakunta"],"share_on_mastodon":{"url":"https:\/\/pubeurope.com\/@fi\/117207757293946174","error":""},"_links":{"self":[{"href":"https:\/\/www.europesays.com\/fi\/wp-json\/wp\/v2\/posts\/340461","targetHints":{"allow":["GET"]}}],"collection":[{"href":"https:\/\/www.europesays.com\/fi\/wp-json\/wp\/v2\/posts"}],"about":[{"href":"https:\/\/www.europesays.com\/fi\/wp-json\/wp\/v2\/types\/post"}],"author":[{"embeddable":true,"href":"https:\/\/www.europesays.com\/fi\/wp-json\/wp\/v2\/users\/2"}],"replies":[{"embeddable":true,"href":"https:\/\/www.europesays.com\/fi\/wp-json\/wp\/v2\/comments?post=340461"}],"version-history":[{"count":0,"href":"https:\/\/www.europesays.com\/fi\/wp-json\/wp\/v2\/posts\/340461\/revisions"}],"wp:featuredmedia":[{"embeddable":true,"href":"https:\/\/www.europesays.com\/fi\/wp-json\/wp\/v2\/media\/340462"}],"wp:attachment":[{"href":"https:\/\/www.europesays.com\/fi\/wp-json\/wp\/v2\/media?parent=340461"}],"wp:term":[{"taxonomy":"category","embeddable":true,"href":"https:\/\/www.europesays.com\/fi\/wp-json\/wp\/v2\/categories?post=340461"},{"taxonomy":"post_tag","embeddable":true,"href":"https:\/\/www.europesays.com\/fi\/wp-json\/wp\/v2\/tags?post=340461"}],"curies":[{"name":"wp","href":"https:\/\/api.w.org\/{rel}","templated":true}]}}