{"id":340463,"date":"2026-09-03T15:24:15","date_gmt":"2026-09-03T15:24:15","guid":{"rendered":"https:\/\/www.europesays.com\/fi\/340463\/"},"modified":"2026-09-03T15:24:15","modified_gmt":"2026-09-03T15:24:15","slug":"freemanilta-suorat-sanat-vain-elamaa-esityksistaan-pohkon-nakoista","status":"publish","type":"post","link":"https:\/\/www.europesays.com\/fi\/340463\/","title":{"rendered":"Freemanilta suorat sanat Vain el\u00e4m\u00e4\u00e4 -esityksist\u00e4\u00e4n: &#8221;P\u00f6hk\u00f6n n\u00e4k\u00f6ist\u00e4!&#8221;"},"content":{"rendered":"<p>\n            20260818 HELSINKI. ST. GEORGE, VAIN EL\u00c4M\u00c4\u00c4 -PRESSI. Freeman. KUVA: ATTE KAJOVA<br \/>\n            Atte Kajova\n        <\/p>\n<p class=\"subtitle \">Pitk\u00e4n linjan muusikko Freeman vaikuttui muiden Vain el\u00e4m\u00e4\u00e4 -artistien esityksist\u00e4. Omien esitystens\u00e4 suhteen h\u00e4n on kuitenkin kriittisempi.<\/p>\n<p class=\"article-content article-content-width !bg-background\">Nelosen suosittu musiikkiohjelma Vain el\u00e4m\u00e4\u00e4 palaa ruutuun syyskuun alussa. Yksi uuden kauden artisteista on laulaja ja muusikko  , 74, joka tunnetaan tuttavallisemmin taiteilijanimell\u00e4\u00a0.<\/p>\n<p class=\"font-weight-bold m-font-weight-bold article-content article-content-width !bg-background\">Video: Freeman ei osaa k\u00e4ytt\u00e4\u00e4 teko\u00e4ly\u00e4.<\/p>\n<p>Unelmien t\u00e4yttymys<\/p>\n<p class=\"article-content article-content-width !bg-background\">Viiden vuosikymmenen ajan suomalaisia viihdytt\u00e4neen Freemanin ei tarvinnut kahta kertaa vastaustaan mietti\u00e4, kun kutsu Vain el\u00e4m\u00e4\u00e4 -ohjelman 17. kaudelle k\u00e4vi.<\/p>\n<p class=\"article-content article-content-width !bg-background\">\u2013 Kyll\u00e4 m\u00e4 olin sit\u00e4 jo joitain vuosia miettinyt ja salaa toivonut, Freeman paljastaa Katsolle ohjelman lehdist\u00f6tilaisuudessa.<\/p>\n<p class=\"article-content article-content-width !bg-background\">Kahden viikon mittaiseksi ihmiskokeeksi ohjelmaa kuvaileva Freeman kertoo l\u00f6yt\u00e4neens\u00e4 Vain el\u00e4m\u00e4\u00e4 -artisteista el\u00e4m\u00e4\u00e4ns\u00e4 uusia yst\u00e4vi\u00e4, vaikka artisteista etenkin nuoremmat olivatkin Freemanille ennest\u00e4\u00e4n tuntemattomia.<\/p>\n<p class=\"article-content article-content-width !bg-background\">\u2013 En min\u00e4  niin kauheasti ollut kuunnellut. Auton radioon ei ollut viritetty SuomiR\u00e4p-kanavaa, Freeman tunnustaa.<\/p>\n<p class=\"article-content article-content-width !bg-background\">T\u00e4t\u00e4 nyky\u00e4 tilanne on toinen.<\/p>\n<p class=\"article-content article-content-width !bg-background\">\u2013 Nyt se on laitettu sinne, Freeman kertoo innoissaan.<\/p>\n<p>                <img decoding=\"async\" src=\"https:\/\/www.europesays.com\/fi\/wp-content\/uploads\/2026\/09\/2240036.webp\" width=\"576\" height=\"322\" alt=\"Yksi Vain el\u00e4m\u00e4\u00e4 -artisteista on rap-artisti Ares, joka tutustutti Freemanin suomalaiseen rap-musiikkiin.\" loading=\"lazy\" \/>            <\/p>\n<p>\n            Yksi Vain el\u00e4m\u00e4\u00e4 -artisteista on rap-artisti Ares, joka tutustutti Freemanin suomalaiseen rap-musiikkiin.<br \/>\n            Atte Kajova\n        <\/p>\n<p>Kappalevalinnat aiheuttivat p\u00e4\u00e4nvaivaa<\/p>\n<p class=\"article-content article-content-width !bg-background\">Vaikka kutsu Vain el\u00e4m\u00e4\u00e4 -ohjelmaan oli Freemanille unelmien t\u00e4yttymys, valmistautuminen ohjelman kuvauksiin ei sujunut aivan mutkattomasti.\u00a0<\/p>\n<p class=\"article-content article-content-width !bg-background\">Freemanille sopivia kappaleita ei nimitt\u00e4in tahtonut heti l\u00f6yty\u00e4.<\/p>\n<p class=\"article-content article-content-width !bg-background\">\u2013 Se oli jopa v\u00e4h\u00e4n pelottavaa, kun sielt\u00e4 ei heti l\u00f6ytynytk\u00e4\u00e4n niit\u00e4 kappaleita, jotka voisivat sopia Freemanin \u00e4\u00e4nelle ja ohjelmistoon. Siin\u00e4 valitaan kuitenkin sellaisia kappaleita, joita voi joutua esitt\u00e4m\u00e4\u00e4n viel\u00e4 seuraavanakin kes\u00e4n\u00e4 festareilla, Freeman avaa.<\/p>\n<p>        <a itemprop=\"url\" href=\"https:\/\/www.seiska.fi\/katso\/umk-kisahaku-umpeutui-tekeeko-bess-paluun\/2239908\" rel=\"nofollow noopener\" target=\"_blank\"><\/p>\n<p>\nUMK-haku p\u00e4\u00e4ttyi\n<\/p>\n<p class=\"section-date\">\n        <strong class=\"article-section\" data-section=\"katso\"><br \/>\n            katso<br \/>\n        <\/strong><br \/>\n        24.8. 05:15\n    <\/p>\n<p>UMK-kisahaku umpeutui \u2013 Tekeek\u00f6 Bess paluun?\n    <\/p>\n<p itemprop=\"description\" class=\"subtitle \">\n    Bess otti Katson haastattelussa kantaa mahdolliseen UMK-paluuseen.\n<\/p>\n<p>        <\/a><\/p>\n<p class=\"article-content article-content-width !bg-background\">Lis\u00e4ksi Freemanin valmistautumista ohjelman kuvauksiin vaikeutti se, etteiv\u00e4t kaikki artistin kappaleitoiveista k\u00e4yneet toteen. Osa Freemanille valikoituneista kappaleista oli kakkosvaihtoehtoja.<\/p>\n<p class=\"article-content article-content-width !bg-background\">Haasteista huolimatta Freeman kertoo olevansa tyytyv\u00e4inen ohjelmassa kuultaviin sovituksiin.<\/p>\n<p class=\"article-content article-content-width !bg-background\">\u2013 Mun mielest\u00e4 niist\u00e4 kaikista tuli ihan kelpoja sovituksia. Jos vain tykk\u00e4\u00e4 t\u00e4st\u00e4 mun v\u00e4h\u00e4n nasaalista tenori\u00e4\u00e4nest\u00e4, Freeman naurahtaa.<\/p>\n<p>                <img decoding=\"async\" src=\"https:\/\/www.europesays.com\/fi\/wp-content\/uploads\/2026\/09\/2144431.webp\" width=\"576\" height=\"600\" title=\"Freemanilla on takanaan viiden vuosikymmenen mittainen ura. 74-vuotias Freeman on uusimman Vain el\u00e4m\u00e4\u00e4 -kauden senioriartisti.\" alt=\"Freeman poseeraa.\" loading=\"lazy\" \/>            <\/p>\n<p>\n            Freemanilla on takanaan viiden vuosikymmenen mittainen ura. 74-vuotias Freeman on uusimman Vain el\u00e4m\u00e4\u00e4 -kauden senioriartisti.<br \/>\n            Sanoma\n        <\/p>\n<p>Sanojen opettelu tuotti tuskaa<\/p>\n<p class=\"article-content article-content-width !bg-background\">Freeman julkaisi debyyttialbuminsa Freeman vuonna 1976. Levyn suurimmaksi hitiksi muodostui Ajetaan tandemilla, joka on edelleen yksi Freemanin tunnetuimmista kappaleista.\u00a0<\/p>\n<p class=\"article-content article-content-width !bg-background\">Muita Freemanin hittikappaleita ovat muun muassa Yksi lensi yli k\u00e4enpes\u00e4n sek\u00e4 Osuuskaupan Jane.<\/p>\n<p class=\"article-content article-content-width !bg-background\">Vuosikymmeni\u00e4 kest\u00e4neen uransa aikana Freeman on tottunut suuriin yleis\u00f6ihin. Silti esiintyminen Vain el\u00e4m\u00e4\u00e4 -p\u00f6yd\u00e4n p\u00e4\u00e4ss\u00e4 j\u00e4nnitti kokenutta muusikkoa. Erityisen paljon Freeman kertoo j\u00e4nnitt\u00e4neens\u00e4 uusien kappaleiden sanojen opettelua.<\/p>\n<p>        <a itemprop=\"url\" href=\"https:\/\/www.seiska.fi\/katso\/vain-elamaa-mr-lordilta-hurja-paljastus-ohjelman-kulisseista\/2240263\" rel=\"nofollow noopener\" target=\"_blank\"><\/p>\n<p>\nVain el\u00e4m\u00e4\u00e4:\n<\/p>\n<p class=\"section-date\">\n        <strong class=\"article-section\" data-section=\"katso\"><br \/>\n            katso<br \/>\n        <\/strong><br \/>\n        22.8. 07:15\n    <\/p>\n<p>Vain el\u00e4m\u00e4\u00e4: Mr. Lordilta hurja paljastus ohjelman kulisseista\n    <\/p>\n<p itemprop=\"description\" class=\"subtitle \">\n    Mr. Lordi yll\u00e4tt\u00e4\u00e4 vaatimuksillaan.\n<\/p>\n<p>        <\/a><\/p>\n<p class=\"article-content article-content-width !bg-background\">\u2013 Mun piti opetella tekstej\u00e4 sellaisista kappaleista, joita en ollut koskaan ennen kuullutkaan. Se oli kauhean vaikeaa, Freeman tunnustaa.<\/p>\n<p class=\"article-content article-content-width !bg-background\">Unohdusten varalta kuvauksiin oli tuotu teleprompteri, josta laulun sanoja saattoi lukea. Itsekriittist\u00e4 artistia se ei kuitenkaan liieemmin auttanut.<\/p>\n<p class=\"article-content article-content-width !bg-background\">\u2013 Se on niin p\u00f6hk\u00f6n n\u00e4k\u00f6ist\u00e4, kun katsoo koko ajan v\u00e4h\u00e4n alaviistoon. Vaikka kuinka yritt\u00e4\u00e4 k\u00e4ytt\u00e4\u00e4 aurinkolaseja, sen n\u00e4kee, Freeman valittelee.<\/p>\n<p>                <img decoding=\"async\" src=\"https:\/\/www.europesays.com\/fi\/wp-content\/uploads\/2026\/09\/1801200.webp\" width=\"576\" height=\"322\" alt=\"Freeman tunnetaan kappaleestaan Ajetaan tandemilla. Kuvassa Freeman tandemin sel\u00e4ss\u00e4 Tarja-vaimonsa kanssa.\" loading=\"lazy\" \/>            <\/p>\n<p>\n            Freeman tunnetaan kappaleestaan Ajetaan tandemilla. Kuvassa Freeman tandemin sel\u00e4ss\u00e4 Tarja-vaimonsa kanssa.<br \/>\n            Pasi Murto\n        <\/p>\n<p>Kyynelkanavat olivat aueta<\/p>\n<p class=\"article-content article-content-width !bg-background\">Omien esitystens\u00e4 sijaan Freeman kertoo katselevansa mieluummin muiden artistien esityksi\u00e4.\u00a0Freeman tunnustaa, ettei ole omiin Vain\u00a0el\u00e4m\u00e4\u00e4\u00a0-esityksiins\u00e4 t\u00e4ysin tyytyv\u00e4inen.<\/p>\n<p class=\"article-content article-content-width !bg-background\"> \u2013 Olisi voinut mietti\u00e4 lavak\u00e4ytt\u00e4ytymist\u00e4 etuk\u00e4teen enemm\u00e4n ja paremmin.\u00a0Kun tekstej\u00e4 ei ole opeteltu tarpeeksi<br \/>\nhyvin, keskittyminen menee siihen. Koko<br \/>\nlavalla olemiseen toivoisi jotain el\u00e4m\u00e4\u00e4, Freeman ruoskii itse\u00e4\u00e4n.<\/p>\n<p class=\"article-content article-content-width !bg-background\">Toisten artistien esityksi\u00e4 Freeman sen sijaan muistelee l\u00e4mm\u00f6ll\u00e4.\u00a0<\/p>\n<p class=\"article-content article-content-width !bg-background\">\u2013 Siell\u00e4 on muutamia todella riemastuttavia ja<br \/>\nilahduttavia sovituksia, joista kuulee, ett\u00e4 tyypit ovat todella paneutuneet. On paljon uutta ja oivaltavaa, Freeman lupailee.<\/p>\n<p>                <img decoding=\"async\" src=\"https:\/\/www.europesays.com\/fi\/wp-content\/uploads\/2026\/09\/2144443.webp\" width=\"576\" height=\"600\" title=\"Freemanin lis\u00e4ksi kaudella n\u00e4hd\u00e4\u00e4n Bess, Heikki Salo, Ares, Nelli Matula, Benjamin, Jippu ja Timo Kotipelto. Erikoisvieraina ovat Nylon Beat, Lordi ja Samuli Putro. Erityisesti Nelli ja Benjamin tekiv\u00e4t Freemaniin vaikutuksen esityksill\u00e4\u00e4n.\" alt=\"Vain el\u00e4m\u00e4\u00e4 -t\u00e4hdet yhteiskuvassa.\" loading=\"lazy\" \/>            <\/p>\n<p>\n            Freemanin lis\u00e4ksi kaudella n\u00e4hd\u00e4\u00e4n Bess, Heikki Salo, Ares, Nelli Matula, Benjamin, Jippu ja Timo Kotipelto. Erikoisvieraina ovat Nylon Beat, Lordi ja Samuli Putro. Erityisesti Nelli ja Benjamin tekiv\u00e4t Freemaniin vaikutuksen esityksill\u00e4\u00e4n.<br \/>\n            Sanoma\n        <\/p>\n<p class=\"article-content article-content-width !bg-background\">Freeman kertoo kahden artistin tehneen h\u00e4neen erityisen vaikutuksen.<\/p>\n<p class=\"article-content article-content-width !bg-background\">\u2013 ja . He ovat sellaisia itkett\u00e4ji\u00e4, ett\u00e4 kyynelet alkoivat olla l\u00e4hell\u00e4. He tekiv\u00e4t vaikutuksen.<\/p>\n<p class=\"article-content article-content-width !bg-background\">Freeman kertoo p\u00e4\u00e4tt\u00e4neens\u00e4 ennen kuvauksiin l\u00e4htemist\u00e4, ett\u00e4 yht\u00e4 ainoaa kyynelt\u00e4 h\u00e4n ei kameroiden edess\u00e4 tirauttaisi. Nelli ja Benjamin laittoivat miehen kuitenkin koetukselle.<\/p>\n<p class=\"article-content article-content-width !bg-background\">\u2013 Meinasin sortua, Freeman tunnustaa.<\/p>\n<p class=\"italic m-italic article-content article-content-width !bg-background\">Vain el\u00e4m\u00e4\u00e4 Nelosella ja Ruudussa 4.9. alkaen.<\/p>\n<p>        <a itemprop=\"url\" href=\"https:\/\/www.seiska.fi\/katso\/benjamin-vain-elamaa-kuvauksista-ryhmapsykoosi-vei-syviin-vesiin\/2238425\" rel=\"nofollow noopener\" target=\"_blank\"><\/p>\n<p>\nBenjamin Vain el\u00e4m\u00e4\u00e4 -kuvauksista:\n<\/p>\n<p class=\"section-date\">\n        <strong class=\"article-section\" data-section=\"katso\"><br \/>\n            katso<br \/>\n        <\/strong><br \/>\n        21.8. 15:15\n    <\/p>\n<p>Benjamin Vain el\u00e4m\u00e4\u00e4 -kuvauksista: Ryhm\u00e4psykoosi vei syviin vesiin\n    <\/p>\n<p itemprop=\"description\" class=\"subtitle \">\n    Vain el\u00e4m\u00e4\u00e4 -t\u00e4hti Benjamin Peltonen l\u00e4hti ohjelman kuvauksiin Anna Abreulta saadut hyv\u00e4t vinkit taskussaan.\n<\/p>\n<p>        <\/a><\/p>\n<p class=\"article-content article-content-width !bg-background\">\u00a0<\/p>\n<p class=\"article-content article-content-width !bg-background\">\u00a0<\/p>\n","protected":false},"excerpt":{"rendered":"20260818 HELSINKI. ST. GEORGE, VAIN EL\u00c4M\u00c4\u00c4 -PRESSI. Freeman. KUVA: ATTE KAJOVA Atte Kajova Pitk\u00e4n linjan muusikko Freeman vaikuttui&hellip;\n","protected":false},"author":2,"featured_media":340464,"comment_status":"","ping_status":"","sticky":false,"template":"","format":"standard","meta":{"footnotes":"","_share_on_mastodon":"0"},"categories":[133],"tags":[2859,137,33,31,30,18180,41977,2841,32,206,156,4914,109],"class_list":["post-340463","post","type-post","status-publish","format-standard","has-post-thumbnail","category-televisiot","tag-benjamin","tag-entertainment","tag-fi","tag-finland","tag-finnish","tag-freeman","tag-leo-freeman","tag-nelli-matula","tag-suomi","tag-televisiot","tag-tv","tag-vain-elamaa","tag-viihde"],"share_on_mastodon":{"url":"https:\/\/pubeurope.com\/@fi\/117207805102966046","error":""},"_links":{"self":[{"href":"https:\/\/www.europesays.com\/fi\/wp-json\/wp\/v2\/posts\/340463","targetHints":{"allow":["GET"]}}],"collection":[{"href":"https:\/\/www.europesays.com\/fi\/wp-json\/wp\/v2\/posts"}],"about":[{"href":"https:\/\/www.europesays.com\/fi\/wp-json\/wp\/v2\/types\/post"}],"author":[{"embeddable":true,"href":"https:\/\/www.europesays.com\/fi\/wp-json\/wp\/v2\/users\/2"}],"replies":[{"embeddable":true,"href":"https:\/\/www.europesays.com\/fi\/wp-json\/wp\/v2\/comments?post=340463"}],"version-history":[{"count":0,"href":"https:\/\/www.europesays.com\/fi\/wp-json\/wp\/v2\/posts\/340463\/revisions"}],"wp:featuredmedia":[{"embeddable":true,"href":"https:\/\/www.europesays.com\/fi\/wp-json\/wp\/v2\/media\/340464"}],"wp:attachment":[{"href":"https:\/\/www.europesays.com\/fi\/wp-json\/wp\/v2\/media?parent=340463"}],"wp:term":[{"taxonomy":"category","embeddable":true,"href":"https:\/\/www.europesays.com\/fi\/wp-json\/wp\/v2\/categories?post=340463"},{"taxonomy":"post_tag","embeddable":true,"href":"https:\/\/www.europesays.com\/fi\/wp-json\/wp\/v2\/tags?post=340463"}],"curies":[{"name":"wp","href":"https:\/\/api.w.org\/{rel}","templated":true}]}}