{"id":340467,"date":"2026-09-03T15:29:15","date_gmt":"2026-09-03T15:29:15","guid":{"rendered":"https:\/\/www.europesays.com\/fi\/340467\/"},"modified":"2026-09-03T15:29:15","modified_gmt":"2026-09-03T15:29:15","slug":"nama-asusteet-oltiin-todettu-vanhanaikaisiksi-mutta-nyt-niita-nakee-taas-ovat-kaikkialla","status":"publish","type":"post","link":"https:\/\/www.europesays.com\/fi\/340467\/","title":{"rendered":"N\u00e4m\u00e4 asusteet oltiin todettu vanhanaikaisiksi, mutta nyt niit\u00e4 n\u00e4kee taas ovat kaikkialla"},"content":{"rendered":"<p>Vuonna 2026 valloittavat n\u00e4m\u00e4 ajankohtaiset asusteet, joista ei todellakaan kannata viel\u00e4 luopua. <\/p>\n<p><img decoding=\"async\" class=\"image image-show image-preview\" src=\"https:\/\/www.europesays.com\/fi\/wp-content\/uploads\/2026\/09\/ffbea90f8e8a006bc136bbe97f95ce9613e341fbf260cbb2777d04d553472d70.jpg\" alt=\"\"\/><img decoding=\"async\" class=\"image image-show\" src=\"https:\/\/www.europesays.com\/fi\/wp-content\/uploads\/2026\/09\/1788449355_47_ffbea90f8e8a006bc136bbe97f95ce9613e341fbf260cbb2777d04d553472d70.jpg\" alt=\"\"\/><\/p>\n<p>Kekseli\u00e4s pukeutuja osaa keksi\u00e4 leikkisi\u00e4 tapoja hy\u00f6dynt\u00e4\u00e4 erilaisia asusteita. All Over Press<\/p>\n<p class=\"paragraph\">\u00c4l\u00e4 heit\u00e4 n\u00e4it\u00e4 pois! Nelj\u00e4 asustetta, jotka on julistettu jo moneen kertaan vanhanaikaisiksi, mutta jotka palaavat yh\u00e4 uudelleen muodin ytimeen.<\/p>\n<p class=\"paragraph\">T\u00e4m\u00e4 tuttu nelikko on n\u00e4hty viimeisen vuoden tai jopa vuosien aikana ahkerasti muodikkaiden yll\u00e4, eiv\u00e4tk\u00e4 ne viel\u00e4 ainakaan ole v\u00e4istym\u00e4ss\u00e4 minnek\u00e4\u00e4n.<\/p>\n<p>Korosta uumaa<\/p>\n<p class=\"paragraph\"><a href=\"https:\/\/www.iltalehti.fi\/streetstyle\/7dca153b-09b5-4c76-ae66-b4766a112dcf\" rel=\"nofollow noopener\" target=\"_blank\">Vy\u00f6t\u00e4r\u00f6\u00e4 tai lantiota korostava asuste on yksi kuluvan vuoden suosikkiasusteita<\/a>. Vy\u00f6 on t\u00e4ll\u00e4 hetkell\u00e4 paljon enemm\u00e4n kuin housujen paikallaanpit\u00e4j\u00e4, se voi olla koko asun kulmakivi.<\/p>\n<p class=\"paragraph\">Trendikk\u00e4impien v\u00f6iden yleisilmeess\u00e4 yhdistyv\u00e4t nyt rosoiset, k\u00e4sity\u00f6m\u00e4iset pinnat ja vahvasti kontrastia luovat runsaat korumaiset metalliosat sek\u00e4 erilaiset ketjuvy\u00f6t.<\/p>\n<p>Vilautuskeng\u00e4t villitsev\u00e4t<\/p>\n<p>West Duchovny All Over Press<\/p>\n<p class=\"paragraph\">Varpaita vilauttavat nollarin suosikkikeng\u00e4t <a href=\"https:\/\/www.iltalehti.fi\/muoti\/4c35f27a-5e7d-4af6-96ea-0c837b84a8e3\" rel=\"nofollow noopener\" target=\"_blank\">kasvattavat suosiotaan entisest\u00e4\u00e4n<\/a>. Ne tarjoavat vaihtoehdon t\u00e4ysin umpinaiselle tai t\u00e4ysin avoimelle keng\u00e4lle. Muista t\u00e4m\u00e4n kenk\u00e4parin kanssa edustava pedikyyri.<\/p>\n<p>Solmion suosio jatkuu<\/p>\n<p class=\"paragraph\">Miesten muodista lainattu asuste on jo pari kautta sitten <a href=\"https:\/\/www.iltalehti.fi\/streetstyle\/13bf17ed-b12e-4da9-9d8d-6d85c862b84e\" rel=\"nofollow noopener\" target=\"_blank\">rynnist\u00e4nyt osaksi my\u00f6s muodikkaiden naisten pukeutumista<\/a>. Se sopii hyvin nykyiseen maskuliinisten ja feminiinisten elementtien sekoittamiseen.<\/p>\n<p class=\"paragraph\">Solmio asussa viestii yht\u00e4 aikaa itsevarmuutta, auktoriteettia ja leikkisyytt\u00e4.<\/p>\n<p>Elegantti silkkihuivi ei pet\u00e4<\/p>\n<p>Anna Dello Russo All Over Press<\/p>\n<p class=\"paragraph\">Kauniilla silkkihuivilla on loputtomasti k\u00e4ytt\u00f6tapoja. Se on pukeutumisessa klassikko, joka onnistuu n\u00e4ytt\u00e4m\u00e4\u00e4n yht\u00e4 aikaa ylelliselt\u00e4 ja rennolta <a href=\"https:\/\/www.iltalehti.fi\/streetstyle\/f0003c8b-9fa2-4b3e-8899-d794086a1ebe\" rel=\"nofollow noopener\" target=\"_blank\">pelastaen asukriisin jos toisenkin<\/a>.<\/p>\n<p class=\"paragraph\">Kevyt ja elegantti silkkihuivi on asuste, joka todella tarjoaa vastinetta rahalle: sen kun voi yhten\u00e4 p\u00e4iv\u00e4n\u00e4 solmia kaulaan, toisena k\u00e4silaukkuun ja kolmantena vaikka hiuksiin.<\/p>\n","protected":false},"excerpt":{"rendered":"Vuonna 2026 valloittavat n\u00e4m\u00e4 ajankohtaiset asusteet, joista ei todellakaan kannata viel\u00e4 luopua. Kekseli\u00e4s pukeutuja osaa keksi\u00e4 leikkisi\u00e4 tapoja&hellip;\n","protected":false},"author":2,"featured_media":340468,"comment_status":"","ping_status":"","sticky":false,"template":"","format":"standard","meta":{"footnotes":"","_share_on_mastodon":"0"},"categories":[130],"tags":[8673,2110,137,33,31,30,8674,2351,1390,106,32,2347,5969,2350,109,41978],"class_list":["post-340467","post","type-post","status-publish","format-standard","has-post-thumbnail","category-viihde","tag-asusteet","tag-elamantapa-ja-vapaa-aika","tag-entertainment","tag-fi","tag-finland","tag-finnish","tag-kengat","tag-kengat-ja-asusteet","tag-kuukausi","tag-muoti","tag-suomi","tag-tekstiilit","tag-vaate-ja-tekstiilikankaat","tag-vaatekappaleet","tag-viihde","tag-vyot"],"share_on_mastodon":{"url":"https:\/\/pubeurope.com\/@fi\/117207824633006591","error":""},"_links":{"self":[{"href":"https:\/\/www.europesays.com\/fi\/wp-json\/wp\/v2\/posts\/340467","targetHints":{"allow":["GET"]}}],"collection":[{"href":"https:\/\/www.europesays.com\/fi\/wp-json\/wp\/v2\/posts"}],"about":[{"href":"https:\/\/www.europesays.com\/fi\/wp-json\/wp\/v2\/types\/post"}],"author":[{"embeddable":true,"href":"https:\/\/www.europesays.com\/fi\/wp-json\/wp\/v2\/users\/2"}],"replies":[{"embeddable":true,"href":"https:\/\/www.europesays.com\/fi\/wp-json\/wp\/v2\/comments?post=340467"}],"version-history":[{"count":0,"href":"https:\/\/www.europesays.com\/fi\/wp-json\/wp\/v2\/posts\/340467\/revisions"}],"wp:featuredmedia":[{"embeddable":true,"href":"https:\/\/www.europesays.com\/fi\/wp-json\/wp\/v2\/media\/340468"}],"wp:attachment":[{"href":"https:\/\/www.europesays.com\/fi\/wp-json\/wp\/v2\/media?parent=340467"}],"wp:term":[{"taxonomy":"category","embeddable":true,"href":"https:\/\/www.europesays.com\/fi\/wp-json\/wp\/v2\/categories?post=340467"},{"taxonomy":"post_tag","embeddable":true,"href":"https:\/\/www.europesays.com\/fi\/wp-json\/wp\/v2\/tags?post=340467"}],"curies":[{"name":"wp","href":"https:\/\/api.w.org\/{rel}","templated":true}]}}