{"id":340473,"date":"2026-09-03T15:33:12","date_gmt":"2026-09-03T15:33:12","guid":{"rendered":"https:\/\/www.europesays.com\/fi\/340473\/"},"modified":"2026-09-03T15:33:12","modified_gmt":"2026-09-03T15:33:12","slug":"britannia-kutsui-venajan-edustajan-puhutteluun-saksan-drooni-iskun-yrityksen-vuoksi-uutisia-lyhyesti","status":"publish","type":"post","link":"https:\/\/www.europesays.com\/fi\/340473\/","title":{"rendered":"Britannia kutsui Ven\u00e4j\u00e4n edustajan puhutteluun Saksan drooni-iskun yrityksen vuoksi | Uutisia lyhyesti"},"content":{"rendered":"<p class=\"aw__sc-1qwuw0s-0 aw__sc-1vg2sqm-0 epAWpq ecELkD yle__article__paragraph\">Britannian ulkoministeri\u00f6 sanoi, ett\u00e4 Britannia jatkaa Ven\u00e4j\u00e4n vihamielisen toiminnan paljastamista kaikilla tasoilla.<\/p>\n<p><img decoding=\"async\" alt=\"Kivenharmaa rakennus, jonka sein\u00e4ss\u00e4 metallikilpi tekstill\u00e4 &quot;Foreign, Commonwealth &amp; Development Office&quot;.\" src=\"https:\/\/www.europesays.com\/fi\/wp-content\/uploads\/2026\/09\/1788443781.jpeg\" class=\"aw__sc-dklauk-0 LPzKX\"\/><\/p>\n<p>Avaa kuvien katselu<\/p>\n<p>Britannian ulkoministeri\u00f6n rakennus Lontoossa 19. joulukuuta 2025. Kuva: Andy Rain \/ EPA<\/p>\n<p class=\"aw__sc-1qwuw0s-0 aw__sc-ngllmo-0 epAWpq fzYpjk yle__article__paragraph\">Britannian ulkoministeri\u00f6 kutsui torstaina Ven\u00e4j\u00e4n korkeimman diplomaatin puhutteluun tuomitakseen drooni-iskun yrityksen Leipzigin lentokent\u00e4ll\u00e4.<\/p>\n<p class=\"aw__sc-1qwuw0s-0 aw__sc-ngllmo-0 epAWpq fzYpjk yle__article__paragraph\">Useat EU-maat kutsuivat keskiviikkona Ven\u00e4j\u00e4n l\u00e4hettil\u00e4it\u00e4 puhutteluun ja keskustelivat uusista pakotteista.<\/p>\n<p class=\"aw__sc-1qwuw0s-0 aw__sc-ngllmo-0 epAWpq fzYpjk yle__article__paragraph\">\u2013 Kutsuimme t\u00e4n\u00e4\u00e4n Ven\u00e4j\u00e4n asiainhoitajan koolle tuomitaksemme hy\u00f6kk\u00e4yksen voimakkaasti, ulkoministeri\u00f6n tiedottaja sanoi. H\u00e4n kutsui Leipzigin lentokent\u00e4n iskuyrityst\u00e4 viimeisimm\u00e4ksi esimerkiksi selke\u00e4st\u00e4 kaavasta, jossa Ven\u00e4j\u00e4 yritt\u00e4\u00e4 horjuttaa yhteist\u00e4 turvallisuuttamme.<\/p>\n<p class=\"aw__sc-1qwuw0s-0 aw__sc-ngllmo-0 epAWpq fzYpjk yle__article__paragraph\">Britannian ulkoministeri\u00f6 sanoi, ett\u00e4 Britannia jatkaa Ven\u00e4j\u00e4n vihamielisen toiminnan paljastamista kaikilla tasoilla.<\/p>\n<p class=\"aw__sc-1qwuw0s-0 aw__sc-ngllmo-0 epAWpq fzYpjk yle__article__paragraph\">Ven\u00e4j\u00e4n suurl\u00e4hetyst\u00f6 ilmoitti Telegramissa, ett\u00e4 asiainhoitaja <strong class=\"aw__sc-ngllmo-2 gdRrun yle__article__strong\">Vasili Tsyganov<\/strong> vastaanotti virallisen vastalauseen Britannian ulkoministeri\u00f6ss\u00e4. Suurl\u00e4hetyst\u00f6 ilmoitti, ett\u00e4 Ven\u00e4j\u00e4 hylk\u00e4\u00e4 mielest\u00e4\u00e4n perusteettomat ja absurdit syyt\u00f6kset.<\/p>\n<p class=\"aw__sc-1qwuw0s-0 aw__sc-ngllmo-0 epAWpq fzYpjk yle__article__paragraph\">Viimeisin Ven\u00e4j\u00e4n suurl\u00e4hettil\u00e4s <strong class=\"aw__sc-ngllmo-2 gdRrun yle__article__strong\">Andrei Kelin<\/strong> ei ole en\u00e4\u00e4 Lontoossa. Tsyganov on ainoa korkea-arvoinen diplomaatti, lukee Ven\u00e4j\u00e4n suurl\u00e4hetyst\u00f6n verkkosivuilla.<\/p>\n<p class=\"aw__sc-1qwuw0s-0 aw__sc-ngllmo-0 epAWpq fzYpjk yle__article__paragraph\">Suurl\u00e4hetyst\u00f6 syytti Ukrainan liittolaisia koordinoidusta provokaatiosta ja varoitti, ett\u00e4 tilanteeseen vastataan.<\/p>\n<p class=\"aw__sc-1qwuw0s-0 aw__sc-ngllmo-0 epAWpq fzYpjk yle__article__paragraph\">Ven\u00e4j\u00e4n presidentti <strong class=\"aw__sc-ngllmo-2 gdRrun yle__article__strong\">Vladimir Putin<\/strong> on kutsunut vakaviksi virheiksi Saksan p\u00e4\u00e4t\u00f6ksi\u00e4 sulkea ven\u00e4l\u00e4inen konsulaatti ja p\u00e4\u00e4tt\u00e4\u00e4 Berliinin kulttuurikeskuksen sopimus.<\/p>\n<p class=\"aw__sc-1qwuw0s-0 aw__sc-ngllmo-0 epAWpq fzYpjk yle__article__paragraph\">L\u00e4hde: AFP<\/p>\n","protected":false},"excerpt":{"rendered":"Britannian ulkoministeri\u00f6 sanoi, ett\u00e4 Britannia jatkaa Ven\u00e4j\u00e4n vihamielisen toiminnan paljastamista kaikilla tasoilla. Avaa kuvien katselu Britannian ulkoministeri\u00f6n rakennus&hellip;\n","protected":false},"author":2,"featured_media":340474,"comment_status":"","ping_status":"","sticky":false,"template":"","format":"standard","meta":{"footnotes":"","_share_on_mastodon":"0"},"categories":[14],"tags":[22,23,1775,3989,26,27,33,31,30,17,70,25949,24,25,28,29,15,18,21,3911,32,19,20,56,16,547,987,59,60,61],"class_list":["post-340473","post","type-post","status-publish","format-standard","has-post-thumbnail","category-ulkomaat","tag-breaking-news","tag-breakingnews","tag-britannia","tag-diplomatia","tag-featured-news","tag-featurednews","tag-fi","tag-finland","tag-finnish","tag-headlines","tag-kansainvalinen-politiikka","tag-kansainvaliset-suhteet","tag-latest-news","tag-latestnews","tag-main-news","tag-mainnews","tag-news","tag-otsikot","tag-paauutiset","tag-saksa","tag-suomi","tag-top-stories","tag-topstories","tag-ulkomaat","tag-uutiset","tag-venaja","tag-venajan-hyokkays","tag-world","tag-world-news","tag-worldnews"],"share_on_mastodon":{"url":"https:\/\/pubeurope.com\/@fi\/117207840441763406","error":""},"_links":{"self":[{"href":"https:\/\/www.europesays.com\/fi\/wp-json\/wp\/v2\/posts\/340473","targetHints":{"allow":["GET"]}}],"collection":[{"href":"https:\/\/www.europesays.com\/fi\/wp-json\/wp\/v2\/posts"}],"about":[{"href":"https:\/\/www.europesays.com\/fi\/wp-json\/wp\/v2\/types\/post"}],"author":[{"embeddable":true,"href":"https:\/\/www.europesays.com\/fi\/wp-json\/wp\/v2\/users\/2"}],"replies":[{"embeddable":true,"href":"https:\/\/www.europesays.com\/fi\/wp-json\/wp\/v2\/comments?post=340473"}],"version-history":[{"count":0,"href":"https:\/\/www.europesays.com\/fi\/wp-json\/wp\/v2\/posts\/340473\/revisions"}],"wp:featuredmedia":[{"embeddable":true,"href":"https:\/\/www.europesays.com\/fi\/wp-json\/wp\/v2\/media\/340474"}],"wp:attachment":[{"href":"https:\/\/www.europesays.com\/fi\/wp-json\/wp\/v2\/media?parent=340473"}],"wp:term":[{"taxonomy":"category","embeddable":true,"href":"https:\/\/www.europesays.com\/fi\/wp-json\/wp\/v2\/categories?post=340473"},{"taxonomy":"post_tag","embeddable":true,"href":"https:\/\/www.europesays.com\/fi\/wp-json\/wp\/v2\/tags?post=340473"}],"curies":[{"name":"wp","href":"https:\/\/api.w.org\/{rel}","templated":true}]}}