{"id":340477,"date":"2026-09-03T15:35:14","date_gmt":"2026-09-03T15:35:14","guid":{"rendered":"https:\/\/www.europesays.com\/fi\/340477\/"},"modified":"2026-09-03T15:35:14","modified_gmt":"2026-09-03T15:35:14","slug":"sdp-oli-suurin-putoaja-ylen-gallupissa-nain-antti-lindtman-kommentoi","status":"publish","type":"post","link":"https:\/\/www.europesays.com\/fi\/340477\/","title":{"rendered":"Sdp oli suurin putoaja Ylen gallupissa \u2013 n\u00e4in Antti Lindtman kommentoi"},"content":{"rendered":"<p>Sdp menetti kannatustaan 1,2 prosenttiyksikk\u00f6\u00e4.<\/p>\n<p><img decoding=\"async\" src=\"https:\/\/www.europesays.com\/fi\/wp-content\/uploads\/2026\/09\/1788449713_953_468.jpg\" alt=\"Sdp:n puheenjohtaja Antti Lindtman uskoo, ett\u00e4 oppositio p\u00e4\u00e4see kirkastamaan linjaansa, kun syysistuntokausi p\u00e4\u00e4see k\u00e4yntiin. Lindtmanin mukaan hallituksen linjassa yhdistyy heikko ty\u00f6llisyys ja julmat leikkaukset.\" class=\"_Img_1rerz_1\" style=\"aspect-ratio:1920\/1080\" loading=\"eager\"\/><\/p>\n<p class=\"font-(family-name:--picture-caption-font-family) text-(length:--picture-caption-font-size) leading-(--picture-caption-leading) font-(--picture-caption-font-weight) text-(color:--picture-caption-color)\">Sdp:n puheenjohtaja Antti Lindtman uskoo, ett\u00e4 oppositio p\u00e4\u00e4see kirkastamaan linjaansa, kun syysistuntokausi p\u00e4\u00e4see k\u00e4yntiin. Lindtmanin mukaan hallituksen linjassa yhdistyy heikko ty\u00f6llisyys ja julmat leikkaukset. Kuva:\u00a0Vesa Moilanen \/ IS<\/p>\n<p class=\"article-body mb-(--paragraph-margin-b) px-nof-16\">Sdp oli suurin putoaja Ylen tuoreessa <a class=\"underline underline-offset-[0.12em] [text-decoration-thickness:var(--generic-link-underline-thickness)] [text-decoration-color:var(--generic-link-underline-color)] [text-decoration-skip-ink:var(--generic-link-underline-skip-ink)] break-words\" href=\"https:\/\/yle.fi\/a\/74-20244134\" rel=\"nofollow noopener\" target=\"_blank\">kannatusmittauksessa<\/a>.<\/p>\n<p class=\"article-body mb-(--paragraph-margin-b) px-nof-16\">Sdp:n kannatus putosi 1,2 prosenttiyksikk\u00f6\u00e4 22,6 prosenttiin. Sdp:n kannatus oli viimeksi yht\u00e4 alhaalla Ylen mittauksessa lokakuussa 2024.<\/p>\n<p class=\"article-body mb-(--paragraph-margin-b) px-nof-16\">\u2013 Olennaista on se, ett\u00e4 hallituspuolueiden kannatus on yhteens\u00e4 40 prosenttia. Oppositiolla on enemmist\u00f6, ja Sdp on oppositiosta selv\u00e4 ykk\u00f6nen eli p\u00e4\u00e4vaihtoehto t\u00e4lle hallitukselle, Sdp:n puheenjohtaja <a class=\"font-bold underline-offset-[0.12em] [text-decoration:var(--person-link-text-decoration)] [text-decoration-color:var(--person-link-text-decoration-color)]!\" href=\"https:\/\/www.is.fi\/haku\/?query=Antti%20Lindtman\" rel=\"nofollow noopener\" target=\"_blank\">Antti Lindtman<\/a> kommentoi gallupia eduskunnassa.<\/p>\n<p class=\"article-body mb-(--paragraph-margin-b) px-nof-16\">Lindtmanin mukaan opposition vaihtoehtoa p\u00e4\u00e4st\u00e4\u00e4n kirkastamaan nyt, kun eduskunnan syysistuntokausi on p\u00e4\u00e4ssyt k\u00e4yntiin.<\/p>\n<p class=\"article-body mb-(--paragraph-margin-b) px-nof-16\">Gallupin suurin nousija oli vasemmistoliitto, jonka kannatus nousi korkeimmalle tasolle koskaan Ylen mittaushistoriassa: puolueen kannatus oli 11,7 prosenttia.<\/p>\n<p class=\"article-body mb-(--paragraph-margin-b) px-nof-16\">Vasemmistoliiton kansanedustajat tuulettivat torstaina gallupia eduskunnassa.<\/p>\n<p class=\"article-body mb-(--paragraph-margin-b) px-nof-16\">\u2013 Tyypit, me rikottiin meid\u00e4n kannatusenn\u00e4tys! vasemmistoliiton puheenjohtaja <a class=\"font-bold underline-offset-[0.12em] [text-decoration:var(--person-link-text-decoration)] [text-decoration-color:var(--person-link-text-decoration-color)]!\" href=\"https:\/\/www.is.fi\/haku\/?query=Minja%20Koskela\" rel=\"nofollow noopener\" target=\"_blank\">Minja Koskela<\/a> iloitsi Facebookissa.<\/p>\n<p><img decoding=\"async\" src=\"https:\/\/www.europesays.com\/fi\/wp-content\/uploads\/2026\/09\/1788449714_564_468.jpg\" alt=\"Vasemmistoliiton eduskuntaryhm\u00e4 kokoontui ryhm\u00e4kuvaan eduskunnan portaikkoon ennen puolueen ryhm\u00e4kokousta.\" class=\"_Img_1rerz_1\" style=\"aspect-ratio:1920\/1440\" loading=\"eager\"\/><\/p>\n<p class=\"font-(family-name:--picture-caption-font-family) text-(length:--picture-caption-font-size) leading-(--picture-caption-leading) font-(--picture-caption-font-weight) text-(color:--picture-caption-color) picture-with-caption__caption picture-with-caption__caption--default-full\">Vasemmistoliiton eduskuntaryhm\u00e4 kokoontui ryhm\u00e4kuvaan eduskunnan portaikkoon ennen puolueen ryhm\u00e4kokousta. Kuva:\u00a0Olli Waris<\/p>\n<p class=\"article-body mb-(--paragraph-margin-b) px-nof-16\">Sdp on yh\u00e4 selv\u00e4ss\u00e4 gallupk\u00e4rjess\u00e4. Toisena olevan kokoomuksen kannatus oli Ylen mittauksessa 17 prosenttia.<\/p>\n<p class=\"article-body mb-(--paragraph-margin-b) px-nof-16\">Perussuomalaiset hengitt\u00e4\u00e4 jo kokoomuksen niskaan. Puolueen kannatus oli Ylen mittauksessa 16,3 prosenttia.<\/p>\n<p class=\"article-body mb-(--paragraph-margin-b) px-nof-16\">\u2013 Tietenkin olen tyytyv\u00e4inen, kun luvut ovat yl\u00f6sp\u00e4in ja meid\u00e4n johdonmukainen ja h\u00f6tkyilem\u00e4t\u00f6n linjamme kantaa tulosta, valtiovarainministeri <a class=\"font-bold underline-offset-[0.12em] [text-decoration:var(--person-link-text-decoration)] [text-decoration-color:var(--person-link-text-decoration-color)]!\" href=\"https:\/\/www.is.fi\/haku\/?query=Riikka%20Purra\" rel=\"nofollow noopener\" target=\"_blank\">Riikka Purra <\/a>(ps) kommentoi.<\/p>\n<p class=\"article-body mb-(--paragraph-margin-b) px-nof-16\">P\u00e4\u00e4ministeri <a class=\"font-bold underline-offset-[0.12em] [text-decoration:var(--person-link-text-decoration)] [text-decoration-color:var(--person-link-text-decoration-color)]!\" href=\"https:\/\/www.is.fi\/haku\/?query=Petteri%20Orpo\" rel=\"nofollow noopener\" target=\"_blank\">Petteri Orpo <\/a>(kok) sanoi, ett\u00e4 kokoomus on ollut keskeisesti ajamassa hallituksen talousuudistuksia l\u00e4pi.<\/p>\n<p class=\"article-body mb-(--paragraph-margin-b) px-nof-16\">Orpo uskoo, ett\u00e4 kokoomuksen tekem\u00e4 ty\u00f6 alkaa n\u00e4ky\u00e4 my\u00f6s puolueen kannatuksessa.<\/p>\n<p class=\"article-body mb-(--paragraph-margin-b) px-nof-16\">\u2013 Talouden kasvu on laaja-alaista ja vahvaa. Olemme olleet osaltaan nostamassa Suomea jaloilleen.<\/p>\n<p class=\"article-body mb-(--paragraph-margin-b) px-nof-16\">Ylen gallupin virhemarginaali oli 1,9 prosenttiyksikk\u00f6\u00e4 suuntaansa.<\/p>\n","protected":false},"excerpt":{"rendered":"Sdp menetti kannatustaan 1,2 prosenttiyksikk\u00f6\u00e4. Sdp:n puheenjohtaja Antti Lindtman uskoo, ett\u00e4 oppositio p\u00e4\u00e4see kirkastamaan linjaansa, kun syysistuntokausi p\u00e4\u00e4see&hellip;\n","protected":false},"author":2,"featured_media":340478,"comment_status":"","ping_status":"","sticky":false,"template":"","format":"standard","meta":{"footnotes":"","_share_on_mastodon":"0"},"categories":[5],"tags":[22,23,26,27,33,31,30,17,34,24,25,28,29,15,18,21,32,19,20,16],"class_list":["post-340477","post","type-post","status-publish","format-standard","has-post-thumbnail","category-otsikot","tag-breaking-news","tag-breakingnews","tag-featured-news","tag-featurednews","tag-fi","tag-finland","tag-finnish","tag-headlines","tag-ilta-sanomat","tag-latest-news","tag-latestnews","tag-main-news","tag-mainnews","tag-news","tag-otsikot","tag-paauutiset","tag-suomi","tag-top-stories","tag-topstories","tag-uutiset"],"share_on_mastodon":{"url":"https:\/\/pubeurope.com\/@fi\/117207848062980808","error":""},"_links":{"self":[{"href":"https:\/\/www.europesays.com\/fi\/wp-json\/wp\/v2\/posts\/340477","targetHints":{"allow":["GET"]}}],"collection":[{"href":"https:\/\/www.europesays.com\/fi\/wp-json\/wp\/v2\/posts"}],"about":[{"href":"https:\/\/www.europesays.com\/fi\/wp-json\/wp\/v2\/types\/post"}],"author":[{"embeddable":true,"href":"https:\/\/www.europesays.com\/fi\/wp-json\/wp\/v2\/users\/2"}],"replies":[{"embeddable":true,"href":"https:\/\/www.europesays.com\/fi\/wp-json\/wp\/v2\/comments?post=340477"}],"version-history":[{"count":0,"href":"https:\/\/www.europesays.com\/fi\/wp-json\/wp\/v2\/posts\/340477\/revisions"}],"wp:featuredmedia":[{"embeddable":true,"href":"https:\/\/www.europesays.com\/fi\/wp-json\/wp\/v2\/media\/340478"}],"wp:attachment":[{"href":"https:\/\/www.europesays.com\/fi\/wp-json\/wp\/v2\/media?parent=340477"}],"wp:term":[{"taxonomy":"category","embeddable":true,"href":"https:\/\/www.europesays.com\/fi\/wp-json\/wp\/v2\/categories?post=340477"},{"taxonomy":"post_tag","embeddable":true,"href":"https:\/\/www.europesays.com\/fi\/wp-json\/wp\/v2\/tags?post=340477"}],"curies":[{"name":"wp","href":"https:\/\/api.w.org\/{rel}","templated":true}]}}