{"id":340491,"date":"2026-09-03T16:03:14","date_gmt":"2026-09-03T16:03:14","guid":{"rendered":"https:\/\/www.europesays.com\/fi\/340491\/"},"modified":"2026-09-03T16:03:14","modified_gmt":"2026-09-03T16:03:14","slug":"ilmavoimien-harjoitus-sulkee-valtatien-kuopiossa","status":"publish","type":"post","link":"https:\/\/www.europesays.com\/fi\/340491\/","title":{"rendered":"Ilmavoimien harjoitus sulkee valtatien Kuopiossa"},"content":{"rendered":"<p>Kuopion alueella on marraskuussa voimassa liikkumisrajoituksia.<\/p>\n<p><img decoding=\"async\" src=\"https:\/\/www.europesays.com\/fi\/wp-content\/uploads\/2026\/09\/1788451393_694_468.jpg\" alt=\"Ilmavoimien harjoitus sulkee valtatien 9.\" class=\"_Img_1rerz_1\" style=\"aspect-ratio:1920\/1080\" loading=\"eager\"\/><\/p>\n<p class=\"font-(family-name:--picture-caption-font-family) text-(length:--picture-caption-font-size) leading-(--picture-caption-leading) font-(--picture-caption-font-weight) text-(color:--picture-caption-color)\">Ilmavoimien harjoitus sulkee valtatien 9. Kuva:\u00a0Pete Aarre-Ahtio \/ IS<\/p>\n<p class=\"article-body mb-(--paragraph-margin-b) px-nof-16\">Ilmavoimat j\u00e4rjest\u00e4\u00e4 marraskuussa Protective Fence 26 -harjoituksen, joka aiheuttaa liikennej\u00e4rjestelyj\u00e4 sek\u00e4 liikkumisrajoituksia Kuopion lentokent\u00e4n seudulla.<\/p>\n<p class=\"article-body mb-(--paragraph-margin-b) px-nof-16\">Harjoituksen aikana 18.\u201325. marraskuuta valtatie 9 suljetaan Toivalantien ja Joensuuntien risteyksen ja J\u00e4nnevirran sillan it\u00e4puolen v\u00e4lilt\u00e4. Lis\u00e4ksi Lentokent\u00e4ntie eli maantie 562 suljetaan valtatien 9 ja Lentokent\u00e4ntien ja Rantatien risteyksen v\u00e4lill\u00e4.<\/p>\n<p class=\"article-body mb-(--paragraph-margin-b) px-nof-16\">My\u00f6s Ranta-Toivalantien (maantie 16339) ja Uuhilahdentien (maantie 16340) k\u00e4ytt\u00f6 rajoitetaan ainoastaan Puolustusvoimien, harjoitusalueen kiinteist\u00f6jen sek\u00e4 pelastusviranomaisten ja erillisen luvan saaneiden liikenteelle harjoituksen ajaksi.<\/p>\n<p><img decoding=\"async\" src=\"https:\/\/images.sanoma-sndp.fi\/79b147eaee28991505af2d87cd95f8d1.svg\" alt=\"\" class=\"_Img_1rerz_1\" style=\"aspect-ratio:267\/150\" loading=\"eager\"\/><\/p>\n<p class=\"article-body mb-(--paragraph-margin-b) px-nof-16\">Harjoitusalueella asuvat voivat hakea kulkulupaa. Ohjeet kulkuluvan hakemiseen p\u00e4ivittyv\u00e4t Karjalan lennoston sivulle viikolla 39. Harjoitusalueen asukkaille j\u00e4rjestet\u00e4\u00e4n tiedotustilaisuus 7. lokakuuta.<\/p>\n<p class=\"article-body mb-(--paragraph-margin-b) px-nof-16\">Protective Fence 26 -harjoituksen tavoitteena on yll\u00e4pit\u00e4\u00e4 ja kehitt\u00e4\u00e4 Suomen ilmapuolustuksen valmiutta. F\/A-18 Hornet -h\u00e4vitt\u00e4j\u00e4t ja muut lentokoneet k\u00e4ytt\u00e4v\u00e4t J\u00e4nnevirran varalaskupaikkaa osana harjoitusta.<\/p>\n<p class=\"article-body mb-(--paragraph-margin-b) px-nof-16\">Ilmavoimien mukaan harjoituksessa k\u00e4ytet\u00e4\u00e4n useita tukikohtia ymp\u00e4ri maata.<\/p>\n","protected":false},"excerpt":{"rendered":"Kuopion alueella on marraskuussa voimassa liikkumisrajoituksia. Ilmavoimien harjoitus sulkee valtatien 9. Kuva:\u00a0Pete Aarre-Ahtio \/ IS Ilmavoimat j\u00e4rjest\u00e4\u00e4 marraskuussa&hellip;\n","protected":false},"author":2,"featured_media":340492,"comment_status":"","ping_status":"","sticky":false,"template":"","format":"standard","meta":{"footnotes":"","_share_on_mastodon":"0"},"categories":[5],"tags":[22,23,26,27,33,31,30,17,34,24,25,28,29,15,18,21,32,19,20,16],"class_list":["post-340491","post","type-post","status-publish","format-standard","has-post-thumbnail","category-otsikot","tag-breaking-news","tag-breakingnews","tag-featured-news","tag-featurednews","tag-fi","tag-finland","tag-finnish","tag-headlines","tag-ilta-sanomat","tag-latest-news","tag-latestnews","tag-main-news","tag-mainnews","tag-news","tag-otsikot","tag-paauutiset","tag-suomi","tag-top-stories","tag-topstories","tag-uutiset"],"share_on_mastodon":{"url":"https:\/\/pubeurope.com\/@fi\/117207958495728860","error":""},"_links":{"self":[{"href":"https:\/\/www.europesays.com\/fi\/wp-json\/wp\/v2\/posts\/340491","targetHints":{"allow":["GET"]}}],"collection":[{"href":"https:\/\/www.europesays.com\/fi\/wp-json\/wp\/v2\/posts"}],"about":[{"href":"https:\/\/www.europesays.com\/fi\/wp-json\/wp\/v2\/types\/post"}],"author":[{"embeddable":true,"href":"https:\/\/www.europesays.com\/fi\/wp-json\/wp\/v2\/users\/2"}],"replies":[{"embeddable":true,"href":"https:\/\/www.europesays.com\/fi\/wp-json\/wp\/v2\/comments?post=340491"}],"version-history":[{"count":0,"href":"https:\/\/www.europesays.com\/fi\/wp-json\/wp\/v2\/posts\/340491\/revisions"}],"wp:featuredmedia":[{"embeddable":true,"href":"https:\/\/www.europesays.com\/fi\/wp-json\/wp\/v2\/media\/340492"}],"wp:attachment":[{"href":"https:\/\/www.europesays.com\/fi\/wp-json\/wp\/v2\/media?parent=340491"}],"wp:term":[{"taxonomy":"category","embeddable":true,"href":"https:\/\/www.europesays.com\/fi\/wp-json\/wp\/v2\/categories?post=340491"},{"taxonomy":"post_tag","embeddable":true,"href":"https:\/\/www.europesays.com\/fi\/wp-json\/wp\/v2\/tags?post=340491"}],"curies":[{"name":"wp","href":"https:\/\/api.w.org\/{rel}","templated":true}]}}