{"id":340493,"date":"2026-09-03T16:04:15","date_gmt":"2026-09-03T16:04:15","guid":{"rendered":"https:\/\/www.europesays.com\/fi\/340493\/"},"modified":"2026-09-03T16:04:15","modified_gmt":"2026-09-03T16:04:15","slug":"ranskan-kesa-oli-mittaushistorian-kuumin-uutisia-lyhyesti","status":"publish","type":"post","link":"https:\/\/www.europesays.com\/fi\/340493\/","title":{"rendered":"Ranskan kes\u00e4 oli mittaus\u00adhistorian kuumin | Uutisia lyhyesti"},"content":{"rendered":"<p class=\"aw__sc-1qwuw0s-0 aw__sc-ngllmo-0 epAWpq fzYpjk yle__article__paragraph\">Ranskassa kulunut kes\u00e4 oli viime vuosisadan alkuun ulottuvan mittaushistorian kuumin, ilmoittaa maan ymp\u00e4rist\u00f6ministeri Monique Barbut.<\/p>\n<p class=\"aw__sc-1qwuw0s-0 aw__sc-ngllmo-0 epAWpq fzYpjk yle__article__paragraph\">Aiemmin my\u00f6s Belgia ja Britannia ovat ilmoittaneet, ett\u00e4 niiden kes\u00e4t ovat olleet enn\u00e4tyskuumia.<\/p>\n<p class=\"aw__sc-1qwuw0s-0 aw__sc-ngllmo-0 epAWpq fzYpjk yle__article__paragraph\">Ranskaan iski kes\u00e4n aikana useampi helleaalto. Tukaluudelle on luvassa jatkoa ainakin maan etel\u00e4osissa, jossa saadaan loppuviikolla jopa 40 asteen helteit\u00e4, kertoo Ranskan ilmatieteen laitos.<\/p>\n","protected":false},"excerpt":{"rendered":"Ranskassa kulunut kes\u00e4 oli viime vuosisadan alkuun ulottuvan mittaushistorian kuumin, ilmoittaa maan ymp\u00e4rist\u00f6ministeri Monique Barbut. Aiemmin my\u00f6s Belgia&hellip;\n","protected":false},"author":2,"featured_media":340494,"comment_status":"","ping_status":"","sticky":false,"template":"","format":"standard","meta":{"footnotes":"","_share_on_mastodon":"0"},"categories":[117],"tags":[1902,1775,33,31,30,1709,1096,72,476,1422,710,118,32,119,56,477],"class_list":["post-340493","post","type-post","status-publish","format-standard","has-post-thumbnail","category-luonto","tag-belgia","tag-britannia","tag-fi","tag-finland","tag-finnish","tag-helle","tag-ilmasto","tag-luonto","tag-nature","tag-ranska","tag-saa","tag-science","tag-suomi","tag-tiede","tag-ulkomaat","tag-wildlife"],"share_on_mastodon":{"url":"https:\/\/pubeurope.com\/@fi\/117207961631285078","error":""},"_links":{"self":[{"href":"https:\/\/www.europesays.com\/fi\/wp-json\/wp\/v2\/posts\/340493","targetHints":{"allow":["GET"]}}],"collection":[{"href":"https:\/\/www.europesays.com\/fi\/wp-json\/wp\/v2\/posts"}],"about":[{"href":"https:\/\/www.europesays.com\/fi\/wp-json\/wp\/v2\/types\/post"}],"author":[{"embeddable":true,"href":"https:\/\/www.europesays.com\/fi\/wp-json\/wp\/v2\/users\/2"}],"replies":[{"embeddable":true,"href":"https:\/\/www.europesays.com\/fi\/wp-json\/wp\/v2\/comments?post=340493"}],"version-history":[{"count":0,"href":"https:\/\/www.europesays.com\/fi\/wp-json\/wp\/v2\/posts\/340493\/revisions"}],"wp:featuredmedia":[{"embeddable":true,"href":"https:\/\/www.europesays.com\/fi\/wp-json\/wp\/v2\/media\/340494"}],"wp:attachment":[{"href":"https:\/\/www.europesays.com\/fi\/wp-json\/wp\/v2\/media?parent=340493"}],"wp:term":[{"taxonomy":"category","embeddable":true,"href":"https:\/\/www.europesays.com\/fi\/wp-json\/wp\/v2\/categories?post=340493"},{"taxonomy":"post_tag","embeddable":true,"href":"https:\/\/www.europesays.com\/fi\/wp-json\/wp\/v2\/tags?post=340493"}],"curies":[{"name":"wp","href":"https:\/\/api.w.org\/{rel}","templated":true}]}}