{"id":340495,"date":"2026-09-03T16:15:14","date_gmt":"2026-09-03T16:15:14","guid":{"rendered":"https:\/\/www.europesays.com\/fi\/340495\/"},"modified":"2026-09-03T16:15:14","modified_gmt":"2026-09-03T16:15:14","slug":"toni-wirtasen-ja-tuukka-temosen-ystavyyden-kehitys-apulanta-yhtyeessa","status":"publish","type":"post","link":"https:\/\/www.europesays.com\/fi\/340495\/","title":{"rendered":"Toni Wirtasen ja Tuukka Temosen yst\u00e4vyyden kehitys Apulanta-yhtyeess\u00e4"},"content":{"rendered":"<p>            Atte Kajova, Matti Matikainen\n        <\/p>\n<p class=\"subtitle \">Toni avasi sanaisen arkkunsa v\u00e4leist\u00e4\u00e4n Tuukkaan. Kaksikolla on takanaan mutkikas menneisyys.<\/p>\n<p class=\"article-content article-content-width !bg-background\"> ja  90-luvulla alkanut yst\u00e4vyys viileni pitk\u00e4ksi aikaa, kun kaksikon v\u00e4linen j\u00e4nnite Apulanta-yhtyeen b\u00e4nditreeneiss\u00e4 yltyi.<\/p>\n<p class=\"font-weight-bold m-font-weight-bold article-content article-content-width !bg-background\">Katso my\u00f6s! Oletko pirullinen ihminen?<\/p>\n<p class=\"article-content article-content-width !bg-background\">Kaksikko on kuvaillut v\u00e4lej\u00e4\u00e4n vuosien varrella veljellisiksi, mutta eritavoin problemaattisiksi.<\/p>\n<p>        <a itemprop=\"url\" href=\"https:\/\/www.seiska.fi\/kotimaa\/apulannan-tuukka-temonen-nakee-painajaisia-toni-wirtasesta\/124070\" rel=\"nofollow noopener\" target=\"_blank\"><\/p>\n<p class=\"section-date\">\n        <strong class=\"article-section\" data-section=\"kotimaa\"><br \/>\n            kotimaa<br \/>\n        <\/strong><br \/>\n        17.3.2023 08:45\n    <\/p>\n<p>Apulannan Tuukka Temonen n\u00e4kee painajaisia Toni Wirtasesta\n    <\/p>\n<p>        <\/a><\/p>\n<p class=\"article-content article-content-width !bg-background\">Tonin mukaan tilanne on nyky\u00e4\u00e4n parempi.<\/p>\n<p class=\"article-content article-content-width !bg-background\">\u2013 Me ollaan koettu asioita, joita kukaan ei voi vied\u00e4 pois tai vastaavanlaista kokea, h\u00e4n lausuu Seiskalle Pirunpelin lehdist\u00f6tilaisuudessa tiistaina (25.8.).\u00a0<\/p>\n<p class=\"article-content article-content-width !bg-background\">\u2013 Se nuoren b\u00e4ndin nousu, ainutlaatuinen veljeys ja muskettisoturimeininki&#8230; ei sit\u00e4 sidett\u00e4 voi kukaan koskaan vied\u00e4 pois.<\/p>\n<p>                <img decoding=\"async\" src=\"https:\/\/www.europesays.com\/fi\/wp-content\/uploads\/2026\/09\/2252725.webp\" width=\"576\" height=\"720\" alt=\"Toni n\u00e4hd\u00e4\u00e4n MTV:n Pirunpelin uuden tuotantokauden panelistina. Kausi starttaa MTV:ll\u00e4 ja Katsomossa keskiviikkonsa 16. syyskuuta.\" loading=\"lazy\" \/>            <\/p>\n<p>\n            Toni n\u00e4hd\u00e4\u00e4n MTV:n Pirunpelin uuden tuotantokauden panelistina. Kausi starttaa MTV:ll\u00e4 ja Katsomossa keskiviikkonsa 16. syyskuuta.<br \/>\n            Atte Kajova\n        <\/p>\n<p class=\"article-content article-content-width !bg-background\">Yst\u00e4vysten v\u00e4lit ovat viimevuosina l\u00e4hentyneet hitaasti.<\/p>\n<p class=\"article-content article-content-width !bg-background\">\u2013 Ei me nyt hirveesti hengailla, mutta joskus sit\u00e4kin ja se on hienoa.<\/p>\n<p>        <a itemprop=\"url\" href=\"https:\/\/www.seiska.fi\/kotimaa\/tunnistaisitko-toni-wirtanen-ja-tuukka-temonen-ikivanhassa-apulanta-kuvassa-teravan-nakoista-jengia\/364489\" rel=\"nofollow noopener\" target=\"_blank\"><\/p>\n<p>\nKATSO KUVAT\n<\/p>\n<p class=\"section-date\">\n        <strong class=\"article-section\" data-section=\"kotimaa\"><br \/>\n            kotimaa<br \/>\n        <\/strong><br \/>\n        1.9.2020 22:02\n    <\/p>\n<p>Tunnistaisitko?! Toni Wirtanen ja Tuukka Temonen ikivanhassa Apulanta-kuvassa: &#8221;Ter\u00e4v\u00e4n n\u00e4k\u00f6ist\u00e4 jengi\u00e4&#8221;\n    <\/p>\n<p>        <\/a><\/p>\n<p class=\"article-content article-content-width !bg-background\">Toni ei usko Tuukan kaipaavan takaisin Apulantaan.\u00a0<\/p>\n<p class=\"article-content article-content-width !bg-background\">\u2013 En usko, ett\u00e4 Tuukka kaipaa t\u00e4st\u00e4 mit\u00e4\u00e4n, h\u00e4n pohtii.<\/p>\n<p class=\"article-content article-content-width !bg-background\">\u2013 H\u00e4n kuitenkin esimerkiksi l\u00e4hti meille keikkaturistiksi nyt kes\u00e4ll\u00e4, ja k\u00e4y aina v\u00e4lill\u00e4 sill\u00e4 tavoin fiilistelem\u00e4ss\u00e4, Toni paljastaa.\u00a0<\/p>\n<p>Problemaattiset v\u00e4lit<\/p>\n<p class=\"article-content article-content-width !bg-background\">Tuukka erosi b\u00e4ndist\u00e4 vuonna 2004 oltuaan siin\u00e4 11 vuoden ajan.<\/p>\n<p>                <img decoding=\"async\" src=\"https:\/\/www.europesays.com\/fi\/wp-content\/uploads\/2026\/09\/2252738.webp\" width=\"576\" height=\"720\" alt=\"B\u00e4ndieronsa j\u00e4lkeen Tuukka l\u00e4hti luomaan uraa tv- ja elokuva-alalla. H\u00e4net tunnetaan nykyisin ohjaajana, jonka k\u00e4sialaa on my\u00f6s vuonna 2016 julkaistun Apulannan synnyst\u00e4 kertova Teit meist\u00e4 kauniin -elokuva.\" loading=\"lazy\" \/>            <\/p>\n<p>\n            B\u00e4ndieronsa j\u00e4lkeen Tuukka l\u00e4hti luomaan uraa tv- ja elokuva-alalla. H\u00e4net tunnetaan nykyisin ohjaajana, jonka k\u00e4sialaa on my\u00f6s vuonna 2016 julkaistun Apulannan synnyst\u00e4 kertova Teit meist\u00e4 kauniin -elokuva.<br \/>\n            Matti Matikainen\n        <\/p>\n<p class=\"article-content article-content-width !bg-background\">Vuonna 2014 kaksikko kuvaili v\u00e4lej\u00e4\u00e4n <a href=\"https:\/\/www.is.fi\/musiikki\/art-2000000815233.html\" target=\"_blank\" rel=\"nofollow noopener\">Ilta-Sanomille<\/a> riitaisaksi veljeydeksi. Tuukka kertoi ottaneensa l\u00e4ht\u00f6ns\u00e4 j\u00e4lkeen usean vuoden pes\u00e4eron b\u00e4ndiin.<\/p>\n<p class=\"article-content article-content-width !bg-background\">\u2013 Sipe ja Toni halusivat aina olla rokkit\u00e4hti\u00e4, min\u00e4 halusin olla elokuvaohjaaja, Tuukka lausui tuolloin IS:lle. <\/p>\n<p class=\"article-content article-content-width !bg-background\"> \u2013 Tuukka ei ollut b\u00e4ndi-ihminen. Toki Tuukankin suhtautuminen muuttui vuosien kuluessa, ket\u00e4p\u00e4 parikymppist\u00e4 ei huvittaisi olla rokkistarba. Kyll\u00e4 Tuukkakin siit\u00e4 nautti, Toni summasi. <\/p>\n","protected":false},"excerpt":{"rendered":"Atte Kajova, Matti Matikainen Toni avasi sanaisen arkkunsa v\u00e4leist\u00e4\u00e4n Tuukkaan. Kaksikolla on takanaan mutkikas menneisyys. ja 90-luvulla alkanut&hellip;\n","protected":false},"author":2,"featured_media":340496,"comment_status":"","ping_status":"","sticky":false,"template":"","format":"standard","meta":{"footnotes":"","_share_on_mastodon":"0"},"categories":[136],"tags":[5978,5768,407,137,33,31,30,408,212,32,2979,2721,109,7664],"class_list":["post-340495","post","type-post","status-publish","format-standard","has-post-thumbnail","category-julkkikset","tag-apulanta","tag-bandi","tag-celebrities","tag-entertainment","tag-fi","tag-finland","tag-finnish","tag-julkkikset","tag-lifestyle","tag-suomi","tag-toni-wirtanen","tag-tuukka-temonen","tag-viihde","tag-ystavyyssuhteet"],"share_on_mastodon":{"url":"https:\/\/pubeurope.com\/@fi\/117208005680481692","error":""},"_links":{"self":[{"href":"https:\/\/www.europesays.com\/fi\/wp-json\/wp\/v2\/posts\/340495","targetHints":{"allow":["GET"]}}],"collection":[{"href":"https:\/\/www.europesays.com\/fi\/wp-json\/wp\/v2\/posts"}],"about":[{"href":"https:\/\/www.europesays.com\/fi\/wp-json\/wp\/v2\/types\/post"}],"author":[{"embeddable":true,"href":"https:\/\/www.europesays.com\/fi\/wp-json\/wp\/v2\/users\/2"}],"replies":[{"embeddable":true,"href":"https:\/\/www.europesays.com\/fi\/wp-json\/wp\/v2\/comments?post=340495"}],"version-history":[{"count":0,"href":"https:\/\/www.europesays.com\/fi\/wp-json\/wp\/v2\/posts\/340495\/revisions"}],"wp:featuredmedia":[{"embeddable":true,"href":"https:\/\/www.europesays.com\/fi\/wp-json\/wp\/v2\/media\/340496"}],"wp:attachment":[{"href":"https:\/\/www.europesays.com\/fi\/wp-json\/wp\/v2\/media?parent=340495"}],"wp:term":[{"taxonomy":"category","embeddable":true,"href":"https:\/\/www.europesays.com\/fi\/wp-json\/wp\/v2\/categories?post=340495"},{"taxonomy":"post_tag","embeddable":true,"href":"https:\/\/www.europesays.com\/fi\/wp-json\/wp\/v2\/tags?post=340495"}],"curies":[{"name":"wp","href":"https:\/\/api.w.org\/{rel}","templated":true}]}}