{"id":340497,"date":"2026-09-03T16:18:15","date_gmt":"2026-09-03T16:18:15","guid":{"rendered":"https:\/\/www.europesays.com\/fi\/340497\/"},"modified":"2026-09-03T16:18:15","modified_gmt":"2026-09-03T16:18:15","slug":"erikoisjoukot-sarjan-6-kausi-alkaa-robin-hendry-paljastaa-kouluttajien-vastuun-ja-vaimonsa-vaikutuksen","status":"publish","type":"post","link":"https:\/\/www.europesays.com\/fi\/340497\/","title":{"rendered":"Erikoisjoukot-sarjan 6. kausi alkaa \u2013 Robin Hendry paljastaa kouluttajien vastuun ja vaimonsa vaikutuksen"},"content":{"rendered":"<p>            Atte Kajova\/Aller Media\n        <\/p>\n<p class=\"subtitle \">Erikoisjoukot-sarjan kouluttaja avautuu vaimonsa roolista.<\/p>\n<p class=\"article-content article-content-width !bg-background\">Erikoisjoukot-sarjasta alkavat uudet kuudennen tuotantokauden jaksot 3. syyskuuta.<\/p>\n<p class=\"article-content article-content-width !bg-background\">Kaudella n\u00e4hd\u00e4\u00e4n tuttu kouluttajaporukka , p\u00e4\u00e4kouluttaja  sek\u00e4 uudet julkkiskilpailijat.<\/p>\n<p>        <a itemprop=\"url\" href=\"https:\/\/www.seiska.fi\/katso\/tassa-ovat-uudet-erikoisjoukot-kokelaat-mukana-taas-uusi-kansanedustaja\/2231053\" rel=\"nofollow noopener\" target=\"_blank\"><\/p>\n<p>\nT\u00e4ss\u00e4 ovat uudet kokelaat\n<\/p>\n<p class=\"section-date\">\n        <strong class=\"article-section\" data-section=\"katso\"><br \/>\n            katso<br \/>\n        <\/strong><br \/>\n        10.8. 09:25\n    <\/p>\n<p>T\u00e4ss\u00e4 ovat uudet Erikoisjoukot-kokelaat \u2013 mukana taas uusi kansanedustaja\n    <\/p>\n<p itemprop=\"description\" class=\"subtitle \">\n    Erikoisjoukkojen uusi kausi alkaa torstaina 3.9.\n<\/p>\n<p>        <\/a><\/p>\n<p>Kiitokset kotiin<\/p>\n<p class=\"article-content article-content-width !bg-background\">Erikoisjoukoista kuvattiin kes\u00e4n alussa per\u00e4kanaa sek\u00e4 syyskuun alussa alkava kuudes kausi ett\u00e4 ensi vuonna n\u00e4ht\u00e4v\u00e4 seitsem\u00e4s kausi. Tiiviist\u00e4 kuvaustahdista huolimatta Robinille j\u00e4i aikaa my\u00f6s ladata akkuja.<\/p>\n<p class=\"article-content article-content-width !bg-background\">\u2013 Pitk\u00e4st\u00e4 aikaa oli aika leppoisa kes\u00e4. Tuli lomailtua perheen kanssa, Robin Hendry kertoo Katsolle.<\/p>\n<p>                <img decoding=\"async\" src=\"https:\/\/www.europesays.com\/fi\/wp-content\/uploads\/2026\/09\/2251114.webp\" width=\"576\" height=\"720\" title=\"Robin Hendry puhui Katsolle Erikoisjoukkojen elokuussa pidetyss\u00e4 pressiss\u00e4.\" alt=\"Erikoisjoukot Robin Hendry\" loading=\"lazy\" \/>            <\/p>\n<p>\n            Robin Hendry puhui Katsolle Erikoisjoukkojen elokuussa pidetyss\u00e4 pressiss\u00e4.<br \/>\n            Atte Kajova\n        <\/p>\n<p class=\"article-content article-content-width !bg-background\">Robinin kotona elet\u00e4\u00e4n vauva-arkea t\u00e4n\u00e4 kev\u00e4\u00e4n\u00e4 syntyneen tytt\u00f6vauvan kanssa. Lis\u00e4ksi Robinilla on vaimonsa  kanssa kaksi alle kouluik\u00e4ist\u00e4 poikaa.<\/p>\n<p>Tv-sarjan kuvausten ja perhe-el\u00e4m\u00e4n yhdist\u00e4misen salaisuus on Robinin mukaan vaimo.<\/p>\n<p class=\"article-content article-content-width !bg-background\">\u2013 Kyll\u00e4 kaiken kantavin voima on se, ett\u00e4 on t\u00e4ydellinen puoliso kotona, joka mahdollistaa n\u00e4iden projektien tekemisen. Suuri kiitos siit\u00e4, Robin kiittelee puolisoaan.<\/p>\n<p>        <a itemprop=\"url\" href=\"https:\/\/www.seiska.fi\/katso\/erikoisjoukot-kouluttajat-kyllastyvat-tottelemattomaan-kokelaaseen\/2249561\" rel=\"nofollow noopener\" target=\"_blank\"><\/p>\n<p>\nErikoisjoukot:\n<\/p>\n<p class=\"section-date\">\n        <strong class=\"article-section\" data-section=\"katso\"><br \/>\n            katso<br \/>\n        <\/strong><br \/>\n        2.9. 05:15\n    <\/p>\n<p>Erikoisjoukot: Kouluttajat kyll\u00e4styv\u00e4t tottelemattomaan kokelaaseen\n    <\/p>\n<p itemprop=\"description\" class=\"subtitle \">\n    Yksi kokelaista saa ensimm\u00e4isen\u00e4 Erikoisjoukkojen leirip\u00e4iv\u00e4n\u00e4 kouluttajien kiukut niskaansa.\n<\/p>\n<p>        <\/a><\/p>\n<p>Kouluttajalla on iso vastuu<\/p>\n<p class=\"article-content article-content-width !bg-background\">\u00c4\u00e4rimm\u00e4isen vaativassa ja fyysisess\u00e4 realitykisassa tulee v\u00e4lill\u00e4 vammoja. Kilpailijan vointi saattaa heikenty\u00e4 my\u00f6s yll\u00e4tt\u00e4en kesken haasteen. Turvallisuusasiat otetaan vakavasti.<\/p>\n<p class=\"article-content article-content-width !bg-background\">\u2013 Kouluttajilla on iso vastuu. Olemme l\u00e4hinn\u00e4 kokelaita ja takaraivossa on turvallisuus. Katsojille meno voi n\u00e4ytt\u00e4\u00e4 v\u00e4linpit\u00e4m\u00e4tt\u00f6m\u00e4lt\u00e4, mutta kolmella meist\u00e4 on ensihoitajan koulutus ja tied\u00e4mme ihmisten rajat.<\/p>\n<p>                <img decoding=\"async\" src=\"https:\/\/www.europesays.com\/fi\/wp-content\/uploads\/2026\/09\/2251111.webp\" width=\"576\" height=\"274\" title=\"Robin Hendry paljastaa, ett\u00e4 armottomuus Erikoisjoukot-sarjassa on rooli.\" alt=\"Erikoisjoukot kausi 6. Robin Hendry\" loading=\"lazy\" \/>            <\/p>\n<p>\n            Robin Hendry paljastaa, ett\u00e4 armottomuus Erikoisjoukot-sarjassa on rooli.<br \/>\n            Jere Hietala\/Sanoma\n        <\/p>\n<p class=\"article-content article-content-width !bg-background\">Robinin mielest\u00e4 Erikoisjoukot-sarjan kouluttajat eiv\u00e4t tosiel\u00e4m\u00e4ss\u00e4 vastaa sit\u00e4 armotonta kuvaa, jonka heist\u00e4 tv:n perusteella ehk\u00e4 saa.<\/p>\n<p class=\"article-content article-content-width !bg-background\">\u2013 Onhan meill\u00e4 rooli p\u00e4\u00e4ll\u00e4, ett\u00e4 koulutuksesta saadaan kokelaille autenttinen kokemus, h\u00e4n tunnustaa.<\/p>\n<p>        <a itemprop=\"url\" href=\"https:\/\/www.seiska.fi\/katso\/erikoisjoukkojen-janne-lehtonen-naiset-ovat-usein-kovempia-paastaan\/2242926\" rel=\"nofollow noopener\" target=\"_blank\"><\/p>\n<p>\nErikoisjoukkojen Janne Lehtonen:\n<\/p>\n<p class=\"section-date\">\n        <strong class=\"article-section\" data-section=\"katso\"><br \/>\n            katso<br \/>\n        <\/strong><br \/>\n        26.8. 05:15\n    <\/p>\n<p>Erikoisjoukkojen Janne Lehtonen: Naiset ovat usein kovempia p\u00e4\u00e4st\u00e4\u00e4n\n    <\/p>\n<p itemprop=\"description\" class=\"subtitle \">\n    Suosikkisarjan p\u00e4\u00e4kouluttaja paljastaa katsojia askarruttaneen asian.\n<\/p>\n<p>        <\/a><\/p>\n<p>Lapset opettavat resilienssi\u00e4<\/p>\n<p class=\"article-content article-content-width !bg-background\">Lasten kasvatukseen Erikoisjoukkojen koulutustaidoista ei ole Robinin mukaan kovinkaan paljon apua. Kasvatusta tapahtuu lasten kanssa puolin ja toisin.<\/p>\n<p class=\"article-content article-content-width !bg-background\">\u2013 Eniten oppia ja resilienssi\u00e4 saa siit\u00e4, kun kolme lasta huutaa, Robin sanoo.<\/p>\n<p class=\"article-content article-content-width !bg-background\">Resilienssill\u00e4 tarkoitetaan muun muassa kyky\u00e4 kest\u00e4\u00e4 kriisej\u00e4 sek\u00e4 kyky\u00e4 sopeutua erilaisiin tilanteisiin. Robinin suhtautuu huumorilla toimittajan ehdotukseen, ett\u00e4 lasten huutoa hy\u00f6dynnett\u00e4isiin Erikoisjoukot-sarjan haasteteht\u00e4v\u00e4ss\u00e4.<\/p>\n<p class=\"article-content article-content-width !bg-background\">\u2013 Olisi hyv\u00e4 teht\u00e4v\u00e4, ett\u00e4 olisi huone, jossa huutaisi kolme n\u00e4lk\u00e4ist\u00e4 lasta, h\u00e4n vitsailee.<\/p>\n<p>        <a itemprop=\"url\" href=\"https:\/\/www.seiska.fi\/katso\/erikoisjoukot-matias-petaisto-esittelee-kouluttajatiimin-uuden-komistuksen\/2232659\" rel=\"nofollow noopener\" target=\"_blank\"><\/p>\n<p>\nErikoisjoukkojen uusi kausi:\n<\/p>\n<p class=\"section-date\">\n        <strong class=\"article-section\" data-section=\"katso\"><br \/>\n            katso<br \/>\n        <\/strong><br \/>\n        12.8. 13:15\n    <\/p>\n<p>Erikoisjoukot: Matias Pet\u00e4ist\u00f6 esittelee kouluttajatiimin uuden komistuksen\n    <\/p>\n<p itemprop=\"description\" class=\"subtitle \">\n    Sarjan kuudennella kaudella n\u00e4hd\u00e4\u00e4n uusi suloinen tulokas.\n<\/p>\n<p>        <\/a><\/p>\n<p>Haasteissa on tietty raja<\/p>\n<p class=\"article-content article-content-width !bg-background\">Kouluttajakollegansa Matias Pet\u00e4ist\u00f6n tapaan Robin arvelee motivaatiomontun kuuluvan sarjan pel\u00e4tyimpiin teht\u00e4viin.<\/p>\n<p class=\"article-content article-content-width !bg-background\">\u2013 Motivaatiomonttu on ehk\u00e4 pel\u00e4tyin. Pitk\u00e4kestoinen suoritus vaatii sitkeytt\u00e4. Helikopterista pudottautuminen voi olla tietyll\u00e4 tavalla pelottavampaa, mutta se ei kest\u00e4 niin kauan.<\/p>\n<p>                <img decoding=\"async\" src=\"https:\/\/www.europesays.com\/fi\/wp-content\/uploads\/2026\/09\/2251128.webp\" width=\"576\" height=\"274\" title=\"Erikoisjoukkojen kuudennella kaudella koulitaan 15 julkkiskokelasta.\" alt=\"Erikoisjoukot kausi 6. kokelaat\" loading=\"lazy\" \/>            <\/p>\n<p>\n            Erikoisjoukkojen kuudennella kaudella koulitaan 15 julkkiskokelasta.<br \/>\n            Atte Kajova\/Aller Media\n        <\/p>\n<p class=\"article-content article-content-width !bg-background\">Kouluttajat ovat jonkin verran mukana ideoimassa\u00a0Erikoisjoukot-sarjan haasteita, joissa on tietty raja.<\/p>\n<p class=\"article-content article-content-width !bg-background\">\u2013 Haasteet suunnitellaan yhdess\u00e4 k\u00e4sikirjoittajan, ohjaajan ja tuottajan kanssa. Otetaan vaikutteita muista maista ja yritet\u00e4\u00e4n l\u00f6yt\u00e4\u00e4 uutta ja mielenkiintoista. Samalla pit\u00e4\u00e4 varoa, ett\u00e4 ei mene sillisalaatiksi tai\u00a0Pelkokertoimeksi, Robin kuvailee.<\/p>\n<p>        <a itemprop=\"url\" href=\"https:\/\/www.seiska.fi\/katso\/erikoisjoukoissa-kisaava-karim-rapatti-rakastan-jos-mulle-huudetaan-1\/2242751\" rel=\"nofollow noopener\" target=\"_blank\"><\/p>\n<p>\nErikoisjoukoissa kisaava Karim Rapatti:\n<\/p>\n<p class=\"section-date\">\n        <strong class=\"article-section\" data-section=\"katso\"><br \/>\n            katso<br \/>\n        <\/strong><br \/>\n        25.8. 09:15\n    <\/p>\n<p>Erikoisjoukoissa kisaava Karim Rapatti: &#8221;Rakastan jos mulle huudetaan&#8221;\n    <\/p>\n<p itemprop=\"description\" class=\"subtitle \">\n    N\u00e4yttelij\u00e4 l\u00f6ysi rankassa realitykisassa itsest\u00e4\u00e4n lis\u00e4vaihteen.\n<\/p>\n<p>        <\/a><\/p>\n<p class=\"italic m-italic article-content article-content-width !bg-background\">Erikoisjoukot-sarjan 6. kausi Nelosella ja Ruudussa 3.9.<\/p>\n","protected":false},"excerpt":{"rendered":"Atte Kajova\/Aller Media Erikoisjoukot-sarjan kouluttaja avautuu vaimonsa roolista. Erikoisjoukot-sarjasta alkavat uudet kuudennen tuotantokauden jaksot 3. syyskuuta. Kaudella n\u00e4hd\u00e4\u00e4n&hellip;\n","protected":false},"author":2,"featured_media":340498,"comment_status":"","ping_status":"","sticky":false,"template":"","format":"standard","meta":{"footnotes":"","_share_on_mastodon":"0"},"categories":[133],"tags":[137,2159,33,31,30,2155,2156,1758,98,1944,41979,2157,2158,32,206,156,109],"class_list":["post-340497","post","type-post","status-publish","format-standard","has-post-thumbnail","category-televisiot","tag-entertainment","tag-erikoisjoukot","tag-fi","tag-finland","tag-finnish","tag-janne-lehtonen","tag-matias-petaisto","tag-nelonen","tag-perhe","tag-realitysarja","tag-resilienssi","tag-robin-hendry","tag-ruutu","tag-suomi","tag-televisiot","tag-tv","tag-viihde"],"share_on_mastodon":{"url":"https:\/\/pubeurope.com\/@fi\/117208017463785427","error":""},"_links":{"self":[{"href":"https:\/\/www.europesays.com\/fi\/wp-json\/wp\/v2\/posts\/340497","targetHints":{"allow":["GET"]}}],"collection":[{"href":"https:\/\/www.europesays.com\/fi\/wp-json\/wp\/v2\/posts"}],"about":[{"href":"https:\/\/www.europesays.com\/fi\/wp-json\/wp\/v2\/types\/post"}],"author":[{"embeddable":true,"href":"https:\/\/www.europesays.com\/fi\/wp-json\/wp\/v2\/users\/2"}],"replies":[{"embeddable":true,"href":"https:\/\/www.europesays.com\/fi\/wp-json\/wp\/v2\/comments?post=340497"}],"version-history":[{"count":0,"href":"https:\/\/www.europesays.com\/fi\/wp-json\/wp\/v2\/posts\/340497\/revisions"}],"wp:featuredmedia":[{"embeddable":true,"href":"https:\/\/www.europesays.com\/fi\/wp-json\/wp\/v2\/media\/340498"}],"wp:attachment":[{"href":"https:\/\/www.europesays.com\/fi\/wp-json\/wp\/v2\/media?parent=340497"}],"wp:term":[{"taxonomy":"category","embeddable":true,"href":"https:\/\/www.europesays.com\/fi\/wp-json\/wp\/v2\/categories?post=340497"},{"taxonomy":"post_tag","embeddable":true,"href":"https:\/\/www.europesays.com\/fi\/wp-json\/wp\/v2\/tags?post=340497"}],"curies":[{"name":"wp","href":"https:\/\/api.w.org\/{rel}","templated":true}]}}